{"id":230032,"date":"2025-07-06T08:34:15","date_gmt":"2025-07-06T08:34:15","guid":{"rendered":"https:\/\/www.europesays.com\/fr\/230032\/"},"modified":"2025-07-06T08:34:15","modified_gmt":"2025-07-06T08:34:15","slug":"photos-soprano-et-kendji-mettent-le-feu-au-nancy-open-air","status":"publish","type":"post","link":"https:\/\/www.europesays.com\/fr\/230032\/","title":{"rendered":"Photos. Soprano et Kendji mettent le feu au Nancy Open Air"},"content":{"rendered":"<p>Explosion de talents au Nancy Open Air ! Sous un ciel d\u2019\u00e9t\u00e9 embras\u00e9, Kendji et Soprano ont \u00e9lectris\u00e9 la sc\u00e8ne avec leurs musiques. Le public a chant\u00e9 sur les rythmes gitan-urbano de Kendji et le flow pop-rap effervescent de Soprano qui a illumin\u00e9 la sc\u00e8ne de pyrotechnie grandiose et d&rsquo;une \u00e9nergie contagieuse. Deux concerts qui en\u00a0ont mis plein les yeux et les oreilles aux\u00a012500 spectateurs venus vibrer, souvent en famille, au rythme du feu.<\/p>\n","protected":false},"excerpt":{"rendered":"Explosion de talents au Nancy Open Air ! Sous un ciel d\u2019\u00e9t\u00e9 embras\u00e9, Kendji et Soprano ont \u00e9lectris\u00e9&hellip;\n","protected":false},"author":2,"featured_media":230033,"comment_status":"","ping_status":"","sticky":false,"template":"","format":"standard","meta":{"footnotes":""},"categories":[9635],"tags":[1111,11,1687,1707,1704,1706,1705,1777,674,1011,27,775,873,1702,12,25,3140],"class_list":{"0":"post-230032","1":"post","2":"type-post","3":"status-publish","4":"format-standard","5":"has-post-thumbnail","7":"category-nancy","8":"tag-actu","9":"tag-actualites","10":"tag-culture-loisirs","11":"tag-edition-luneville","12":"tag-edition-nancy-et-agglomeration","13":"tag-edition-pont-a-mousson","14":"tag-edition-toul","15":"tag-eu","16":"tag-europe","17":"tag-fr","18":"tag-france","19":"tag-grand-est","20":"tag-musique","21":"tag-nancy","22":"tag-news","23":"tag-republique-francaise","24":"tag-spectacle"},"share_on_mastodon":{"url":"https:\/\/pubeurope.com\/@fr\/114805372588089081","error":""},"_links":{"self":[{"href":"https:\/\/www.europesays.com\/fr\/wp-json\/wp\/v2\/posts\/230032","targetHints":{"allow":["GET"]}}],"collection":[{"href":"https:\/\/www.europesays.com\/fr\/wp-json\/wp\/v2\/posts"}],"about":[{"href":"https:\/\/www.europesays.com\/fr\/wp-json\/wp\/v2\/types\/post"}],"author":[{"embeddable":true,"href":"https:\/\/www.europesays.com\/fr\/wp-json\/wp\/v2\/users\/2"}],"replies":[{"embeddable":true,"href":"https:\/\/www.europesays.com\/fr\/wp-json\/wp\/v2\/comments?post=230032"}],"version-history":[{"count":0,"href":"https:\/\/www.europesays.com\/fr\/wp-json\/wp\/v2\/posts\/230032\/revisions"}],"wp:featuredmedia":[{"embeddable":true,"href":"https:\/\/www.europesays.com\/fr\/wp-json\/wp\/v2\/media\/230033"}],"wp:attachment":[{"href":"https:\/\/www.europesays.com\/fr\/wp-json\/wp\/v2\/media?parent=230032"}],"wp:term":[{"taxonomy":"category","embeddable":true,"href":"https:\/\/www.europesays.com\/fr\/wp-json\/wp\/v2\/categories?post=230032"},{"taxonomy":"post_tag","embeddable":true,"href":"https:\/\/www.europesays.com\/fr\/wp-json\/wp\/v2\/tags?post=230032"}],"curies":[{"name":"wp","href":"https:\/\/api.w.org\/{rel}","templated":true}]}}