{"id":230034,"date":"2025-07-06T08:35:12","date_gmt":"2025-07-06T08:35:12","guid":{"rendered":"https:\/\/www.europesays.com\/fr\/230034\/"},"modified":"2025-07-06T08:35:12","modified_gmt":"2025-07-06T08:35:12","slug":"nancy-lycee-georges-de-la-tour-bac-2025-mention-tres-bien-apolline-neugnot-16-ans-bac-general","status":"publish","type":"post","link":"https:\/\/www.europesays.com\/fr\/230034\/","title":{"rendered":"Nancy, lyc\u00e9e Georges-de-la-Tour | Bac 2025 Mention Tr\u00e8s Bien. Apolline Neugnot, 16 ans, bac g\u00e9n\u00e9ral"},"content":{"rendered":"<p>Apolline Neugnot, 16 ans, r\u00e9sidant \u00e0 Poussay, a d\u00e9croch\u00e9 son bac g\u00e9n\u00e9ral math\u00e9matiques physique chimie avec mention tr\u00e8s bien et f\u00e9licitations du jury avec une moyenne de 18,01. Les math\u00e9matiques constituent sa mati\u00e8re pr\u00e9f\u00e9r\u00e9e, elle a obtenu la note de 20 en math\u00e9matiques et \u00e0 l&rsquo;oral de fran\u00e7ais. Passionn\u00e9e par le sport, la lecture et la politique, Apolline, qui pratique l&rsquo;athl\u00e9tisme, se destine \u00e0 un cursus master en ing\u00e9nierie math\u00e9matiques et applications \u00e0 l&rsquo;universit\u00e9 de La Rochelle. Elle vise le m\u00e9tier de data analyste sportif. Cet \u00e9t\u00e9, elle pr\u00e9voit de passer de bons moments avec sa famille et ses amis.<\/p>\n<p>\u270e R\u00e9dig\u00e9 avec l&rsquo;aide d&rsquo;outils IA et v\u00e9rifi\u00e9 par un journaliste \ud83d\udec8 En savoir plus avec la charte IA d&rsquo;Ebra.<\/p>\n","protected":false},"excerpt":{"rendered":"Apolline Neugnot, 16 ans, r\u00e9sidant \u00e0 Poussay, a d\u00e9croch\u00e9 son bac g\u00e9n\u00e9ral math\u00e9matiques physique chimie avec mention tr\u00e8s&hellip;\n","protected":false},"author":2,"featured_media":230035,"comment_status":"","ping_status":"","sticky":false,"template":"","format":"standard","meta":{"footnotes":""},"categories":[9635],"tags":[1111,11,36609,1704,1057,1777,674,10961,1011,27,775,1702,1703,12,25],"class_list":{"0":"post-230034","1":"post","2":"type-post","3":"status-publish","4":"format-standard","5":"has-post-thumbnail","7":"category-nancy","8":"tag-actu","9":"tag-actualites","10":"tag-baccalaureat-mention-tres-bien","11":"tag-edition-nancy-et-agglomeration","12":"tag-education","13":"tag-eu","14":"tag-europe","15":"tag-examen-diplome","16":"tag-fr","17":"tag-france","18":"tag-grand-est","19":"tag-nancy","20":"tag-nancy-ville-54b","21":"tag-news","22":"tag-republique-francaise"},"share_on_mastodon":{"url":"https:\/\/pubeurope.com\/@fr\/114805376474563391","error":""},"_links":{"self":[{"href":"https:\/\/www.europesays.com\/fr\/wp-json\/wp\/v2\/posts\/230034","targetHints":{"allow":["GET"]}}],"collection":[{"href":"https:\/\/www.europesays.com\/fr\/wp-json\/wp\/v2\/posts"}],"about":[{"href":"https:\/\/www.europesays.com\/fr\/wp-json\/wp\/v2\/types\/post"}],"author":[{"embeddable":true,"href":"https:\/\/www.europesays.com\/fr\/wp-json\/wp\/v2\/users\/2"}],"replies":[{"embeddable":true,"href":"https:\/\/www.europesays.com\/fr\/wp-json\/wp\/v2\/comments?post=230034"}],"version-history":[{"count":0,"href":"https:\/\/www.europesays.com\/fr\/wp-json\/wp\/v2\/posts\/230034\/revisions"}],"wp:featuredmedia":[{"embeddable":true,"href":"https:\/\/www.europesays.com\/fr\/wp-json\/wp\/v2\/media\/230035"}],"wp:attachment":[{"href":"https:\/\/www.europesays.com\/fr\/wp-json\/wp\/v2\/media?parent=230034"}],"wp:term":[{"taxonomy":"category","embeddable":true,"href":"https:\/\/www.europesays.com\/fr\/wp-json\/wp\/v2\/categories?post=230034"},{"taxonomy":"post_tag","embeddable":true,"href":"https:\/\/www.europesays.com\/fr\/wp-json\/wp\/v2\/tags?post=230034"}],"curies":[{"name":"wp","href":"https:\/\/api.w.org\/{rel}","templated":true}]}}