{"id":230040,"date":"2025-07-06T08:41:08","date_gmt":"2025-07-06T08:41:08","guid":{"rendered":"https:\/\/www.europesays.com\/fr\/230040\/"},"modified":"2025-07-06T08:41:08","modified_gmt":"2025-07-06T08:41:08","slug":"des-trains-devies-et-des-temps-de-parcours-allonges","status":"publish","type":"post","link":"https:\/\/www.europesays.com\/fr\/230040\/","title":{"rendered":"des trains d\u00e9vi\u00e9s et des temps de parcours allong\u00e9s"},"content":{"rendered":"<p>            Par<br \/>\n        <strong><br \/>\n            <a href=\"https:\/\/actu.fr\/auteur\/fmass\" title=\"Consulter tous les articles de Fabien Massin\" target=\"_blank\" rel=\"noopener\">Fabien Massin<\/a><br \/>\n        <\/strong><\/p>\n<p>        Publi\u00e9 le<\/p>\n<p>            6 juil. 2025 \u00e0 10h04<br \/>\n        ; mis \u00e0 jour le 6 juil. 2025 \u00e0 10h10    <\/p>\n<p>La circulation des trains<strong> est perturb\u00e9e<\/strong> ce dimanche 6 juillet 2025 sur la ligne <a href=\"https:\/\/actu.fr\/normandie\/seine-maritime_76\" target=\"_blank\" rel=\"noopener\">Paris-Rouen-La Havre<\/a>.\u00a0<\/p>\n<p>Des trajets allong\u00e9s de 40 minutes<\/p>\n<p class=\" wall-content\">En cause, un d\u00e9faut d\u2019alimentation \u00e9lectrique <strong>survenu en gare de Conflans-Sainte-Honorine<\/strong> peu apr\u00e8s 7 heures, informe SNCF Nomad sur son compte Twitter. En cons\u00e9quence, les trains sont d\u00e9vi\u00e9s par l\u2019axe Gisors-Serqueux, entrainant un allongement des temps de parcours de 40 minutes.\u00a0<\/p>\n<p class=\" wall-content\">\n<p class=\" wall-content\">Voici les trains concern\u00e9s : 3107, 3105, 3103, 3104, 3106.\u00a0<\/p>\n<p class=\" wall-content\">Peu apr\u00e8s 9 heures, SNCF Nomad informait : \u00ab\u00a0Les \u00e9quipes techniques <strong>ont localis\u00e9 le d\u00e9faut et pos\u00e9 un diagnostic<\/strong>. La planification des op\u00e9rations de remise en \u00e9tat est en cours. Les r\u00e9parations pourront commencer prochainement.\u00a0\u00bb<\/p>\n<p>Reprise normale vers 17 heures<\/p>\n<p class=\" wall-content\">L\u2019heure de reprise normale des circulations est estim\u00e9e \u00e0 17 heures.\u00a0<\/p>\n<p>Vid\u00e9os : en ce moment sur Actu<\/p>\n<p class=\" wall-content\">\u00ab\u00a0Nous invitons les voyageurs \u00e0 <strong>reporter leur voyage dans la mesure du possible<\/strong>, souligne SNCF Nomad. Les conditions d\u2019\u00e9change et annulation de billet ont \u00e9t\u00e9 all\u00e9g\u00e9es afin de permettre aux voyageurs de se reporter sur un autre train sans frais suppl\u00e9mentaire.\u00a0\u00bb<\/p>\n<p class=\" wall-content\">Les conditions sont \u00e0 retrouver en<a href=\"https:\/\/www.ter.sncf.com\/normandie\/tarifs-cartes\/bypass\" target=\"_blank\" rel=\"noopener\"> cliquant sur ce lien.<\/a>\u00a0<\/p>\n<p>Suivez l\u2019actualit\u00e9 de Rouen sur notre <a href=\"https:\/\/www.whatsapp.com\/channel\/0029VaKfnf99hXF2ddApFB1D\" target=\"_blank\" rel=\"noopener\">cha\u00eene WhatsApp<\/a> et sur notre <a href=\"https:\/\/www.tiktok.com\/@76actu.fr?lang=fr\" target=\"_blank\" rel=\"noopener\">compte TikTok<\/a><\/p>\n<p class=\" wall-content\">Suivez toute l\u2019actualit\u00e9 de vos villes et m\u00e9dias favoris en vous inscrivant \u00e0 <a href=\"https:\/\/moncompte.actu.fr\" title=\"D\u00e9couvez Mon Actu\" rel=\"nofollow noopener\" data-trk=\"{&quot;cta&quot;:{&quot;action&quot;:&quot;https:\\\/\\\/moncompte.actu.fr&quot;,&quot;category&quot;:&quot;mon compte&quot;,&quot;from&quot;:&quot;article footer&quot;,&quot;name&quot;:&quot;Mon actu&quot;,&quot;type&quot;:&quot;cta&quot;}}\" target=\"_blank\">Mon Actu<\/a>.<\/p>\n<p>                    <script async src=\"\/\/www.tiktok.com\/embed.js\"><\/script><\/p>\n","protected":false},"excerpt":{"rendered":"Par Fabien Massin Publi\u00e9 le 6 juil. 2025 \u00e0 10h04 ; mis \u00e0 jour le 6 juil. 2025&hellip;\n","protected":false},"author":2,"featured_media":230041,"comment_status":"","ping_status":"","sticky":false,"template":"","format":"standard","meta":{"footnotes":""},"categories":[9587],"tags":[1111,11,1777,674,118,1011,27,36851,31551,12,5161,25,9590,2215],"class_list":{"0":"post-230040","1":"post","2":"type-post","3":"status-publish","4":"format-standard","5":"has-post-thumbnail","7":"category-rouen","8":"tag-actu","9":"tag-actualites","10":"tag-eu","11":"tag-europe","12":"tag-faits-divers","13":"tag-fr","14":"tag-france","15":"tag-ligne-sncf-serqueux-gisors","16":"tag-lnpn-ligne-nouvelle-paris-normandie","17":"tag-news","18":"tag-normandie","19":"tag-republique-francaise","20":"tag-rouen","21":"tag-sncf"},"share_on_mastodon":{"url":"https:\/\/pubeurope.com\/@fr\/114805400047065557","error":""},"_links":{"self":[{"href":"https:\/\/www.europesays.com\/fr\/wp-json\/wp\/v2\/posts\/230040","targetHints":{"allow":["GET"]}}],"collection":[{"href":"https:\/\/www.europesays.com\/fr\/wp-json\/wp\/v2\/posts"}],"about":[{"href":"https:\/\/www.europesays.com\/fr\/wp-json\/wp\/v2\/types\/post"}],"author":[{"embeddable":true,"href":"https:\/\/www.europesays.com\/fr\/wp-json\/wp\/v2\/users\/2"}],"replies":[{"embeddable":true,"href":"https:\/\/www.europesays.com\/fr\/wp-json\/wp\/v2\/comments?post=230040"}],"version-history":[{"count":0,"href":"https:\/\/www.europesays.com\/fr\/wp-json\/wp\/v2\/posts\/230040\/revisions"}],"wp:featuredmedia":[{"embeddable":true,"href":"https:\/\/www.europesays.com\/fr\/wp-json\/wp\/v2\/media\/230041"}],"wp:attachment":[{"href":"https:\/\/www.europesays.com\/fr\/wp-json\/wp\/v2\/media?parent=230040"}],"wp:term":[{"taxonomy":"category","embeddable":true,"href":"https:\/\/www.europesays.com\/fr\/wp-json\/wp\/v2\/categories?post=230040"},{"taxonomy":"post_tag","embeddable":true,"href":"https:\/\/www.europesays.com\/fr\/wp-json\/wp\/v2\/tags?post=230040"}],"curies":[{"name":"wp","href":"https:\/\/api.w.org\/{rel}","templated":true}]}}