{"id":230042,"date":"2025-07-06T08:43:10","date_gmt":"2025-07-06T08:43:10","guid":{"rendered":"https:\/\/www.europesays.com\/fr\/230042\/"},"modified":"2025-07-06T08:43:10","modified_gmt":"2025-07-06T08:43:10","slug":"le-depart-du-feu-na-pas-eu-de-temoin","status":"publish","type":"post","link":"https:\/\/www.europesays.com\/fr\/230042\/","title":{"rendered":"le d\u00e9part du feu n\u2019a pas eu de t\u00e9moin"},"content":{"rendered":"<p>Les causes de <a href=\"https:\/\/www.ledauphine.com\/faits-divers-justice\/2025\/07\/05\/important-incendie-dans-une-barre-d-immeuble-du-quartier-hoche\" target=\"_blank\" rel=\"nofollow noopener\">l\u2019incendie qui s\u2019est d\u00e9clar\u00e9 samedi<\/a> dans le quartier Hoche \u00e0 Grenoble et dont le bilan d\u00e9finitif est de deux appartements d\u00e9truits et deux autres tr\u00e8s endommag\u00e9s n\u2019\u00e9taient toujours pas connues ce dimanche matin. \u00ab\u00a0Aucune hypoth\u00e8se, qu\u2019elle soit accidentelle ou volontaire, n\u2019est privil\u00e9gi\u00e9e\u00a0\u00bb a indiqu\u00e9 au Dauphin\u00e9 lib\u00e9r\u00e9 une source proche de l\u2019enqu\u00eate.<\/p>\n<p>Ce contenu est bloqu\u00e9 car vous n&rsquo;avez pas accept\u00e9 les cookies et autres traceurs.<\/p>\n<p>En cliquant sur \u00ab J\u2019accepte \u00bb, les cookies et autres traceurs seront d\u00e9pos\u00e9s et vous pourrez visualiser les contenus  (<a href=\"\" class=\"consentModule_policy\" target=\"_blank\" title=\"Consulter la politique de protection des donn\u00e9es du fournisseur\">plus d&rsquo;informations<\/a>).<\/p>\n<p>En cliquant sur \u00ab J\u2019accepte tous les cookies \u00bb, vous autorisez des d\u00e9p\u00f4ts de cookies et autres traceurs pour le stockage de vos donn\u00e9es sur nos sites et applications \u00e0 des fins de personnalisation et de ciblage publicitaire.<\/p>\n<p class=\"consentModule_secondaryText\">Vous gardez la possibilit\u00e9 de retirer votre consentement \u00e0 tout moment en consultant notre <a href=\"https:\/\/www.ledauphine.com\/protection-des-donnees\" target=\"_blank\" title=\"Consulter notre politique de protection des donn\u00e9es\" rel=\"nofollow noopener\">politique de protection des donn\u00e9es<\/a>. <br \/>&#13;<br \/>\n            <a href=\"https:\/\/www.ledauphine.com\/faits-divers-justice\/2025\/07\/06\/javascript:Didomi.notice.show()\" class=\"consentModule_cmp\" rel=\"nofollow noopener\" target=\"_blank\">G\u00e9rer mes choix<\/a>&#13;\n        <\/p>\n<p>&#13;<br \/>\n                        J&rsquo;accepte&#13;<br \/>\n            J&rsquo;accepte tous les cookies&#13;\n        <\/p>\n<p>Selon le m\u00eame interlocuteur, il semble que personne n\u2019ait \u00e9t\u00e9 t\u00e9moin du d\u00e9part de feu, d\u2019autant plus que les locataires de l\u2019appartement du rez-de-chauss\u00e9e o\u00f9 s\u2019est d\u00e9clar\u00e9 le sinistre \u00e9taient absents \u00e0 cet instant.<\/p>\n<p>\u00ab\u00a0Ce qui est certain, c\u2019est qu\u2019aucun \u00e9l\u00e9ment objectif ne permet de dire \u00e0 l\u2019heure actuelle\u00a0que le feu a \u00e9t\u00e9 communiqu\u00e9 par l\u2019intervention d\u2019un tiers\u00a0\u00bb, poursuit-il.<\/p>\n<p>Plusieurs t\u00e9moignages recueillis par Le Dauphin\u00e9 lib\u00e9r\u00e9 sur place samedi font \u00e9tat de la pr\u00e9sence de barbecue et de bouteilles de gaz (qui ont d\u2019ailleurs explos\u00e9) dans une petite cour int\u00e9rieure au rez-de-chauss\u00e9e. Une information confirm\u00e9e par la m\u00eame source proche de l\u2019enqu\u00eate, qui indique que l\u2019\u00e9ventualit\u00e9 d\u2019un incendie accidentel li\u00e9 \u00e0 ces \u00e9l\u00e9ments est bien entendu envisag\u00e9e, sans pour autant qu\u2019elle soit, \u00e0 ce stade, corrobor\u00e9e par des \u00e9l\u00e9ments d\u2019enqu\u00eate factuels.<\/p>\n","protected":false},"excerpt":{"rendered":"Les causes de l\u2019incendie qui s\u2019est d\u00e9clar\u00e9 samedi dans le quartier Hoche \u00e0 Grenoble et dont le bilan&hellip;\n","protected":false},"author":2,"featured_media":230043,"comment_status":"","ping_status":"","sticky":false,"template":"","format":"standard","meta":{"footnotes":""},"categories":[9566],"tags":[1111,11,2430,112,1777,674,274,107,1011,27,2731,2732,1310,108,12,25],"class_list":{"0":"post-230042","1":"post","2":"type-post","3":"status-publish","4":"format-standard","5":"has-post-thumbnail","7":"category-grenoble","8":"tag-actu","9":"tag-actualites","10":"tag-auvergne-rhone-alpes","11":"tag-edition-grenoble-agglomeration","12":"tag-eu","13":"tag-europe","14":"tag-faits-divers-justice","15":"tag-fil-info","16":"tag-fr","17":"tag-france","18":"tag-grenoble","19":"tag-grenoble-bassin","20":"tag-incendie","21":"tag-isere","22":"tag-news","23":"tag-republique-francaise"},"share_on_mastodon":{"url":"https:\/\/pubeurope.com\/@fr\/114805408046713318","error":""},"_links":{"self":[{"href":"https:\/\/www.europesays.com\/fr\/wp-json\/wp\/v2\/posts\/230042","targetHints":{"allow":["GET"]}}],"collection":[{"href":"https:\/\/www.europesays.com\/fr\/wp-json\/wp\/v2\/posts"}],"about":[{"href":"https:\/\/www.europesays.com\/fr\/wp-json\/wp\/v2\/types\/post"}],"author":[{"embeddable":true,"href":"https:\/\/www.europesays.com\/fr\/wp-json\/wp\/v2\/users\/2"}],"replies":[{"embeddable":true,"href":"https:\/\/www.europesays.com\/fr\/wp-json\/wp\/v2\/comments?post=230042"}],"version-history":[{"count":0,"href":"https:\/\/www.europesays.com\/fr\/wp-json\/wp\/v2\/posts\/230042\/revisions"}],"wp:featuredmedia":[{"embeddable":true,"href":"https:\/\/www.europesays.com\/fr\/wp-json\/wp\/v2\/media\/230043"}],"wp:attachment":[{"href":"https:\/\/www.europesays.com\/fr\/wp-json\/wp\/v2\/media?parent=230042"}],"wp:term":[{"taxonomy":"category","embeddable":true,"href":"https:\/\/www.europesays.com\/fr\/wp-json\/wp\/v2\/categories?post=230042"},{"taxonomy":"post_tag","embeddable":true,"href":"https:\/\/www.europesays.com\/fr\/wp-json\/wp\/v2\/tags?post=230042"}],"curies":[{"name":"wp","href":"https:\/\/api.w.org\/{rel}","templated":true}]}}