{"id":230044,"date":"2025-07-06T08:44:16","date_gmt":"2025-07-06T08:44:16","guid":{"rendered":"https:\/\/www.europesays.com\/fr\/230044\/"},"modified":"2025-07-06T08:44:16","modified_gmt":"2025-07-06T08:44:16","slug":"info-va-rennes-un-detenu-en-permission-de-sortie-interpelle-pour-rodeo-urbain","status":"publish","type":"post","link":"https:\/\/www.europesays.com\/fr\/230044\/","title":{"rendered":"[Info VA] Rennes : un d\u00e9tenu en permission de sortie interpell\u00e9 pour rod\u00e9o urbain"},"content":{"rendered":"<p>\t[Info VA] Rennes : un d\u00e9tenu en permission de sortie interpell\u00e9 pour rod\u00e9o urbain &#8211; Valeurs actuelles<\/p>\n<p>            la boutique <img decoding=\"async\" class=\"lazy\" src=\"https:\/\/www.valeursactuelles.com\/assets\/themes\/krea-theme\/images\/valeurs-actuelles-yellow.svg\" title=\"Valeurs actuelles\"\/><\/p>\n<p>                                                            <img decoding=\"async\" class=\"lazy\" src=\"https:\/\/www.europesays.com\/fr\/wp-content\/uploads\/2025\/06\/VA_HS39_001B.jpg\"\/><\/p>\n<p>                                                    Voir le produit<\/p>\n<p>                                                            <img decoding=\"async\" class=\"lazy\" src=\"https:\/\/www.europesays.com\/fr\/wp-content\/uploads\/2025\/06\/WhatsApp-Image-2024-05-28-a-11.48.56_25edefee-1.jpg\"\/><\/p>\n<p>                                                    Voir le produit<\/p>\n<p>                                                            <img decoding=\"async\" class=\"lazy\" src=\"https:\/\/www.europesays.com\/fr\/wp-content\/uploads\/2025\/06\/SM017_001.jpg\"\/><\/p>\n<p>                                                    Voir le produit<\/p>\n","protected":false},"excerpt":{"rendered":"[Info VA] Rennes : un d\u00e9tenu en permission de sortie interpell\u00e9 pour rod\u00e9o urbain &#8211; Valeurs actuelles la&hellip;\n","protected":false},"author":2,"featured_media":230045,"comment_status":"","ping_status":"","sticky":false,"template":"","format":"standard","meta":{"footnotes":""},"categories":[2821],"tags":[1111,11,829,17316,1777,674,1011,27,11272,7841,12,584,25,15695],"class_list":{"0":"post-230044","1":"post","2":"type-post","3":"status-publish","4":"format-standard","5":"has-post-thumbnail","7":"category-rennes","8":"tag-actu","9":"tag-actualites","10":"tag-bretagne","11":"tag-detenus","12":"tag-eu","13":"tag-europe","14":"tag-fr","15":"tag-france","16":"tag-interpellation","17":"tag-motocross","18":"tag-news","19":"tag-rennes","20":"tag-republique-francaise","21":"tag-rodeo-sauvage"},"share_on_mastodon":{"url":"https:\/\/pubeurope.com\/@fr\/114805412249050910","error":""},"_links":{"self":[{"href":"https:\/\/www.europesays.com\/fr\/wp-json\/wp\/v2\/posts\/230044","targetHints":{"allow":["GET"]}}],"collection":[{"href":"https:\/\/www.europesays.com\/fr\/wp-json\/wp\/v2\/posts"}],"about":[{"href":"https:\/\/www.europesays.com\/fr\/wp-json\/wp\/v2\/types\/post"}],"author":[{"embeddable":true,"href":"https:\/\/www.europesays.com\/fr\/wp-json\/wp\/v2\/users\/2"}],"replies":[{"embeddable":true,"href":"https:\/\/www.europesays.com\/fr\/wp-json\/wp\/v2\/comments?post=230044"}],"version-history":[{"count":0,"href":"https:\/\/www.europesays.com\/fr\/wp-json\/wp\/v2\/posts\/230044\/revisions"}],"wp:featuredmedia":[{"embeddable":true,"href":"https:\/\/www.europesays.com\/fr\/wp-json\/wp\/v2\/media\/230045"}],"wp:attachment":[{"href":"https:\/\/www.europesays.com\/fr\/wp-json\/wp\/v2\/media?parent=230044"}],"wp:term":[{"taxonomy":"category","embeddable":true,"href":"https:\/\/www.europesays.com\/fr\/wp-json\/wp\/v2\/categories?post=230044"},{"taxonomy":"post_tag","embeddable":true,"href":"https:\/\/www.europesays.com\/fr\/wp-json\/wp\/v2\/tags?post=230044"}],"curies":[{"name":"wp","href":"https:\/\/api.w.org\/{rel}","templated":true}]}}