{"id":230054,"date":"2025-07-06T08:49:41","date_gmt":"2025-07-06T08:49:41","guid":{"rendered":"https:\/\/www.europesays.com\/fr\/230054\/"},"modified":"2025-07-06T08:49:41","modified_gmt":"2025-07-06T08:49:41","slug":"fin-de-lalerte-orange-canicule-dans-les-alpes-maritimes-et-le-var-on-fait-le-point-sur-les-temperatures","status":"publish","type":"post","link":"https:\/\/www.europesays.com\/fr\/230054\/","title":{"rendered":"Fin de l&rsquo;alerte orange canicule dans les Alpes-Maritimes et le Var: on fait le point sur les temp\u00e9ratures"},"content":{"rendered":"<p>L&rsquo;impressionnant \u00e9pisode de canicule qu&rsquo;a travers\u00e9 la France ces derni\u00e8res semaines semble peu \u00e0 peu toucher \u00e0 sa fin. Ce samedi 5 juillet, apr\u00e8s plusieurs jours pass\u00e9s en vigilance orange canicule, les d\u00e9partements des Alpes-Maritimes et du Var repassent aujourd&rsquo;hui en alerte jaune. En r\u00e9gion PACA, seuls les d\u00e9partement des Bouches-du-Rh\u00f4ne et du Vaucluse sont donc toujours en vigilance orange selon M\u00e9t\u00e9o-France.<\/p>\n<p>30\u00b0C \u00e0 Nice<\/p>\n<p>Dans les Alpes-Maritimes ce samedi, le thermom\u00e8tre chutera de quelques degr\u00e9s en raison d&rsquo;un \u00e9pisode orageux qui devraient toucher principalement le nord du d\u00e9partement. Il fera seulement 30\u00b0C tout au plus sur le littoral, entre Nice, Menton et Antibes.<\/p>\n<p>Dans le Var en revanche, il fera nettement plus chaud aujourd&rsquo;hui avec 36\u00b0C attendus du c\u00f4t\u00e9 de Saint-Zacharie ou encore 35\u00b0C \u00e0 Saint-Maximin et Rians. N&rsquo;oubliez donc pas les bons gestes \u00e0 adopter pour lutter contre ces fortes chaleurs.<\/p>\n","protected":false},"excerpt":{"rendered":"L&rsquo;impressionnant \u00e9pisode de canicule qu&rsquo;a travers\u00e9 la France ces derni\u00e8res semaines semble peu \u00e0 peu toucher \u00e0 sa&hellip;\n","protected":false},"author":2,"featured_media":230055,"comment_status":"","ping_status":"","sticky":false,"template":"","format":"standard","meta":{"footnotes":""},"categories":[2819],"tags":[1111,11,1777,674,1011,27,2487,12,2401,882,25],"class_list":{"0":"post-230054","1":"post","2":"type-post","3":"status-publish","4":"format-standard","5":"has-post-thumbnail","7":"category-nice","8":"tag-actu","9":"tag-actualites","10":"tag-eu","11":"tag-europe","12":"tag-fr","13":"tag-france","14":"tag-meteo","15":"tag-news","16":"tag-nice","17":"tag-provence-alpes-cote-dazur","18":"tag-republique-francaise"},"share_on_mastodon":{"url":"https:\/\/pubeurope.com\/@fr\/114805431541757978","error":""},"_links":{"self":[{"href":"https:\/\/www.europesays.com\/fr\/wp-json\/wp\/v2\/posts\/230054","targetHints":{"allow":["GET"]}}],"collection":[{"href":"https:\/\/www.europesays.com\/fr\/wp-json\/wp\/v2\/posts"}],"about":[{"href":"https:\/\/www.europesays.com\/fr\/wp-json\/wp\/v2\/types\/post"}],"author":[{"embeddable":true,"href":"https:\/\/www.europesays.com\/fr\/wp-json\/wp\/v2\/users\/2"}],"replies":[{"embeddable":true,"href":"https:\/\/www.europesays.com\/fr\/wp-json\/wp\/v2\/comments?post=230054"}],"version-history":[{"count":0,"href":"https:\/\/www.europesays.com\/fr\/wp-json\/wp\/v2\/posts\/230054\/revisions"}],"wp:featuredmedia":[{"embeddable":true,"href":"https:\/\/www.europesays.com\/fr\/wp-json\/wp\/v2\/media\/230055"}],"wp:attachment":[{"href":"https:\/\/www.europesays.com\/fr\/wp-json\/wp\/v2\/media?parent=230054"}],"wp:term":[{"taxonomy":"category","embeddable":true,"href":"https:\/\/www.europesays.com\/fr\/wp-json\/wp\/v2\/categories?post=230054"},{"taxonomy":"post_tag","embeddable":true,"href":"https:\/\/www.europesays.com\/fr\/wp-json\/wp\/v2\/tags?post=230054"}],"curies":[{"name":"wp","href":"https:\/\/api.w.org\/{rel}","templated":true}]}}