{"id":230056,"date":"2025-07-06T08:50:18","date_gmt":"2025-07-06T08:50:18","guid":{"rendered":"https:\/\/www.europesays.com\/fr\/230056\/"},"modified":"2025-07-06T08:50:18","modified_gmt":"2025-07-06T08:50:18","slug":"la-chapelle-sur-erdre-un-voyage-dans-le-temps-propose-aux-visiteurs","status":"publish","type":"post","link":"https:\/\/www.europesays.com\/fr\/230056\/","title":{"rendered":"La Chapelle-sur-Erdre. Un voyage dans le temps propos\u00e9 aux visiteurs"},"content":{"rendered":"<p>Le groupe Art et culture de la Maison pour tous vient d\u2019installer son exposition d\u2019\u00e9t\u00e9.<\/p>\n<p>Cette ann\u00e9e, \u00ab\u00a0Le Temps\u00a0\u00bb est le th\u00e8me qui a \u00e9t\u00e9\u00a0propos\u00e9 par l\u2019Omcri et retenu pour la saison 2025-2026.<\/p>\n<p>\u00c0 partir de vieilles photos et cartes postales de La Chapelle-sur-Erdre, cette exposition invite les spectateurs \u00e0 un voyage dans cette dimension.<\/p>\n<p>Pr\u00eat\u00e9es par des habitants de la commune, les photos de famille et cartes postales ont \u00e9t\u00e9 coloris\u00e9es par une quinzaine de personnes, d\u00e9cor\u00e9es, orn\u00e9es \u00e0 l\u2019aide de diff\u00e9rentes techniques, manuelles ou num\u00e9riques.<\/p>\n<p>Ces images\u00a0originales ou \u00a0remasteris\u00e9es\u00a0ont \u00e9t\u00e9 imprim\u00e9es sur des grands panneaux pour\u00a0\u00eatre expos\u00e9es dans la rue Fran\u00e7ois-Clouet, aux abords de l\u2019\u00e9glise, dans quelques commerces du centre ou dans l\u2019accueil de la Maison pour tous jusqu\u2019\u00e0 fin ao\u00fbt.<\/p>\n<p>Information\u00a0: Maison pour tous, t\u00e9l.\u00a002\u00a040\u00a093\u00a068\u00a019<\/p>\n<p>\u00a0<\/p>\n","protected":false},"excerpt":{"rendered":"Le groupe Art et culture de la Maison pour tous vient d\u2019installer son exposition d\u2019\u00e9t\u00e9. Cette ann\u00e9e, \u00ab\u00a0Le&hellip;\n","protected":false},"author":2,"featured_media":230057,"comment_status":"","ping_status":"","sticky":false,"template":"","format":"standard","meta":{"footnotes":""},"categories":[2818],"tags":[1111,11,10770,1777,674,1011,27,766,12,2636,6088,25,5426,11046,586],"class_list":{"0":"post-230056","1":"post","2":"type-post","3":"status-publish","4":"format-standard","5":"has-post-thumbnail","7":"category-nantes","8":"tag-actu","9":"tag-actualites","10":"tag-chapelle-sur-erdre","11":"tag-eu","12":"tag-europe","13":"tag-fr","14":"tag-france","15":"tag-nantes","16":"tag-news","17":"tag-pays-de-la-loire","18":"tag-propose","19":"tag-republique-francaise","20":"tag-temps","21":"tag-visiteurs","22":"tag-voyage"},"share_on_mastodon":{"url":"https:\/\/pubeurope.com\/@fr\/114805435637898262","error":""},"_links":{"self":[{"href":"https:\/\/www.europesays.com\/fr\/wp-json\/wp\/v2\/posts\/230056","targetHints":{"allow":["GET"]}}],"collection":[{"href":"https:\/\/www.europesays.com\/fr\/wp-json\/wp\/v2\/posts"}],"about":[{"href":"https:\/\/www.europesays.com\/fr\/wp-json\/wp\/v2\/types\/post"}],"author":[{"embeddable":true,"href":"https:\/\/www.europesays.com\/fr\/wp-json\/wp\/v2\/users\/2"}],"replies":[{"embeddable":true,"href":"https:\/\/www.europesays.com\/fr\/wp-json\/wp\/v2\/comments?post=230056"}],"version-history":[{"count":0,"href":"https:\/\/www.europesays.com\/fr\/wp-json\/wp\/v2\/posts\/230056\/revisions"}],"wp:featuredmedia":[{"embeddable":true,"href":"https:\/\/www.europesays.com\/fr\/wp-json\/wp\/v2\/media\/230057"}],"wp:attachment":[{"href":"https:\/\/www.europesays.com\/fr\/wp-json\/wp\/v2\/media?parent=230056"}],"wp:term":[{"taxonomy":"category","embeddable":true,"href":"https:\/\/www.europesays.com\/fr\/wp-json\/wp\/v2\/categories?post=230056"},{"taxonomy":"post_tag","embeddable":true,"href":"https:\/\/www.europesays.com\/fr\/wp-json\/wp\/v2\/tags?post=230056"}],"curies":[{"name":"wp","href":"https:\/\/api.w.org\/{rel}","templated":true}]}}