{"id":230068,"date":"2025-07-06T08:57:15","date_gmt":"2025-07-06T08:57:15","guid":{"rendered":"https:\/\/www.europesays.com\/fr\/230068\/"},"modified":"2025-07-06T08:57:15","modified_gmt":"2025-07-06T08:57:15","slug":"de-lille-a-cassel-le-nord-en-fete-lors-de-la-1re-etape","status":"publish","type":"post","link":"https:\/\/www.europesays.com\/fr\/230068\/","title":{"rendered":"de Lille \u00e0 Cassel, le Nord en f\u00eate lors de la 1re \u00e9tape"},"content":{"rendered":"<p class=\"mb-4 text-lg md:leading-8 break-words\">Que ce soit \u00e0 Lille, au Mont Noir ou au Mont Cassel, le Nord de la France a f\u00eat\u00e9 le d\u00e9part du Tour 2025 avec des routes bond\u00e9es et une ambiance digne des fameuses courses flandriennes, samedi.<\/p>\n<p class=\"mb-4 text-lg md:leading-8 break-words\">Du monde, encore et toujours, le long des quelque 185 kilom\u00e8tres de route autour de Lille, jusqu&rsquo;\u00e0 inonder le Mont Noir, l&rsquo;une des trois difficult\u00e9s du jour.<\/p>\n<p class=\"mb-4 text-lg md:leading-8 break-words\">M\u00eame pour une \u00e9tape a priori promise aux sprinteurs, le Nord a fait honneur \u00e0 sa r\u00e9putation de terre de v\u00e9lo, rameutant en plus des spectateurs \u00e9trangers habitu\u00e9s de la Grande Boucle, et notamment l&rsquo;in\u00e9vitable public belge, presque \u00e0 domicile.<\/p>\n<p class=\"mb-4 text-lg md:leading-8 break-words\">\u00ab\u00a0La Belgique est une terre de cyclistes, j&rsquo;\u00e9tais baign\u00e9 avec Eddy Merckx, on est n\u00e9s dedans, on l&rsquo;a connu depuis qu&rsquo;on \u00e9tait tout petits, donc \u00e7a fait quand m\u00eame beaucoup\u00a0\u00bb, s&rsquo;exclame, non loin de la ligne de d\u00e9part, Luc Debontrider, Belge de 59 ans travaillant dans l&rsquo;industrie du tabac.<\/p>\n<p class=\"mb-4 text-lg md:leading-8 break-words\">D\u00e8s 10h30, les rues de Lille sont remplies de supporters de toujours, ou d&rsquo;un jour. La capitale des Flandres sait faire: elle accueille le d\u00e9part du Tour pour la troisi\u00e8me fois de l&rsquo;histoire apr\u00e8s 1960 et 1994.<\/p>\n<p class=\"mb-4 text-lg md:leading-8 break-words\">&#8211; \u00ab\u00a0Piqu\u00e9 avec un rayon de v\u00e9lo \u00e0 la naissance\u00a0\u00bb &#8211;<\/p>\n<p class=\"mb-4 text-lg md:leading-8 break-words\">\u00ab\u00a0C&rsquo;est un honneur, je trouve. C&rsquo;est vraiment quelque chose d&rsquo;exceptionnel, je ne sais pas si je le revivrai un jour, donc c&rsquo;est pour \u00e7a que c&rsquo;est important pour moi d&rsquo;\u00eatre l\u00e0\u00a0\u00bb, se r\u00e9jouit Bertille Lefevre, professeure des \u00e9coles de 62 ans.<\/p>\n<p class=\"mb-4 text-lg md:leading-8 break-words\">Plus loin, les bords de routes ne d\u00e9semplissent pas \u00e0 mesure que la caravane roule vers Lens et son c\u00e9l\u00e8bre Stade Bollaert.<\/p>\n<p class=\"mb-4 text-lg md:leading-8 break-words\">L&rsquo;odeur des frites embaume le parcours, les briques rouges d\u00e9filent, de maisons en \u00e9glise. Ici et l\u00e0, une fanfare se tient pr\u00eate, des accord\u00e9onistes animent une terrasse, peu apr\u00e8s la c\u00f4te de Notre-Dame-de-Lorette (1 km \u00e0 7,6%), raide et suivie d&rsquo;un plateau d&rsquo;o\u00f9 l&rsquo;on peut admirer les terrils.<\/p>\n<p class=\"mb-4 text-lg md:leading-8 break-words\">Mais elle n&rsquo;est pas aussi c\u00e9l\u00e8bre que le Mont Cassel, certes moins pentu (1,9 km \u00e0 3,5%), mais garni de pav\u00e9s. Cette difficult\u00e9 bien connue de la r\u00e9gion, o\u00f9 se sont d\u00e9roul\u00e9s les championnats de France en 2023, a rameut\u00e9 du monde, comme Bryan Pauchet, pr\u00eat \u00e0 sillonner \u00ab\u00a0un maximum d&rsquo;\u00e9tapes\u00a0\u00bb en camping-car avec ses parents.<\/p>\n<p class=\"mb-4 text-lg md:leading-8 break-words\">\u00ab\u00a0J&rsquo;ai \u00e9t\u00e9 piqu\u00e9 avec un rayon de v\u00e9lo \u00e0 la naissance, affirme cet homme de 27 ans originaire d&rsquo;Arras. Je n&rsquo;avais plus vu le Tour depuis 2022. J&rsquo;en ai une quinzaine \u00e0 mon actif.\u00a0\u00bb<\/p>\n<p class=\"mb-4 text-lg md:leading-8 break-words\">\u00ab\u00a0\u00c0 Cassel, il y a toujours une bonne ambiance, que ce soit pour les Championnats de France, les Quatre Jours de Dunkerque, affirme-t-il. L\u00e0, c&rsquo;est un ton au-dessus parce que c&rsquo;est le Tour.\u00a0\u00bb<\/p>\n<p class=\"mb-4 text-lg md:leading-8 break-words\">&#8211; \u00ab\u00a0Meilleure ambiance que celle de Paris-Roubaix\u00a0\u00bb &#8211;<\/p>\n<p class=\"mb-4 text-lg md:leading-8 break-words\">Devant lui, des cyclistes amateurs s&rsquo;essaient \u00e0 cette c\u00f4te et ses nombreux virages, sous les applaudissements de spectateurs amus\u00e9s. L&rsquo;un d&rsquo;eux s&rsquo;\u00e9chauffe en criant: \u00ab\u00a0Attaque de Pogacar!\u00a0\u00bb<\/p>\n<p class=\"mb-4 text-lg md:leading-8 break-words\">Un peu plus loin, un groupe de six amis est attabl\u00e9 \u00e0 la terrasse du Caf\u00e9 des 3 Monts. Apr\u00e8s avoir enquill\u00e9 70 bornes et la mont\u00e9e du Mont Cassel \u00e0 deux reprises, ils s&rsquo;attaquent \u00e0 deux incontournables du coin: de la bi\u00e8re et des frites.<\/p>\n<p class=\"mb-4 text-lg md:leading-8 break-words\">Certains sont venus de bien plus loin pour go\u00fbter au Tour, comme Deirdre Hynes, venue du comt\u00e9 de Clare, dans l&rsquo;ouest de l&rsquo;Irlande, profitant du fait que son amie Aoife Nash habite \u00e0 Lille. \u00ab\u00a0L&rsquo;ambiance est encore meilleure que celle de Paris-Roubaix, il y a plus de monde et c&rsquo;est le plus grand \u00e9v\u00e9nement de cyclisme au monde\u00a0\u00bb, s&rsquo;exclame-t-elle, avant de pr\u00e9dire: \u00ab\u00a0Il n&rsquo;y aura pas d&rsquo;attaque, ce n&rsquo;est pas assez pentu pour eux.\u00a0\u00bb<\/p>\n<p class=\"mb-4 text-lg md:leading-8 break-words\">La course lui a donn\u00e9 raison, m\u00eame si Benjamin Thomas et Matt\u00e9o Vercher, \u00e9chapp\u00e9s, ont sprint\u00e9 jusqu&rsquo;au sommet, avant de chuter malheureusement, \u00e0 la surprise g\u00e9n\u00e9rale.<\/p>\n<p class=\"mb-4 text-lg md:leading-8 break-words\">Ce n&rsquo;\u00e9tait qu&rsquo;un des nombreux faits de course qui ont rythm\u00e9 cette premi\u00e8re \u00e9tape, finalement remport\u00e9e par le sprinteur belge d&rsquo;Alpecin-Deceuninck Jasper Philipsen apr\u00e8s une bordure qui a s\u00e9par\u00e9 le peloton. Des bords de route \u00e0 la ligne d&rsquo;arriv\u00e9e, le spectacle fut au rendez-vous.<\/p>\n<p class=\"mb-4 text-lg md:leading-8 break-words\">rbo-fby-add\/gk<\/p>\n","protected":false},"excerpt":{"rendered":"Que ce soit \u00e0 Lille, au Mont Noir ou au Mont Cassel, le Nord de la France a&hellip;\n","protected":false},"author":2,"featured_media":230069,"comment_status":"","ping_status":"","sticky":false,"template":"","format":"standard","meta":{"footnotes":""},"categories":[2815],"tags":[1111,11,1777,674,1011,27,811,36856,36855,19652,1307,36853,12,36854,25],"class_list":{"0":"post-230068","1":"post","2":"type-post","3":"status-publish","4":"format-standard","5":"has-post-thumbnail","7":"category-lille","8":"tag-actu","9":"tag-actualites","10":"tag-eu","11":"tag-europe","12":"tag-fr","13":"tag-france","14":"tag-hauts-de-france","15":"tag-lindustrie-du-tabac","16":"tag-le-mont-noir","17":"tag-le-tour","18":"tag-lille","19":"tag-mont-cassel","20":"tag-news","21":"tag-premiere-etape","22":"tag-republique-francaise"},"share_on_mastodon":{"url":"https:\/\/pubeurope.com\/@fr\/114805463089051678","error":""},"_links":{"self":[{"href":"https:\/\/www.europesays.com\/fr\/wp-json\/wp\/v2\/posts\/230068","targetHints":{"allow":["GET"]}}],"collection":[{"href":"https:\/\/www.europesays.com\/fr\/wp-json\/wp\/v2\/posts"}],"about":[{"href":"https:\/\/www.europesays.com\/fr\/wp-json\/wp\/v2\/types\/post"}],"author":[{"embeddable":true,"href":"https:\/\/www.europesays.com\/fr\/wp-json\/wp\/v2\/users\/2"}],"replies":[{"embeddable":true,"href":"https:\/\/www.europesays.com\/fr\/wp-json\/wp\/v2\/comments?post=230068"}],"version-history":[{"count":0,"href":"https:\/\/www.europesays.com\/fr\/wp-json\/wp\/v2\/posts\/230068\/revisions"}],"wp:featuredmedia":[{"embeddable":true,"href":"https:\/\/www.europesays.com\/fr\/wp-json\/wp\/v2\/media\/230069"}],"wp:attachment":[{"href":"https:\/\/www.europesays.com\/fr\/wp-json\/wp\/v2\/media?parent=230068"}],"wp:term":[{"taxonomy":"category","embeddable":true,"href":"https:\/\/www.europesays.com\/fr\/wp-json\/wp\/v2\/categories?post=230068"},{"taxonomy":"post_tag","embeddable":true,"href":"https:\/\/www.europesays.com\/fr\/wp-json\/wp\/v2\/tags?post=230068"}],"curies":[{"name":"wp","href":"https:\/\/api.w.org\/{rel}","templated":true}]}}