{"id":230072,"date":"2025-07-06T08:59:09","date_gmt":"2025-07-06T08:59:09","guid":{"rendered":"https:\/\/www.europesays.com\/fr\/230072\/"},"modified":"2025-07-06T08:59:09","modified_gmt":"2025-07-06T08:59:09","slug":"om-de-zerbi-clame-une-nouvelle-fois-son-amour-pour-marseille","status":"publish","type":"post","link":"https:\/\/www.europesays.com\/fr\/230072\/","title":{"rendered":"OM. De Zerbi clame une nouvelle fois son amour pour Marseille"},"content":{"rendered":"<p>Et l&rsquo;entra\u00eeneur de l&rsquo;OM a, une nouvelle fois, dit tout le bien qu&rsquo;il pense de la cit\u00e9 phoc\u00e9enne. \u00ab\u00a0C&rsquo;est un endroit \u00e0 la fois unique et sp\u00e9cial&#8230; et je te le dis, je suis tomb\u00e9 amoureux de Marseille par l&rsquo;interm\u00e9diaire d&rsquo;un de mes entra\u00eeneurs de l&rsquo;AC Milan qui m&rsquo;a dit de regarder le vieux Marseille de Chris Waddle car je jouais au m\u00eame poste sur le terrain, explique \u00ab\u00a0RDZ\u00a0\u00bb, avant d&rsquo;encha\u00eener. Mais d&rsquo;un autre c\u00f4t\u00e9, j&rsquo;ai toujours \u00e9t\u00e9 passionn\u00e9 par Marseille, par \u00e0 peu pr\u00e8s tout le narratif autour de cette ville, la plus multiculturelle d&rsquo;Europe, avec des probl\u00e8mes sociaux aussi, des probl\u00e8mes de ch\u00f4mage, corruption et de d\u00e9linquance&#8230;mais j&rsquo;adore cette ville parce qu&rsquo;elle a un c\u00f4t\u00e9 contradictoire dans beaucoup de choses. Elle te rend aussi beaucoup plus que les autres villes, des choses que d&rsquo;autres villes normales ne vous donnent pas \u00e0 travers la chaleur de ce stade par exemple ou le folklore, sa beaut\u00e9, parce que c&rsquo;est une ville magnifique. Je cherche obligatoirement une connexion avec la ville, si je ne me sens pas bien dans un endroit, j&rsquo;aurai aussi du mal \u00e0 m&rsquo;exprimer en tant qu&rsquo;entra\u00eeneur. \u00c0 Brighton, c&rsquo;\u00e9tait comme \u00e7a par exemple m\u00eame si c&rsquo;est aussi une ville de passionn\u00e9s, tr\u00e8s particuli\u00e8re.\u00a0\u00bb<\/p>\n<p>Une d\u00e9claration qui devrait plaire aux supporters olympiens.<\/p>\n","protected":false},"excerpt":{"rendered":"Et l&rsquo;entra\u00eeneur de l&rsquo;OM a, une nouvelle fois, dit tout le bien qu&rsquo;il pense de la cit\u00e9 phoc\u00e9enne.&hellip;\n","protected":false},"author":2,"featured_media":230073,"comment_status":"","ping_status":"","sticky":false,"template":"","format":"standard","meta":{"footnotes":""},"categories":[2814],"tags":[17,1111,11,36857,1777,674,3395,1011,27,884,12,2043,149,882,25,3711,96,4061],"class_list":{"0":"post-230072","1":"post","2":"type-post","3":"status-publish","4":"format-standard","5":"has-post-thumbnail","7":"category-marseille","8":"tag-17","9":"tag-actu","10":"tag-actualites","11":"tag-clame","12":"tag-eu","13":"tag-europe","14":"tag-fois","15":"tag-fr","16":"tag-france","17":"tag-marseille","18":"tag-news","19":"tag-nouvelle","20":"tag-om","21":"tag-provence-alpes-cote-dazur","22":"tag-republique-francaise","23":"tag-son","24":"tag-une","25":"tag-zerbi"},"share_on_mastodon":{"url":"https:\/\/pubeurope.com\/@fr\/114805473177101514","error":""},"_links":{"self":[{"href":"https:\/\/www.europesays.com\/fr\/wp-json\/wp\/v2\/posts\/230072","targetHints":{"allow":["GET"]}}],"collection":[{"href":"https:\/\/www.europesays.com\/fr\/wp-json\/wp\/v2\/posts"}],"about":[{"href":"https:\/\/www.europesays.com\/fr\/wp-json\/wp\/v2\/types\/post"}],"author":[{"embeddable":true,"href":"https:\/\/www.europesays.com\/fr\/wp-json\/wp\/v2\/users\/2"}],"replies":[{"embeddable":true,"href":"https:\/\/www.europesays.com\/fr\/wp-json\/wp\/v2\/comments?post=230072"}],"version-history":[{"count":0,"href":"https:\/\/www.europesays.com\/fr\/wp-json\/wp\/v2\/posts\/230072\/revisions"}],"wp:featuredmedia":[{"embeddable":true,"href":"https:\/\/www.europesays.com\/fr\/wp-json\/wp\/v2\/media\/230073"}],"wp:attachment":[{"href":"https:\/\/www.europesays.com\/fr\/wp-json\/wp\/v2\/media?parent=230072"}],"wp:term":[{"taxonomy":"category","embeddable":true,"href":"https:\/\/www.europesays.com\/fr\/wp-json\/wp\/v2\/categories?post=230072"},{"taxonomy":"post_tag","embeddable":true,"href":"https:\/\/www.europesays.com\/fr\/wp-json\/wp\/v2\/tags?post=230072"}],"curies":[{"name":"wp","href":"https:\/\/api.w.org\/{rel}","templated":true}]}}