{"id":230074,"date":"2025-07-06T09:00:20","date_gmt":"2025-07-06T09:00:20","guid":{"rendered":"https:\/\/www.europesays.com\/fr\/230074\/"},"modified":"2025-07-06T09:00:20","modified_gmt":"2025-07-06T09:00:20","slug":"tourisme-le-top-10-des-sites-touristiques-les-plus-frequentes-a-lyon-et-dans-le-rhone","status":"publish","type":"post","link":"https:\/\/www.europesays.com\/fr\/230074\/","title":{"rendered":"Tourisme. Le top 10 des sites touristiques les plus fr\u00e9quent\u00e9s \u00e0 Lyon et dans le Rh\u00f4ne"},"content":{"rendered":"<p>Qu&rsquo;ils soient d&rsquo;ici ou d&rsquo;ailleurs, que font les touristes quand ils visitent Lyon et le Rh\u00f4ne \u00a0? Ils fr\u00e9quentent d\u2019abord les mus\u00e9es, puis les sites arch\u00e9ologiques, les parcs de loisirs et animaliers, les transports touristiques et enfin, les sites naturels et patrimoniaux. Le top 10 vous embarque.<\/p>\n<p>  &#13;<br \/>\n      <a href=\"https:\/\/cdn-s-www.leprogres.fr\/images\/ef8cafd8-680b-4dda-9c1e-71642ad695b9\/NW_raw\/godard-et-la-typographie-au-musee-de-l-imprimerie-en-janvier-2025-photo-jean-pierre-zanolo-1738251383.jpg\" title=\"Godard et la typographie au Mus\u00e9e de l&#039;imprimerie en janvier 2025. Photo Jean-Pierre Zanolo\" class=\"chocolat-image GA-tracking\" data-ga_type=\"click\" data-ga_category=\"D\u00e9tail\" data-ga_action=\"zoomer\" data-ga_label=\"agrandir image\" target=\"_blank\" rel=\"noopener\">&#13;<br \/>\n          <img loading=\"lazy\" decoding=\"async\" src=\"https:\/\/www.europesays.com\/fr\/wp-content\/uploads\/2025\/07\/godard-et-la-typographie-au-musee-de-l-imprimerie-en-janvier-2025-photo-jean-pierre-zanolo-173825138.jpeg\" data-mobile=\"NW_listC_M|1738251383\" data-base=\"NW_listC|1738251383\" alt=\"Godard et la typographie au Mus\u00e9e de l'imprimerie en janvier 2025. Photo Jean-Pierre Zanolo\"\/>&#13;<br \/>\n      <\/a>&#13;<\/p>\n<p>Godard et la typographie au Mus\u00e9e de l&rsquo;imprimerie en janvier 2025. Photo Jean-Pierre Zanolo<\/p>\n<p>&#13;<\/p>\n<p>  10.\u00a0Le Mus\u00e9e de L\u2019imprimerie \u00e0 Lyon<\/p>\n<p>82\u00a0636 visiteurs en 2024<\/p>\n<p>Le Mus\u00e9e de L\u2019imprimerie et de la communication graphique n\u00e9 en 1965 est ferm\u00e9 depuis juin 2025 jusqu\u2019au printemps 2027. 18 mois de travaux mettre en accessibilit\u00e9 le b\u00e2timent de rue de la Poulaillerie (Lyon 2e) situ\u00e9 dans l&rsquo;ancien H\u00f4tel de la Couronne datant du XVe si\u00e8cle<strong>.\u00a0<\/strong>Lors de sa r\u00e9ouverture, le mus\u00e9e municipal pourrait changer de nom (<a href=\"https:\/\/www.leprogres.fr\/sortir\/2015\/05\/15\/musee-de-l-imprimerie-de-lyon-l-abc-d-une-renovation\" target=\"_blank\" rel=\"noopener\">comme d\u00e9j\u00e0 en 2015<\/a>).<\/p>\n<p>L\u2019institution qui accueillait 27\u00a0594 visiteurs en 2019 a vu sa fr\u00e9quentation progresser apr\u00e8s le Covid avec 68\u00a0620 visiteurs en 2023 et 82\u00a0636 visiteurs en 2024, un chiffre exceptionnel, port\u00e9 par l\u2019exposition\u00a0Lectures de Miazaki\u00a0(actuellement prolong\u00e9e en <a href=\"https:\/\/www.leprogres.fr\/culture-loisirs\/2025\/06\/14\/l-exposition-itinerante-sur-le-realisateur-hayao-miyazaki-se-prolonge-en-mairie\" target=\"_blank\" rel=\"noopener\">mairie du 2e arrondissement de Lyon<\/a>).<\/p>\n<p>Aux c\u00f4t\u00e9s des produits nobles (le livre, l\u2019estampe), on trouve des imprim\u00e9s comme des ticket de bus, de la m\u00e9moire \u00e9lectronique, des polices de caract\u00e8res num\u00e9riques\u2026On apprend qu\u2019on doit \u00e0 la Cor\u00e9e les premi\u00e8res impressions \u00e0 l\u2019aide de caract\u00e8res mobiles, en 1377, presque 80 ans avant Gutenberg.<\/p>\n<p>  &#13;<br \/>\n      <a href=\"https:\/\/cdn-s-www.leprogres.fr\/images\/7249090c-2c1b-4fb4-ac66-6543171f2289\/NW_raw\/l-ile-du-beurre-au-fond-depuis-un-observatoire-sur-un-des-lones-du-rhone-photo-d-archives-joel-philippon-1751714783.jpg\" title=\"L&#039;Ile\u00a0du Beurre au fond depuis un observatoire sur un des lones du Rh\u00f4ne.\u00a0Photo d&#039;archives Jo\u00ebl Philippon\" class=\"chocolat-image GA-tracking\" data-ga_type=\"click\" data-ga_category=\"D\u00e9tail\" data-ga_action=\"zoomer\" data-ga_label=\"agrandir image\" target=\"_blank\" rel=\"noopener\">&#13;<br \/>\n          <img loading=\"lazy\" decoding=\"async\" src=\"https:\/\/www.europesays.com\/fr\/wp-content\/uploads\/2025\/07\/l-ile-du-beurre-au-fond-depuis-un-observatoire-sur-un-des-lones-du-rhone-photo-d-archives-joel-phili.jpeg\" data-mobile=\"NW_listC_M|1751714783\" data-base=\"NW_listC|1751714783\" alt=\"L'Ile\u00a0du Beurre au fond depuis un observatoire sur un des lones du Rh\u00f4ne.\u00a0Photo d'archives Jo\u00ebl Philippon\"\/>&#13;<br \/>\n      <\/a>&#13;<\/p>\n<p>L&rsquo;Ile\u00a0du Beurre au fond depuis un observatoire sur un des lones du Rh\u00f4ne.\u00a0Photo d&rsquo;archives Jo\u00ebl Philippon<\/p>\n<p>&#13;<\/p>\n<p>9. Le Centre d\u2019observation de la Nature de l\u2019Ile du Beurre de Tupin-et-Semons<\/p>\n<p>91\u00a0941 visiteurs en 2024<\/p>\n<p>Les \u00eeles du Beurre et de la Ch\u00e8vre sont nich\u00e9s dans les anciens m\u00e9andres du Rh\u00f4ne. A 40 km au sud de Lyon, elles accueillent <a href=\"https:\/\/www.leprogres.fr\/culture-loisirs\/2024\/08\/14\/l-ile-du-beurre-a-la-decouverte-du-rhone-a-l-etat-sauvage\" target=\"_blank\" rel=\"noopener\">une faune et une flore remarquables <\/a>(h\u00e9rons cendr\u00e9s, castors, et \u2018l\u2019orchid\u00e9e du Castor\u2019, d\u00e9couverte sur l\u2019\u00eele du Beurre. Un arr\u00eat\u00e9 pr\u00e9fectoral de protection du biotope a \u00e9t\u00e9 pris en 1987.<\/p>\n<p>Cr\u00e9\u00e9 l\u2019ann\u00e9e suivante, le Centre d\u2019observation de la nature de l\u2019\u00cele du Beurre (Conib) a encore aujourd\u2019hui pour mission de pr\u00e9server, restaurer et valoriser cet Espace naturel sensible. Cette association qui propose des\u00a0 animations p\u00e9dagogiques, pour tous types de visiteurs, est financ\u00e9e par le D\u00e9partement du Rh\u00f4ne, la Compagnie nationale du Rh\u00f4ne (CNR), Vienne Condrieu agglom\u00e9ration et le Parc naturel r\u00e9gional du Pilat.<\/p>\n<p>Depuis 2012, la pr\u00e9sence de la piste cyclable europ\u00e9enne ViaRh\u00f4na au bord du site a g\u00e9n\u00e9r\u00e9 une augmentation consid\u00e9rable de la<a href=\"https:\/\/www.leprogres.fr\/environnement\/2023\/09\/20\/l-ile-du-beurre-ou-la-nature-tranquille\" target=\"_blank\" rel=\"noopener\"> fr\u00e9quentation<\/a>. On d\u00e9nombrait 20\u00a0000 visiteurs en 2009 contre 61\u00a0078 visiteurs dix ans plus tard en 2019. En 2024, l\u2019Espace naturel sensible a vu passer 91\u00a0941 visiteurs. Le <a href=\"https:\/\/www.leprogres.fr\/environnement\/2024\/11\/08\/oiseaux-castors-et-batiment-tout-neuf-l-ile-du-beurre-spot-ideal-pour-observer-la-nature-le-long-du-rhone\" target=\"_blank\" rel=\"noopener\">b\u00e2timent d\u2019accueil du Conib a \u00e9t\u00e9 r\u00e9nov\u00e9 en 2024<\/a>. Un espace mus\u00e9ographique ouvrira en septembre 2025.<\/p>\n<p class=\"note\">Le Sentier du Castor est en acc\u00e8s libre et gratuit tout le long de l\u2019ann\u00e9e. Pour les activit\u00e9s de d\u00e9couverte encadr\u00e9es par un animateur (aff\u00fbt castor, identification des chants d&rsquo;oiseaux, jeu de piste, comprendre la petite faune aquatique\u2026)\u00a0: renseignements et inscription\u00a0: 04 74 56 62 62 ou <a href=\"https:\/\/www.leprogres.fr\/economie\/2025\/07\/06\/mailto:infos@iledubeurre.org\" target=\"_blank\" rel=\"noopener\">infos@iledubeurre.org<\/a>. Adulte : 5 \u20ac. Enfant : 2 \u20ac.\u00a0<a href=\"https:\/\/www.iledubeurre.org\/\" target=\"_blank\" rel=\"noopener\">www.iledubeurre.org<\/a><\/p>\n<p>  &#13;<br \/>\n      <a href=\"https:\/\/cdn-s-www.leprogres.fr\/images\/fd0b0429-ca2e-43db-ad18-3a01ab9d5dd5\/NW_raw\/l-exposition-echos-du-passe-promesses-du-futur-est-visible-au-mac-jusqu-au-13-juillet-2025-1741280061.jpg\" title=\"L&#039;exposition Echos du pass\u00e9, promesses du futur est visible au MAC jusqu&#039;au 13 juillet 2025.\" class=\"chocolat-image GA-tracking\" data-ga_type=\"click\" data-ga_category=\"D\u00e9tail\" data-ga_action=\"zoomer\" data-ga_label=\"agrandir image\" target=\"_blank\" rel=\"noopener\">&#13;<br \/>\n          <img loading=\"lazy\" decoding=\"async\" src=\"https:\/\/www.europesays.com\/fr\/wp-content\/uploads\/2025\/07\/l-exposition-echos-du-passe-promesses-du-futur-est-visible-au-mac-jusqu-au-13-juillet-2025-174128006.jpeg\" data-mobile=\"NW_listC_M|1741280061\" data-base=\"NW_listC|1741280061\" alt=\"L'exposition Echos du pass\u00e9, promesses du futur est visible au MAC jusqu'au 13 juillet 2025.\"\/>&#13;<br \/>\n      <\/a>&#13;<\/p>\n<p>L&rsquo;exposition Echos du pass\u00e9, promesses du futur est visible au MAC jusqu&rsquo;au 13 juillet 2025.<\/p>\n<p>&#13;<\/p>\n<p>8. Le Mus\u00e9e d\u2019art contemporain de Lyon<\/p>\n<p>121\u00a0090 visiteurs en 2024<\/p>\n<p>                                            <img class=\"placeholder-svg\" loading=\"lazy\" decoding=\"async\" src=\"https:\/\/cdn-files.prsmedia.fr\/files\/REDAC\/images\/svg\/placeholders\/youtube.svg\" alt=\"Youtube PlaceHolder\"\/>               <\/p>\n<p>Ce contenu est bloqu\u00e9 car vous n&rsquo;avez pas accept\u00e9 les cookies et autres traceurs.<\/p>\n<p>En cliquant sur \u00ab J\u2019accepte \u00bb, les cookies et autres traceurs seront d\u00e9pos\u00e9s et vous pourrez visualiser les contenus  (<a href=\"\" class=\"consentModule_policy\" target=\"_blank\" title=\"Consulter la politique de protection des donn\u00e9es du fournisseur\">plus d&rsquo;informations<\/a>).<\/p>\n<p>En cliquant sur \u00ab J\u2019accepte tous les cookies \u00bb, vous autorisez des d\u00e9p\u00f4ts de cookies et autres traceurs pour le stockage de vos donn\u00e9es sur nos sites et applications \u00e0 des fins de personnalisation et de ciblage publicitaire.<\/p>\n<p class=\"consentModule_secondaryText\">Vous gardez la possibilit\u00e9 de retirer votre consentement \u00e0 tout moment en consultant notre <a href=\"https:\/\/www.leprogres.fr\/protection-des-donnees\" target=\"_blank\" title=\"Consulter notre politique de protection des donn\u00e9es\" rel=\"noopener\">politique de protection des donn\u00e9es<\/a>. <br \/>&#13;<br \/>\n            <a href=\"https:\/\/www.leprogres.fr\/economie\/2025\/07\/06\/javascript:Didomi.notice.show()\" class=\"consentModule_cmp\" target=\"_blank\" rel=\"noopener\">G\u00e9rer mes choix<\/a>&#13;\n        <\/p>\n<p>&#13;<br \/>\n                        J&rsquo;accepte&#13;<br \/>\n            J&rsquo;accepte tous les cookies&#13;\n        <\/p>\n<p><a href=\"https:\/\/www.leprogres.fr\/culture-loisirs\/2024\/05\/16\/pour-les-40-ans-du-musee-radio-nova-s-installe-au-maclyon-et-propose-emissions-et-concerts-live\" target=\"_blank\" rel=\"noopener\">Fond\u00e9 en 1984 <\/a>dans une aile du palais Saint-Pierre de la Ville de Lyon, le Mus\u00e9e d\u2019art contemporain a d\u00e9m\u00e9nag\u00e9 en 1995 dans le premier b\u00e2timent cr\u00e9\u00e9 \u00e0 la Cit\u00e9 internationale (Lyon 6e). \u00a0Modul\u00e9 par l\u2019architecte\u00a0Renzo Piano, il conserve, c\u00f4t\u00e9 Parc de la T\u00eate d\u2019Or, la fa\u00e7ade de l\u2019atrium du palais de la Foire des ann\u00e9es 1920.<\/p>\n<p>En 2024, 121\u00a0090 visiteurs ont pouss\u00e9 la porte du MacLyon, une <a href=\"https:\/\/www.leprogres.fr\/culture-loisirs\/2025\/01\/11\/une-frequentation-en-augmentation-de-40-pour-le-maclyon-en-2024\" target=\"_blank\" rel=\"noopener\">fr\u00e9quentation en forte augmentation<\/a> par rapport \u00e0 2023 (70\u00a0930 visiteurs) notamment gr\u00e2ce \u00e0 la\u00a0premi\u00e8re exposition mus\u00e9ale de l&rsquo;artiste Sylvie Selig.<br \/>Au cours de son histoire, le lieu a accueilli de prestigieuses expositions\u00a0: Andy Warhol, Jean-Michel Basquiat, Ben,\u00a0Keith Haring, Yoko Ono&#8230;<\/p>\n<p>Egalement centre d\u2019art et de cr\u00e9ation, MacLyon assure la direction artistique de la <a href=\"https:\/\/www.leprogres.fr\/culture-loisirs\/2022\/06\/02\/biennale-d-art-contemporain-de-lyon-une-edition-de-la-fragilite-et-de-la-resistance-ce-qu-il-faut-savoir\" target=\"_blank\" rel=\"noopener\">Biennale d\u2019art contemporain<\/a> qui a lieu en alternance avec la Biennale de la Danse. En 2018, la directrice <a href=\"https:\/\/www.leprogres.fr\/culture-loisirs\/2024\/05\/14\/pionnier-le-maclyon-est-devenu-en-40-ans-un-musee-reconnu\" target=\"_blank\" rel=\"noopener\">Isabelle Bertolotti<\/a> a succ\u00e9d\u00e9 au directeur fondateur, l\u2019historien de l\u2019art, <a href=\"https:\/\/www.leprogres.fr\/rhone-69-edition-lyon-metropole\/2018\/01\/08\/l-offre-culturelle-a-lyon-est-complete-et-de-grande-qualite\" target=\"_blank\" rel=\"noopener\">Thierry Raspail.<\/a><\/p>\n<p class=\"note\">\u00a0Mus\u00e9e d\u2019art contemporain, 81, quai Charles de Gaulle, \u00e0 Lyon 6e. Contact \u00a0: 04 72 69 17 17\u00a0<a href=\"http:\/\/www.mac-lyon.com\" target=\"_blank\" rel=\"noopener\">www.mac-lyon.com<\/a>. Ouvert du mercredi au dimanche, de 11h \u00e0 18h. Fermeture estivale d\u00e8s le 14 juillet 2025. Tarifs 9 \u20ac &#8211; 6 \u20ac.<\/p>\n<p>  &#13;<br \/>\n      <a href=\"https:\/\/cdn-s-www.leprogres.fr\/images\/9ac76680-e142-4389-bc4c-dc8029bf575f\/NW_raw\/l-exposition-consacree-a-la-cote-d-azur-ici-le-village-de-saint-tropez-photo-maxime-jegat-1751714783.jpg\" title=\"L&#039;exposition consacr\u00e9e \u00e0 la C\u00f4te d&#039;Azur, ici le village de Saint-Tropez. Photo Maxime Jegat\" class=\"chocolat-image GA-tracking\" data-ga_type=\"click\" data-ga_category=\"D\u00e9tail\" data-ga_action=\"zoomer\" data-ga_label=\"agrandir image\" target=\"_blank\" rel=\"noopener\">&#13;<br \/>\n          <img loading=\"lazy\" decoding=\"async\" src=\"https:\/\/www.europesays.com\/fr\/wp-content\/uploads\/2025\/07\/l-exposition-consacree-a-la-cote-d-azur-ici-le-village-de-saint-tropez-photo-maxime-jegat-1751714783.jpeg\" data-mobile=\"NW_listC_M|1751714783\" data-base=\"NW_listC|1751714783\" alt=\"L'exposition consacr\u00e9e \u00e0 la C\u00f4te d'Azur, ici le village de Saint-Tropez. Photo Maxime Jegat\"\/>&#13;<br \/>\n      <\/a>&#13;<\/p>\n<p>L&rsquo;exposition consacr\u00e9e \u00e0 la C\u00f4te d&rsquo;Azur, ici le village de Saint-Tropez. Photo Maxime Jegat<\/p>\n<p>&#13;<\/p>\n<p>7.\u00a0Mini World Lyon<\/p>\n<p>147\u00a0734 visiteurs en 2024<\/p>\n<p>Lanc\u00e9 par l\u2019entrepreneur lyonnais <a href=\"https:\/\/www.leprogres.fr\/insolite\/2021\/05\/08\/j-ai-grandi-dans-une-famille-de-16-enfants\" target=\"_blank\" rel=\"noopener\">Richard Richarte<\/a> au Carr\u00e9 de Soie \u00e0 Vaulx-en-Velin en juin 2016, Mini World a accueilli 147\u00a0734 visiteurs huit ans plus tard, en 2024. D\u2019une surface de 3000 m2, c\u2019est le plus grand parc de miniatures anim\u00e9es de France.<\/p>\n<p>Cinq mondes <a href=\"https:\/\/www.leprogres.fr\/encadres\/2018\/12\/28\/rhone-mini-world-ouvre-un-espace-dedie-a-lyon\" target=\"_blank\" rel=\"noopener\">(dont un d\u00e9di\u00e9 \u00e0 Lyon) <\/a>cohabitent peupl\u00e9s de 70\u00a0000 minis-habitants anim\u00e9s.\u00a0Les expositions temporaires font \u00e9v\u00e8nement :\u00a0 \u201cJapan mania\u201d, Lego, Playmobil ou les dinosaures (Jurassic experience actuellement). <\/p>\n<p>Mais si le lieu a franchi le seuil des <a href=\"https:\/\/www.leprogres.fr\/culture-loisirs\/2022\/11\/14\/mini-world-lyon-un-nouveau-trophee-et-bientot-1-million-de-visiteurs\" target=\"_blank\" rel=\"noopener\">1 million de visiteurs en novembre 2022<\/a>, il peine \u00e0 retrouver les chiffres d\u2019avant la crise sanitaire (171\u00a0418 visiteurs en 2019). En difficult\u00e9 financi\u00e8re, l\u2019\u00e9tablissement a \u00e9t\u00e9 plac\u00e9 en <a href=\"https:\/\/www.leprogres.fr\/culture-loisirs\/2023\/03\/01\/en-difficulte-mini-world-lyon-va-beneficier-d-une-aide-financiere\" target=\"_blank\" rel=\"noopener\">proc\u00e9dure de sauvegarde en mars 2023.<\/a><\/p>\n<p class=\"note\">Mini World, 3, avenue de Bohlen (p\u00f4le commercial Carr\u00e9 de Soie) \u00e0 Vaulx-en-Velin. Ouvert tous les jours de 10 \u00e0 19 heures ou de 11 \u00e0 18h. <a href=\"https:\/\/miniworldlyon.com\/\" target=\"_blank\" rel=\"noopener\">www.\u00a0miniworldlyon.com<\/a>\u00a0Tarifs\u00a0: 16,50\u20ac par adulte, 11,50 \u20ac par enfant (+ packs famille).<\/p>\n<p>  &#13;<br \/>\n      <a href=\"https:\/\/cdn-s-www.leprogres.fr\/images\/27abbe57-3694-45be-85ff-fe8260f358a7\/NW_raw\/le-festival-romain-a-l-amphitheatre-de-fourviere-photo-nicolas-liponne-1728287444.jpg\" title=\"Le Festival romain \u00e0 l&#039;amphith\u00e9\u00e2tre de Fourvi\u00e8re. Photo Nicolas Liponne\" class=\"chocolat-image GA-tracking\" data-ga_type=\"click\" data-ga_category=\"D\u00e9tail\" data-ga_action=\"zoomer\" data-ga_label=\"agrandir image\" target=\"_blank\" rel=\"noopener\">&#13;<br \/>\n          <img loading=\"lazy\" decoding=\"async\" src=\"https:\/\/www.europesays.com\/fr\/wp-content\/uploads\/2025\/07\/le-festival-romain-a-l-amphitheatre-de-fourviere-photo-nicolas-liponne-1728287444.jpg\" data-mobile=\"NW_listC_M|1728287444\" data-base=\"NW_listC|1728287444\" alt=\"Le Festival romain \u00e0 l'amphith\u00e9\u00e2tre de Fourvi\u00e8re. Photo Nicolas Liponne\"\/>&#13;<br \/>\n      <\/a>&#13;<\/p>\n<p>Le Festival romain \u00e0 l&rsquo;amphith\u00e9\u00e2tre de Fourvi\u00e8re. Photo Nicolas Liponne<\/p>\n<p>&#13;<\/p>\n<p>6. Lugdunum Mus\u00e9e et Th\u00e9\u00e2tre romain\u00a0de la colline de Fourvi\u00e8re (Lyon 5e)<\/p>\n<p>169\u00a0085 visiteurs en 2024<\/p>\n<p>Le <a href=\"https:\/\/www.leprogres.fr\/edition-lyon-villeurbanne\/2019\/12\/02\/gautier-richart-le-theatre-antique-un-site-fascinant\" target=\"_blank\" rel=\"noopener\">Th\u00e9\u00e2tre antique de Lyon<\/a>,\u00a0est l\u2019un des plus grands et anciens th\u00e9\u00e2tres romains de France. Construit au Ve si\u00e8cle avant J.-C. sous<a href=\"https:\/\/www.leprogres.fr\/magazine-lifestyle\/2024\/06\/30\/lugdunum-est-elle-nee-avec-la-conquete-des-romains\" target=\"_blank\" rel=\"noopener\"> le r\u00e8gne d\u2019Auguste<\/a>, c&rsquo;est le t\u00e9moin de\u00a0la grandeur de la cit\u00e9 antique de <a href=\"https:\/\/www.leprogres.fr\/societe\/2021\/08\/24\/lugdunum-entre-l-histoire-et-les-legendes-on-remet-les-pendules-a-l-heure\" target=\"_blank\" rel=\"noopener\">Lugdunum.<\/a> Il\u00a0pouvait accueillir jusqu\u2019\u00e0 10 000 spectateurs.\u00a0Il sera agrandi courant du\u00a0IIe\u00a0si\u00e8cle apr\u00e8s J-C avec la construction de l\u2019Od\u00e9on, th\u00e9\u00e2tre voisin. Aujourd&rsquo;hui, le Grand Th\u00e9\u00e2tre, c&rsquo;est 2 600 \u00e0 4 400 places selon la configuration et l&rsquo;Od\u00e9on, entre 900 et 1 200.\u00a0Aujourd\u2019hui, il\u00a0fait partie du site lyonnais inscrit au Patrimoine mondial de l\u2019Unesco. C&rsquo;est le cadre prestigieux des incontournables Nuits de Fourvi\u00e8re.<\/p>\n<p>Le Mus\u00e9e Lugdunum abrite l&rsquo;une des plus riches collections <a href=\"https:\/\/www.leprogres.fr\/societe\/2025\/04\/10\/cimetiere-de-loyasse-quels-sont-ces-vestiges-rares-et-exceptionnels-mis-au-jour-par-les-archeologues\" target=\"_blank\" rel=\"noopener\">arch\u00e9ologiques<\/a> de France (la c\u00e9l\u00e8bre \u00ab\u00a0Table de Claude\u00a0\u00bb, des mosa\u00efques, des objets de la vie quotidienne \u00e0 Lugdunum&#8230;) Le mus\u00e9e est install\u00e9 dans les Th\u00e9\u00e2tres romains.<\/p>\n<p>Le monde romain fascine la plan\u00e8te.\u00a0Lugdunum Mus\u00e9e et Th\u00e9\u00e2tre romain\u00a0en tire son parti avec une fr\u00e9quentation en hausse constante\u00a0: 118\u00a0803 visiteurs en 2019, 158\u00a0400 visiteurs en 2023, 169\u00a0085 visiteurs en 2024. Les exposition \u00e9v\u00e8nements et le<a href=\"https:\/\/www.leprogres.fr\/culture-loisirs\/2023\/10\/07\/lyon-les-gladiateurs-en-force-au-festival-romain\" target=\"_blank\" rel=\"noopener\"> Festival romain <\/a>participent \u00e0 ce succ\u00e8s. On c\u00e9l\u00e9brera les <a href=\"https:\/\/www.leprogres.fr\/culture-loisirs\/2025\/06\/09\/circuits-familiaux-fouilles-ateliers-un-ete-anime-avant-de-feter-les-50-ans-cet-automne-au-musee-lugdunum\" target=\"_blank\" rel=\"noopener\">50 ans\u00a0de l\u2019inauguration du mus\u00e9e arch\u00e9ologique lors d\u2019un week-end sp\u00e9cial les 15 et 16\u00a0novembre 2025.<\/a><\/p>\n<p class=\"note\">Le Mus\u00e9e \u00a0: du mardi au vendredi de 11h \u00e0 18h. Samedi et dimanche de 10h \u00e0 18h. La biblioth\u00e8que : du mardi au vendredi de 13h \u00e0 18h. Les Th\u00e9\u00e2tres romains. Tous les jours\u00a0de 7h \u00e0 21h. Prix plein tarif : 7 \u20ac \/ Tarif r\u00e9duit : 4,50\u20ac. <a href=\"https:\/\/www.leprogres.fr\/economie\/2025\/07\/06\/lugdunum.grandlyon.com\/fr\/un-musee-de-sites\/musee\" target=\"_blank\" rel=\"noopener\">www.lugdunum.grandlyon.com\/fr\/un-musee-de-sites\/musee<\/a><\/p>\n<p>  &#13;<br \/>\n      <a href=\"https:\/\/cdn-s-www.leprogres.fr\/images\/4b4cae89-f7ea-49e2-b9ad-5adabf3c139d\/NW_raw\/balade-sur-la-saone-a-bord-d-un-des-bateaux-lyonnais-photo-richard-mouillaud-1751715576.jpg\" title=\"Balade sur la Sa\u00f4ne \u00e0 bord d&#039;un des Bateaux lyonnais. Photo Richard Mouillaud\" class=\"chocolat-image GA-tracking\" data-ga_type=\"click\" data-ga_category=\"D\u00e9tail\" data-ga_action=\"zoomer\" data-ga_label=\"agrandir image\" target=\"_blank\" rel=\"noopener\">&#13;<br \/>\n          <img loading=\"lazy\" decoding=\"async\" src=\"https:\/\/www.europesays.com\/fr\/wp-content\/uploads\/2025\/07\/balade-sur-la-saone-a-bord-d-un-des-bateaux-lyonnais-photo-richard-mouillaud-1751715576.jpg\" data-mobile=\"NW_listC_M|1751715576\" data-base=\"NW_listC|1751715576\" alt=\"Balade sur la Sa\u00f4ne \u00e0 bord d'un des Bateaux lyonnais. Photo Richard Mouillaud\"\/>&#13;<br \/>\n      <\/a>&#13;<\/p>\n<p>Balade sur la Sa\u00f4ne \u00e0 bord d&rsquo;un des Bateaux lyonnais. Photo Richard Mouillaud<\/p>\n<p>&#13;<\/p>\n<p>5. Les Bateaux lyonnais<\/p>\n<p>184\u00a0050 visiteurs en 2024<\/p>\n<p>Acteur incontournable du tourisme fluvial,\u00a0L\u2019entreprise\u00a0Les Bateau lyonnais (anciennement Lyon City Boat) a \u00e9t\u00e9\u00a0acquise fin 2017 par <a href=\"https:\/\/www.leprogres.fr\/economie\/2018\/03\/21\/les-bateaux-lyonnais-nouveau-nom-de-bapteme-de-lyon-city-boat\" target=\"_blank\" rel=\"noopener\">le groupe Lavorel Hotels<\/a>. Cette compagnie fluviale est compos\u00e9e de six bateaux (dont le\u00a0 c\u00e9l\u00e8bre bateau-restaurant Herm\u00e8s II ) r\u00e9alisant des croisi\u00e8res promenade, des croisi\u00e8res restaurant et des croisi\u00e8res privatives pour les \u00e9v\u00e9nements.<\/p>\n<p>Gr\u00e2ce \u00e0 une client\u00e8le affaires et loisirs, Les Bateau lyonnais ont\u00a0enregistr\u00e9 184\u00a0050 visiteurs en 2024 mais ont\u00a0du mal \u00e0 retrouver les niveaux d\u2019avant Covid (200\u00a0146 visiteurs en 2019).<\/p>\n<p>Alors la compagnie cherche \u00e0 <a href=\"https:\/\/www.leprogres.fr\/culture-loisirs\/2024\/07\/21\/des-celestins-au-musee-des-confluences-elle-vous-montre-lyon-autrement\" target=\"_blank\" rel=\"noopener\">attirer une nouvelle client\u00e8le<\/a>, plus jeune, avec des afterworks ou des croisi\u00e8res \u00e9ph\u00e9m\u00e8res. Comme la croisi\u00e8re Brunch clubing de ce dimanche 6 juillet \u00a0: 3h30 au fil de l&rsquo;eau, avec un brunch de chef et le le son de DJ Nomore ou faire\u00a0le feu d&rsquo;artifice du 14-Juillet en croisi\u00e8re.<\/p>\n<p class=\"note\">13 bis Quai Rambaud (Lyon 2e). T\u00e9l. 04 78 42 96 81. <a href=\"https:\/\/www.leprogres.fr\/economie\/2025\/07\/06\/mailto:contact@lesbateauxlyonnais.com\" target=\"_blank\" rel=\"noopener\">contact@lesbateauxlyonnais.com<\/a><br \/>Prix. De 9\u20ac \u00e0 75 \u20ac. <a href=\"https:\/\/www.lesbateauxlyonnais.com\/\" target=\"_blank\" rel=\"noopener\">www.lesbateauxlyonnais.com<\/a><\/p>\n<p>  &#13;<br \/>\n      <a href=\"https:\/\/cdn-s-www.leprogres.fr\/images\/57364971-c987-47d0-9002-acd1b03cc932\/NW_raw\/la-fosse-aux-requins-de-l-aquarium-de-lyon-a-la-mulatiere-photo-maxime-jegat-1693084840.jpg\" title=\"La fosse aux requins de l&#039;Aquarium de Lyon \u00e0 La Mulati\u00e8re. Photo Maxime Jegat\" class=\"chocolat-image GA-tracking\" data-ga_type=\"click\" data-ga_category=\"D\u00e9tail\" data-ga_action=\"zoomer\" data-ga_label=\"agrandir image\" target=\"_blank\" rel=\"noopener\">&#13;<br \/>\n          <img loading=\"lazy\" decoding=\"async\" src=\"https:\/\/www.europesays.com\/fr\/wp-content\/uploads\/2025\/07\/la-fosse-aux-requins-de-l-aquarium-de-lyon-a-la-mulatiere-photo-maxime-jegat-1693084840.jpg\" data-mobile=\"NW_listC_M|1693084840\" data-base=\"NW_listC|1693084840\" alt=\"La fosse aux requins de l'Aquarium de Lyon \u00e0 La Mulati\u00e8re. Photo Maxime Jegat\"\/>&#13;<br \/>\n      <\/a>&#13;<\/p>\n<p>La fosse aux requins de l&rsquo;Aquarium de Lyon \u00e0 La Mulati\u00e8re. Photo Maxime Jegat<\/p>\n<p>&#13;<\/p>\n<p>4.\u00a0Aquarium de Lyon-La Mulati\u00e8re<\/p>\n<p>207\u00a0920 visiteurs en 2024<\/p>\n<p>A L\u2019Aquarium de Lyon-La Mulati\u00e8re, en 2024, 207\u00a0920 visiteurs ont pu observer les 39 bassins abritant 300 esp\u00e8ces aquatiques diff\u00e9rentes. Dans cet \u00e9tablissement priv\u00e9 dirig\u00e9 par\u00a0Yvan Boulat et\u00a0g\u00e9r\u00e9 par le groupe Aspro-Ocio, l\u2019\u00e9quipe de biologistes (6 personnes sur 20 salari\u00e9s) s\u2019est investie dans la reproduction des coraux, des<a href=\"https:\/\/www.leprogres.fr\/culture-loisirs\/2022\/12\/15\/aquarium-explorer-la-fosse-aux-requins\" target=\"_blank\" rel=\"noopener\"> requins<\/a>, des hippocampes ou des <a href=\"https:\/\/www.leprogres.fr\/culture-loisirs\/2023\/07\/26\/il-a-une-tete-marrante-celui-la-les-enfants-s-amusent-a-l-aquarium-de-lyon\" target=\"_blank\" rel=\"noopener\">poissons clowns<\/a><\/p>\n<p>Apr\u00e8s un important chantier en 2010, un nouveau projet de r\u00e9novation et d\u2019extension sera achev\u00e9<a href=\"https:\/\/www.leprogres.fr\/culture-loisirs\/2022\/12\/15\/aquarium-explorer-la-fosse-aux-requins\" target=\"_blank\" rel=\"noopener\"> fin 2025<\/a>.<\/p>\n<p class=\"note\">7 rue St\u00e9phane D\u00e9chant, La Mulati\u00e8re. Tel. 04 72 66 65 66.\u00a0<a href=\"https:\/\/www.aquariumlyon.fr\/\" target=\"_blank\" rel=\"noopener\">aquariumlyon.fr<\/a><br \/>Ouvert toute l\u2019ann\u00e9e y compris les jours f\u00e9ri\u00e9s (sauf 25 d\u00e9cembre et 1er janvier et le 3 novembre 2025. De 10h30 \u00e0 18h30 (derni\u00e8re entr\u00e9e \u00e0 17h30). Prix\u00a0: de 18\u20ac \u00e0 6\u20ac.<\/p>\n<p>  &#13;<br \/>\n      <a href=\"https:\/\/cdn-s-www.leprogres.fr\/images\/fb05081b-b021-4998-818a-d3ff29efb038\/NW_raw\/la-partie-dark-crystal-dans-le-nouvel-espace-immersif-fantasy-photo-delphine-givord-1751715576.jpg\" title=\"La partie Dark Crystal dans le\u00a0nouvel espace immersif Fantasy. Photo Delphine Givord\" class=\"chocolat-image GA-tracking\" data-ga_type=\"click\" data-ga_category=\"D\u00e9tail\" data-ga_action=\"zoomer\" data-ga_label=\"agrandir image\" target=\"_blank\" rel=\"noopener\">&#13;<br \/>\n          <img loading=\"lazy\" decoding=\"async\" src=\"https:\/\/www.europesays.com\/fr\/wp-content\/uploads\/2025\/07\/la-partie-dark-crystal-dans-le-nouvel-espace-immersif-fantasy-photo-delphine-givord-1751715576.jpg\" data-mobile=\"NW_listC_M|1751715576\" data-base=\"NW_listC|1751715576\" alt=\"La partie Dark Crystal dans le\u00a0nouvel espace immersif Fantasy. Photo Delphine Givord\"\/>&#13;<br \/>\n      <\/a>&#13;<\/p>\n<p>La partie Dark Crystal dans le\u00a0nouvel espace immersif Fantasy. Photo Delphine Givord<\/p>\n<p>&#13;<\/p>\n<p>3.\u00a0Mus\u00e9e Cin\u00e9ma et miniature de Lyon<\/p>\n<p>247\u00a0850 visiteurs en 2024<\/p>\n<p>Le mus\u00e9e Cin\u00e9ma et miniature de Lyon, \u00e9tablissement priv\u00e9 qui propose de d\u00e9couvrir \u00e0 la fois les effets sp\u00e9ciaux dans le cin\u00e9ma et la magie de la miniature, a ouvert une premi\u00e8re fois rue Juiverie (Lyon 5e) en 1990 puis en 2005, rue Saint-Jean, pr\u00e8s de la cath\u00e9drale, dans le Vieux Lyon.<\/p>\n<p>En 2023, le <a href=\"https:\/\/www.leprogres.fr\/culture-loisirs\/2023\/11\/20\/le-musee-du-cinema-et-de-la-miniature-va-s-agrandir\" target=\"_blank\" rel=\"noopener\">mus\u00e9e s&rsquo;est agrandi<\/a>\u00a0et a investi la <a href=\"https:\/\/www.leprogres.fr\/culture-loisirs\/2023\/09\/21\/entierement-restauree-la-maison-du-chamarier-s-offre-une-nouvelle-vie\" target=\"_blank\" rel=\"noopener\">maison du Chamarier<\/a> rue Sainte-Croix o\u00f9 sont expos\u00e9es les miniatures. Le site\u00a0d\u00e9di\u00e9 au cin\u00e9ma est toujours dans l\u2019ancienne Maison des avocats avec un millier d\u2019objets vus dans des longs-m\u00e9trages tels que Tim Rose (<a href=\"https:\/\/www.leprogres.fr\/culture-loisirs\/2025\/03\/30\/tim-rose-(star-wars)-au-musee-cinema-et-miniature-le-12-avril\" target=\"_blank\" rel=\"noopener\">Star Wars<\/a>),\u00a0Indiana Jones, Aliens, Jurassic Park, Terminator 2, Robocop, Gladiator, Gremlin\u2019s&#8230;<\/p>\n<p>\u00a0<a href=\"https:\/\/www.leprogres.fr\/economie\/2025\/02\/01\/je-roulais-en-rolls-royce-imaginez-pour-un-petit-gars-comme-moi-la-tres-grande-vie-de-dan-ohlmann-roi-de-la-miniature\" target=\"_blank\" rel=\"noopener\">Dan Ohlmann,<\/a>\u00a0&#8211; qui a re\u00e7u la m\u00e9daille de la Ville de Lyon en f\u00e9vrier 2025 &#8211; \u00e9b\u00e9niste de formation et miniaturiste par passion, en est le fondateur. Il a revendu l&rsquo;affaire \u00e0\u00a0<a href=\"https:\/\/www.leprogres.fr\/culture-loisirs\/2022\/10\/28\/julien-dumont-le-directeur-du-musee-cinema-et-miniature-a-recu-un-prix-a-los-angeles\" target=\"_blank\" rel=\"noopener\">Julien Dumont<\/a>\u00a0en d\u00e9cembre 2021.<br \/>Le mus\u00e9e qui\u00a0a accueilli 247\u00a0850 visiteurs en 2024 est particuli\u00e8rement pris\u00e9 par la client\u00e8le \u00e9trang\u00e8re.<br \/>\u00c0 partir de ce <a href=\"https:\/\/www.leprogres.fr\/culture-loisirs\/2025\/07\/04\/le-musee-cinema-et-miniature-invite-les-visiteurs-dans-un-monde-de-fantasy\" target=\"_blank\" rel=\"noopener\">samedi 5\u00a0juillet,<\/a>\u00a0le mus\u00e9e Cin\u00e9ma et miniature propose un nouvel espace ultra-immersif sur le th\u00e8me du genre \u201cfantasy\u201d\u00a0:\u00a0Narnia, Harry Potter, Le Seigneur des Anneaux.<\/p>\n<p class=\"note\">Pendant les vacances scolaires,\u00a0le mus\u00e9e est ouvert tous les jours de\u00a010h \u00e0 19h\u00a060. Rue Saint-Jean (Lyon 5e) . T\u00e9l\u00e9phone. 04 72 00 24 77. <a href=\"https:\/\/www.leprogres.fr\/economie\/2025\/07\/06\/mailto:Emailcontact@museeminiatureetcinema.fr\" target=\"_blank\" rel=\"noopener\">contact@museeminiatureetcinema.fr<\/a>. Tarif : de 19,90 \u20ac \u00e0 12,90 \u20ac.<a href=\"https:\/\/www.museeminiatureetcinema.fr\/\" target=\"_blank\" rel=\"noopener\"> www.museeminiatureetcinema.fr<\/a><\/p>\n<p>  &#13;<br \/>\n      <a href=\"https:\/\/cdn-s-www.leprogres.fr\/images\/538218f0-e70e-45b9-bb69-92e27c6d86e8\/NW_raw\/musee-des-beaux-arts-a-lyon-photo-maxime-jegat-1751715576.jpg\" title=\"Mus\u00e9e des Beaux Arts \u00e0 Lyon.\u00a0 Photo Maxime Jegat\" class=\"chocolat-image GA-tracking\" data-ga_type=\"click\" data-ga_category=\"D\u00e9tail\" data-ga_action=\"zoomer\" data-ga_label=\"agrandir image\" target=\"_blank\" rel=\"noopener\">&#13;<br \/>\n          <img loading=\"lazy\" decoding=\"async\" src=\"https:\/\/www.europesays.com\/fr\/wp-content\/uploads\/2025\/07\/musee-des-beaux-arts-a-lyon-photo-maxime-jegat-1751715576.jpg\" data-mobile=\"NW_listC_M|1751715576\" data-base=\"NW_listC|1751715576\" alt=\"Mus\u00e9e des Beaux Arts \u00e0 Lyon.\u00a0 Photo Maxime Jegat\"\/>&#13;<br \/>\n      <\/a>&#13;<\/p>\n<p>Mus\u00e9e des Beaux Arts \u00e0 Lyon.\u00a0 Photo Maxime Jegat<\/p>\n<p>&#13;<\/p>\n<p>2. Mus\u00e9e des Beaux-arts de Lyon<\/p>\n<p>320\u00a0480 visiteurs en 2024<\/p>\n<p>Nich\u00e9 dans le palais Saint-Pierre, place des Terreaux, le Mus\u00e9e des Beaux-arts de Lyon abrite des\u00a0toiles de ma\u00eetre \u00a0: Poussin, Matisse, Fragonard, Rubens, Rembrandt, Renoir, Monet, Gauguin, Chagall, ou encore Picasso. Ce mus\u00e9e municipal entretient des liens \u00e9troits avec ses m\u00e9c\u00e8nes et le <a href=\"https:\/\/www.leprogres.fr\/economie\/2024\/06\/03\/rhone-comment-le-musee-des-beaux-arts-oeuvre-avec-le-tissu-economique-local\" target=\"_blank\" rel=\"noopener\">tissu \u00e9conomique local<\/a>.<\/p>\n<p>L&rsquo;\u00e9tablissement a accueilli 320\u00a0480 visiteurs en 2024, d\u00e9passant les chiffres d\u2019avant Covid (283\u00a0681 visiteurs en 2019) . 35,6 % du public a moins de 26 ans. La programmation \u00e9v\u00e9nementielle a \u00e9t\u00e9 modernis\u00e9e (visites gustatives et sensorielles, concerts, visites \u00e0 la lampe de poche&#8230;) et un espace enfant, <a href=\"https:\/\/www.leprogres.fr\/culture-loisirs\/2025\/06\/20\/la-cabane-le-nouveau-cocon-pour-les-enfants-du-musee-des-beaux-arts-un-temps-de-pause-dans-la-visite\" target=\"_blank\" rel=\"noopener\">La Cabane, <\/a>a \u00e9t\u00e9 cr\u00e9\u00e9.En <a href=\"https:\/\/www.leprogres.fr\/rhone-69-edition-lyon-metropole\/2018\/11\/02\/lyon-la-renovation-qui-a-tout-change-au-musee-des-beaux-arts\" target=\"_blank\" rel=\"noopener\">1998, une vaste r\u00e9novation<\/a> avait \u00e9t\u00e9 engag\u00e9e avant celle du printemps 2024.<\/p>\n<p>Le 10\u00a0f\u00e9vrier 2024, deux jeunes activistes \u00e9cologistes avaient\u00a0<a href=\"https:\/\/www.leprogres.fr\/environnement\/2024\/05\/21\/en-jetant-de-la-soupe-sur-un-tableau-de-monet-elles-voulaient-l-attention-mediatique-deux-mois-de-prison-avec-sursis-requis\" target=\"_blank\" rel=\"noopener\">asperg\u00e9 de soupe<\/a> Le Printemps, tableau de Claude Monet. Elles avaient \u00e9t\u00e9 relax\u00e9es en premi\u00e8re instance mais le parquet avait interjet\u00e9 appel. En janvier 2025, <a href=\"https:\/\/www.leprogres.fr\/environnement\/2025\/01\/14\/elles-avaient-jete-de-la-soupe-sur-un-tableau-de-monet-condamnees-a-300-euros-d-amende-en-appel\" target=\"_blank\" rel=\"noopener\">la Cour d\u2019appel de Lyon<\/a>, a requalifi\u00e9 l\u2019infraction en \u00ab\u00a0d\u00e9gradation de bien l\u00e9ger\u00a0\u00bb et les a finalement condamn\u00e9es \u00e0 300\u00a0euros d\u2019amende, avec sursis pour l\u2019une d\u2019elles.<\/p>\n<p class=\"note\">Mus\u00e9e des Beaux-Arts 20 place des Terreaux Lyon 1er &#8211; Ouvert tous les jours sauf mardi et jours f\u00e9ri\u00e9s de 10 \u00e0 18\u00a0h et le vendredi de 10\u00a0h\u00a030 \u00e0 18\u00a0h. T\u00e9l.\u00a004\u00a072\u00a010\u00a017\u00a040. Prix : entre 13 \u20ac et 1 \u20ac.<\/p>\n<p>  &#13;<br \/>\n      <a href=\"https:\/\/cdn-s-www.leprogres.fr\/images\/275c45ba-8752-4237-8a8e-a9c0f9850936\/NW_raw\/la-baleine-embleme-du-musee-des-confluences-s-est-envolee-dans-les-airs-telle-une-bougie-d-anniversaire-pour-les-10-ans-du-musee-photo-philippe-somnolet-musee-des-confluences-1750354142.jpg\" title=\"La baleine, embl\u00e8me du Mus\u00e9e des Confluences, s\u2019est envol\u00e9e dans les airs telle une bougie d\u2019anniversaire pour les 10 ans du mus\u00e9e. Photo\u00a0Philippe Somnolet \/ Mus\u00e9e des Confluences\" class=\"chocolat-image GA-tracking\" data-ga_type=\"click\" data-ga_category=\"D\u00e9tail\" data-ga_action=\"zoomer\" data-ga_label=\"agrandir image\" target=\"_blank\" rel=\"noopener\">&#13;<br \/>\n          <img loading=\"lazy\" decoding=\"async\" src=\"https:\/\/www.europesays.com\/fr\/wp-content\/uploads\/2025\/07\/la-baleine-embleme-du-musee-des-confluences-s-est-envolee-dans-les-airs-telle-une-bougie-d-anniversa.jpeg\" data-mobile=\"NW_listC_M|1750354142\" data-base=\"NW_listC|1750354142\" alt=\"La baleine, embl\u00e8me du Mus\u00e9e des Confluences, s\u2019est envol\u00e9e dans les airs telle une bougie d\u2019anniversaire pour les 10 ans du mus\u00e9e. Photo\u00a0Philippe Somnolet \/ Mus\u00e9e des Confluences\"\/>&#13;<br \/>\n      <\/a>&#13;<\/p>\n<p>La baleine, embl\u00e8me du Mus\u00e9e des Confluences, s\u2019est envol\u00e9e dans les airs telle une bougie d\u2019anniversaire pour les 10 ans du mus\u00e9e. Photo\u00a0Philippe Somnolet \/ Mus\u00e9e des Confluences<\/p>\n<p>&#13;<\/p>\n<p>1.\u00a0Mus\u00e9e des Confluences<\/p>\n<p>708\u00a0970 visiteurs en 2024<\/p>\n<p>Avec 708\u00a0970 visiteurs en 2024, soit 2\u00a0210 entr\u00e9es par jour en moyenne, le Mus\u00e9e des Confluences, propri\u00e9t\u00e9 de la M\u00e9tropole de Lyon, caracole en t\u00eate des lieux touristiques les plus fr\u00e9quent\u00e9s du d\u00e9partement.<br \/>Cette ann\u00e9e exceptionnelle (37\u00a0370 visiteurs de plus qu\u2019en 2023) a \u00e9t\u00e9 port\u00e9e par le succ\u00e8s de l\u2019exposition temporelle <a href=\"https:\/\/www.leprogres.fr\/culture-loisirs\/2023\/10\/25\/exposition-a-nos-amours-de-l-amulette-au-crush-au-musee-des-confluences\" target=\"_blank\" rel=\"noopener\">\u00c0 nos Amour<\/a>\u00a0qui a attir\u00e9 \u00e0 elle seule 455\u00a0635 visiteurs.\u00a0<\/p>\n<p>Le g\u00e9ant de verre, sorti de terre, dans la douleur<a href=\"https:\/\/www.leprogres.fr\/a-propos\/2024\/12\/18\/10-ans-musee-confluences\" target=\"_blank\" rel=\"noopener\">\u00a0il y a 10 ans<\/a>,\u00a0vient d&rsquo;ouvrir un espace pour\u00a0les tout-petits (2-6 ans) qui ont d\u00e9sormais leur propre mus\u00e9e, 350 m2\u00a0(payant et sur r\u00e9servation) appel\u00e9\u00a0le <a href=\"https:\/\/www.leprogres.fr\/culture-loisirs\/2025\/06\/20\/musee-des-confluences-les-2-6-ans-sur-un-nuage-dans-leur-nouvel-espace-dedie-au-3e-etage\" target=\"_blank\" rel=\"noopener\">\u201cNuage des petits\u201d<\/a>.\u00a0<\/p>\n<p>Le Mus\u00e9e des Confluences\u00a0compte parmi les lieux les plus courus d\u2019Auvergne Rh\u00f4ne-Alpes, avec le T\u00e9l\u00e9ph\u00e9rique de l\u2019Aiguille du Midi \u00e0 Chamonix (Haute-Savoie) (988\u00a0000 visiteurs en 2023), le Chemin de fer Montenvers -Mer de Glace \u00e0 Chamonix (961\u00a0600 visiteurs en 2023) et le parc d\u2019attraction et zoo, Le Pal de Saint-Pour\u00e7ain-sur-Besbre (Allier) (730\u00a0000 entr\u00e9es en 2024).<\/p>\n<p class=\"note\">Etablissements ferm\u00e9s pour travaux \u00a0: le Mus\u00e9e des Tissus et des arts d\u00e9coratifs de Lyon (68\u00a0056 visiteurs en 2019) et l\u2019Espace Pierres Folles \u00e0 Saint-Jean-des-Vignes (11 823 visiteurs en 2019).<br \/>Sources \u00a0: <a href=\"https:\/\/pro.auvergnerhonealpes-tourisme.com\/memento\/tourisme-culturel\/#Sites_touristiques_culturels_et_de_loisirs_de_plus_de_10_000_entrees\" target=\"_blank\" rel=\"noopener\">OnlyLyon Tourisme et Congr\u00e8s<\/a>.<\/p>\n<p>        &#13;<br \/>\n          <a href=\"https:\/\/cdn-s-www.leprogres.fr\/images\/f327e0be-06fd-4974-9899-35daf19fcc0e\/NW_raw\/le-musee-et-le-site-gallo-romain-de-saint-romain-en-gal-photo-mona-blanchet-dauphine-libere-1680964472.jpg\" title=\"\u00a0Le Mus\u00e9e et le site gallo-romain de Saint-Romain-en-Gal.\u00a0 Photo Mona Blanchet \/ Dauphin\u00e9 Lib\u00e9r\u00e9\" class=\"chocolat-image GA-tracking\" data-ga_type=\"click\" data-ga_category=\"D\u00e9tail\" data-ga_action=\"zoomer\" data-ga_label=\"agrandir image\" target=\"_blank\" rel=\"noopener\">&#13;<br \/>\n            <img loading=\"lazy\" decoding=\"async\" src=\"https:\/\/www.europesays.com\/fr\/wp-content\/uploads\/2025\/07\/le-musee-et-le-site-gallo-romain-de-saint-romain-en-gal-photo-mona-blanchet-dauphine-libere-16809644.jpeg\" alt=\"\u00a0Le Mus\u00e9e et le site gallo-romain de Saint-Romain-en-Gal.\u00a0 Photo Mona Blanchet \/ Dauphin\u00e9 Lib\u00e9r\u00e9\"\/>&#13;<br \/>\n          <\/a>&#13;<br \/>\n          &#13;<\/p>\n<p class=\"insetTitle\">La suite du classement des sites les plus fr\u00e9quent\u00e9s du Rh\u00f4ne<\/p>\n<ul>\n<li>11. Le Mus\u00e9e et le site gallo-romain de Saint-Romain-en-Gal \u2013Vienne (72\u00a0379 entr\u00e9es en 2024)\u00a0;<\/li>\n<li>12. Le Centre d\u2019Histoire, de la R\u00e9sistance et de la D\u00e9portation de Lyon (66\u00a0703 entr\u00e9es en 2024)\u00a0;<\/li>\n<li>13. Le Mus\u00e9e Gadagne de Lyon (65\u00a0702 entr\u00e9es en 2024)\u00a0;<\/li>\n<li>14. L\u2019Institut Lumi\u00e8re de Lyon (61\u00a0326 visiteurs, attention ce sont les chiffres de 2023)\u00a0;<\/li>\n<li>15. Le Parc animalier de Courzieu (53\u00a0388 visiteurs en 2024)\u00a0;<\/li>\n<li>16. La Baignade biologique du Lac des Sapins de Cublize (52\u00a0537 visiteurs en 2024)\u00a0;<\/li>\n<li>17. Les visites insolites de la Cath\u00e9drale de Fourvi\u00e8re (40\u00a0720 visiteurs en 2024)\u00a0;<\/li>\n<li>18. La Maison des Canuts de Lyon (37\u00a0053 visiteurs en 2024)\u00a0;<\/li>\n<li>19. Lyon City bus (36\u00a0660 visiteurs en 2024)\u00a0;<\/li>\n<li>20. Maison du Terroir Beaujolais \u00e0 Beaujeu\u00a0(35\u00a0412 visiteurs en 2024)\u00a0;<\/li>\n<li>21. Maison Henri-Malartre (auto-moto-cyclo) \u00e0 Rochetaill\u00e9e-sur-Sa\u00f4ne (31\u00a0783 visiteurs en 2024)\u00a0;<\/li>\n<li>22. City aventure, parc de loisirs \u00e0 Sainte-Foy-l\u00e8s-Lyon (26\u00a0152 visiteurs en 2024)\u00a0;<\/li>\n<li>23. Plateau d\u2019Yzeron (22\u00a0014 visiteurs en 2024)\u00a0;<\/li>\n<li>24.France aventure, parc de loisirs au Fort de Bron (18\u00a0320 visiteurs en 2024)\u00a0;<\/li>\n<li>25. Mus\u00e9e Paul-Dini de Villefranche-sur-Sa\u00f4ne (17\u00a0678 visiteurs en 2024)\u00a0;<\/li>\n<li>26. Salva Terra, parc et village m\u00e9di\u00e9val \u00e0 Haute Rivoire (15\u00a0000 visiteurs)\u00a0;<\/li>\n<li>27. La Tour d\u2019Oingt \u00e0 Oingt (13\u00a0233 visiteurs en 2024)\u00a0;<\/li>\n<li>28. Association de la Soierie vivante \u00e0 Lyon (11\u00a0704 visiteurs en 2024).<\/li>\n<\/ul>\n","protected":false},"excerpt":{"rendered":"Qu&rsquo;ils soient d&rsquo;ici ou d&rsquo;ailleurs, que font les touristes quand ils visitent Lyon et le Rh\u00f4ne \u00a0? Ils&hellip;\n","protected":false},"author":2,"featured_media":230075,"comment_status":"","ping_status":"","sticky":false,"template":"","format":"standard","meta":{"footnotes":""},"categories":[1889],"tags":[1111,11,2430,1687,3152,2757,3153,3154,436,1777,674,2271,107,1011,27,2428,12,25,2429,273,3151,602],"class_list":{"0":"post-230074","1":"post","2":"type-post","3":"status-publish","4":"format-standard","5":"has-post-thumbnail","7":"category-lyon","8":"tag-actu","9":"tag-actualites","10":"tag-auvergne-rhone-alpes","11":"tag-culture-loisirs","12":"tag-edition-est-lyonnais","13":"tag-edition-lyon-villeurbanne","14":"tag-edition-ouest-lyonnais","15":"tag-edition-sud-lyonnais","16":"tag-environnement","17":"tag-eu","18":"tag-europe","19":"tag-exposition-arts-plastiques","20":"tag-fil-info","21":"tag-fr","22":"tag-france","23":"tag-lyon","24":"tag-news","25":"tag-republique-francaise","26":"tag-rhone","27":"tag-selection-de-la-redaction","28":"tag-selection-de-la-redaction-69","29":"tag-tourisme"},"share_on_mastodon":{"url":"https:\/\/pubeurope.com\/@fr\/114805475120949043","error":""},"_links":{"self":[{"href":"https:\/\/www.europesays.com\/fr\/wp-json\/wp\/v2\/posts\/230074","targetHints":{"allow":["GET"]}}],"collection":[{"href":"https:\/\/www.europesays.com\/fr\/wp-json\/wp\/v2\/posts"}],"about":[{"href":"https:\/\/www.europesays.com\/fr\/wp-json\/wp\/v2\/types\/post"}],"author":[{"embeddable":true,"href":"https:\/\/www.europesays.com\/fr\/wp-json\/wp\/v2\/users\/2"}],"replies":[{"embeddable":true,"href":"https:\/\/www.europesays.com\/fr\/wp-json\/wp\/v2\/comments?post=230074"}],"version-history":[{"count":0,"href":"https:\/\/www.europesays.com\/fr\/wp-json\/wp\/v2\/posts\/230074\/revisions"}],"wp:featuredmedia":[{"embeddable":true,"href":"https:\/\/www.europesays.com\/fr\/wp-json\/wp\/v2\/media\/230075"}],"wp:attachment":[{"href":"https:\/\/www.europesays.com\/fr\/wp-json\/wp\/v2\/media?parent=230074"}],"wp:term":[{"taxonomy":"category","embeddable":true,"href":"https:\/\/www.europesays.com\/fr\/wp-json\/wp\/v2\/categories?post=230074"},{"taxonomy":"post_tag","embeddable":true,"href":"https:\/\/www.europesays.com\/fr\/wp-json\/wp\/v2\/tags?post=230074"}],"curies":[{"name":"wp","href":"https:\/\/api.w.org\/{rel}","templated":true}]}}