{"id":230078,"date":"2025-07-06T09:04:09","date_gmt":"2025-07-06T09:04:09","guid":{"rendered":"https:\/\/www.europesays.com\/fr\/230078\/"},"modified":"2025-07-06T09:04:09","modified_gmt":"2025-07-06T09:04:09","slug":"au-lendemain-de-sa-reouverture-la-baignade-dans-la-seine-interdite-ce-dimanche-en-raison-de-la-pluie","status":"publish","type":"post","link":"https:\/\/www.europesays.com\/fr\/230078\/","title":{"rendered":"au lendemain de sa r\u00e9ouverture, la baignade dans la Seine interdite ce dimanche en raison de la pluie"},"content":{"rendered":"<p>            Par<br \/>\n        <strong><br \/>\n            <a href=\"https:\/\/actu.fr\/auteur\/antoine-grotteria02\" title=\"Consulter tous les articles de Antoine Grotteria\" target=\"_blank\" rel=\"noopener\">Antoine Grotteria<\/a><br \/>\n        <\/strong><\/p>\n<p>        Publi\u00e9 le<\/p>\n<p>            6 juil. 2025 \u00e0 10h58        <\/p>\n<p>Premier couac li\u00e9 aux <strong>intemp\u00e9ries<\/strong>. Au lendemain de <a href=\"https:\/\/actu.fr\/ile-de-france\/paris_75056\/paris-elle-est-douce-et-chaude-on-a-nage-dans-la-seine-a-bercy-avec-les-premiers-baigneurs_62873044.html\" target=\"_blank\" rel=\"noopener\">l\u2019ouverture<\/a> des trois sites de baignade dans <strong>la Seine<\/strong>, le drapeau rouge a \u00e9t\u00e9 hiss\u00e9 ce dimanche 6\u00a0juillet 2025, indique la Ville de Paris sur son <a href=\"https:\/\/www.paris.fr\/paris-en-seine-2025\" target=\"_blank\" rel=\"noopener\">site<\/a>. Les trois zones, au bras Marie (4e), au bras <a href=\"https:\/\/actu.fr\/ile-de-france\/paris_75056\/baignade-dans-la-seine-a-paris-un-meccano-geant-pour-accueillir-plus-d-une-centaine-de-nageurs-cet-ete_62792453.html\" target=\"_blank\" rel=\"noopener\">Beaugrenelle<\/a> (15e) et sur les quais de Bercy (12e) seront ferm\u00e9es <strong>toute la journ\u00e9e<\/strong> en raison de la pluie qui s\u2019abat sur la capitale depuis ce matin.<\/p>\n<p>La baignade dans le canal Saint-Martin \u00e9galement interdite<\/p>\n<p class=\" wall-content\">Sur le r\u00e9seau social X, le maire de Paris Centre <a href=\"https:\/\/actu.fr\/ile-de-france\/paris_75056\/resultats-des-municipales-a-paris-ariel-weil-elu-maire-de-l-arrondissement-paris-centre_34525269.html\" target=\"_blank\" rel=\"noopener\">Ariel Weil<\/a> (PS) a indiqu\u00e9 qu\u2019il s\u2019agissait des \u00ab\u2009al\u00e9as de la baignade en eau libre\u2009\u00bb, en r\u00e9ponse \u00e0 un commentaire de la maire du 10e arrondissement <a href=\"https:\/\/actu.fr\/ile-de-france\/paris_75056\/resultats-des-municipales-a-paris-alexandra-cordebard-reelue-maire-du-10eme-arrondissement_34529869.html\" target=\"_blank\" rel=\"noopener\">Alexandre Cordebard<\/a> annon\u00e7ant, de son c\u00f4t\u00e9, <strong>l\u2019interdiction de la baignade dans le canal Saint-Martin<\/strong>.<\/p>\n<p class=\" wall-content\">\n<p class=\" wall-content\">Ce samedi 5\u00a0juillet 2025, les trois sites parisiens ont ouvert apr\u00e8s plus d\u2019un si\u00e8cle d\u2019interdiction de baignade dans la Seine. Avec un faible d\u00e9bit et une temp\u00e9rature douce, les conditions s\u2019av\u00e9raient r\u00e9unies pour piquer une t\u00eate dans le fleuve. Mais la qualit\u00e9 de l\u2019eau s\u2019est <strong>d\u00e9t\u00e9rior\u00e9e<\/strong> ce dimanche. Les autorit\u00e9s ont indiqu\u00e9 que des <strong>contr\u00f4les<\/strong> seraient effectu\u00e9s <strong>quotidiennement<\/strong> pour mesurer le taux de bact\u00e9ries.<\/p>\n<p class=\" wall-content\">Suivez toute l\u2019actualit\u00e9 de vos villes et m\u00e9dias favoris en vous inscrivant \u00e0 <a href=\"https:\/\/moncompte.actu.fr\" title=\"D\u00e9couvez Mon Actu\" rel=\"nofollow noopener\" data-trk=\"{&quot;cta&quot;:{&quot;action&quot;:&quot;https:\\\/\\\/moncompte.actu.fr&quot;,&quot;category&quot;:&quot;mon compte&quot;,&quot;from&quot;:&quot;article footer&quot;,&quot;name&quot;:&quot;Mon actu&quot;,&quot;type&quot;:&quot;cta&quot;}}\" target=\"_blank\">Mon Actu<\/a>.<\/p>\n","protected":false},"excerpt":{"rendered":"Par Antoine Grotteria Publi\u00e9 le 6 juil. 2025 \u00e0 10h58 Premier couac li\u00e9 aux intemp\u00e9ries. Au lendemain de&hellip;\n","protected":false},"author":2,"featured_media":230079,"comment_status":"","ping_status":"","sticky":false,"template":"","format":"standard","meta":{"footnotes":""},"categories":[1888],"tags":[1111,1928,11,1927,1777,674,1011,27,5353,12,1926,626,1925,4459,25,104],"class_list":{"0":"post-230078","1":"post","2":"type-post","3":"status-publish","4":"format-standard","5":"has-post-thumbnail","7":"category-paris","8":"tag-actu","9":"tag-actu-paris","10":"tag-actualites","11":"tag-actualites-paris","12":"tag-eu","13":"tag-europe","14":"tag-fr","15":"tag-france","16":"tag-la-seine","17":"tag-news","18":"tag-news-paris","19":"tag-paris","20":"tag-paris-news","21":"tag-pluie","22":"tag-republique-francaise","23":"tag-societe"},"share_on_mastodon":{"url":"https:\/\/pubeurope.com\/@fr\/114805490555094525","error":""},"_links":{"self":[{"href":"https:\/\/www.europesays.com\/fr\/wp-json\/wp\/v2\/posts\/230078","targetHints":{"allow":["GET"]}}],"collection":[{"href":"https:\/\/www.europesays.com\/fr\/wp-json\/wp\/v2\/posts"}],"about":[{"href":"https:\/\/www.europesays.com\/fr\/wp-json\/wp\/v2\/types\/post"}],"author":[{"embeddable":true,"href":"https:\/\/www.europesays.com\/fr\/wp-json\/wp\/v2\/users\/2"}],"replies":[{"embeddable":true,"href":"https:\/\/www.europesays.com\/fr\/wp-json\/wp\/v2\/comments?post=230078"}],"version-history":[{"count":0,"href":"https:\/\/www.europesays.com\/fr\/wp-json\/wp\/v2\/posts\/230078\/revisions"}],"wp:featuredmedia":[{"embeddable":true,"href":"https:\/\/www.europesays.com\/fr\/wp-json\/wp\/v2\/media\/230079"}],"wp:attachment":[{"href":"https:\/\/www.europesays.com\/fr\/wp-json\/wp\/v2\/media?parent=230078"}],"wp:term":[{"taxonomy":"category","embeddable":true,"href":"https:\/\/www.europesays.com\/fr\/wp-json\/wp\/v2\/categories?post=230078"},{"taxonomy":"post_tag","embeddable":true,"href":"https:\/\/www.europesays.com\/fr\/wp-json\/wp\/v2\/tags?post=230078"}],"curies":[{"name":"wp","href":"https:\/\/api.w.org\/{rel}","templated":true}]}}