{"id":230086,"date":"2025-07-06T09:08:21","date_gmt":"2025-07-06T09:08:21","guid":{"rendered":"https:\/\/www.europesays.com\/fr\/230086\/"},"modified":"2025-07-06T09:08:21","modified_gmt":"2025-07-06T09:08:21","slug":"en-direct-guerre-en-ukraine-les-dernieres-informations-du-dimanche-6-juillet-2025","status":"publish","type":"post","link":"https:\/\/www.europesays.com\/fr\/230086\/","title":{"rendered":"EN DIRECT &#8211; Guerre en Ukraine : les derni\u00e8res informations du dimanche 6 juillet 2025"},"content":{"rendered":"<ul class=\"jsx-862013697 ArticleChapo__List\">\n<li class=\"jsx-862013697 ArticleChapo__List_Item flex\">L&rsquo;Ukraine a \u00e9t\u00e9 la cible, dans la nuit de jeudi \u00e0 vendredi, de l&rsquo;attaque de drones russes la plus massive de la guerre.<\/li>\n<li class=\"jsx-862013697 ArticleChapo__List_Item flex\">Le secr\u00e9taire g\u00e9n\u00e9ral de l&rsquo;ONU a \u00ab\u00a0condamn\u00e9 fermement\u00a0\u00bb cette attaque, appelant \u00e0 un cessez-le-feu total, imm\u00e9diat et inconditionnel.<\/li>\n<li class=\"jsx-862013697 ArticleChapo__List_Item flex\">Suivez les derni\u00e8res informations.<\/li>\n<\/ul>\n<p data-module=\"article-paragraph\" class=\"jsx-3046738180 Paragraph\">Le secr\u00e9taire g\u00e9n\u00e9ral de l&rsquo;ONU Antonio Guterres a condamn\u00e9, samedi 5 juillet, la plus importante attaque de drones et de missiles men\u00e9e par la Russie depuis le d\u00e9but de la guerre en Ukraine il y a trois ans. M. Guterres dit \u00ab\u00a0condamner fermement la derni\u00e8re s\u00e9rie d&rsquo;attaques \u00e0 grande \u00e9chelle de drones et de missiles men\u00e9e par la Russie\u00a0\u00bb, appelant \u00e0 un cessez-le-feu total, imm\u00e9diat et inconditionnel.<\/p>\n<p data-module=\"article-paragraph\" class=\"jsx-3046738180 Paragraph Paragraph__End\">L&rsquo;Ukraine a \u00e9t\u00e9 la cible dans la nuit de jeudi \u00e0 vendredi de l&rsquo;attaque de drones russes la plus massive de la guerre. Des attaques massives de drones et de missiles qui se sont poursuivies pendant des heures ont oblig\u00e9 les civils \u00e0 chercher refuge dans des abris dans l&rsquo;ensemble du pays. Des journalistes de l&rsquo;AFP ont entendu des drones au-dessus de la capitale et des explosions qui ont r\u00e9sonn\u00e9 pendant toute la nuit tandis que les syst\u00e8mes de d\u00e9fense a\u00e9rienne ukrainiens repoussaient l&rsquo;attaque.<\/p>\n<p data-module=\"article-paragraph\" class=\"jsx-3046738180 Paragraph\">Le pr\u00e9sident am\u00e9ricain, Donald Trump, \u00ab\u00a0tr\u00e8s m\u00e9content\u00a0\u00bb de son <a href=\"https:\/\/www.tf1info.fr\/international\/ukraine-proche-orient-ce-qu-ont-dit-poutine-et-trump-lors-de-leur-nouvel-entretien-2380787.html\" target=\"_blank\" rel=\"noopener\">dernier appel t\u00e9l\u00e9phonique avec Vladimir Poutine<\/a>, a \u00e9voqu\u00e9 vendredi la possibilit\u00e9 de nouvelles sanctions contre la Russie en l&rsquo;absence de progr\u00e8s vers une fin de la guerre en Ukraine.<\/p>\n<p data-module=\"article-paragraph\" class=\"jsx-3046738180 Paragraph Paragraph__End\">De son c\u00f4t\u00e9, le Kremlin a estim\u00e9 qu&rsquo;il n&rsquo;\u00e9tait \u00ab\u00a0pas possible\u00a0\u00bb pour l&rsquo;instant d'\u00a0\u00bbatteindre\u00a0\u00bb ses objectifs en Ukraine par la voie diplomatique, sous-entendant ainsi une poursuite des combats et des attaques face \u00e0 un adversaire en difficult\u00e9 sur le front.<\/p>\n<p>La r\u00e9daction de TF1info<\/p>\n","protected":false},"excerpt":{"rendered":"L&rsquo;Ukraine a \u00e9t\u00e9 la cible, dans la nuit de jeudi \u00e0 vendredi, de l&rsquo;attaque de drones russes la&hellip;\n","protected":false},"author":2,"featured_media":116434,"comment_status":"","ping_status":"","sticky":false,"template":"","format":"standard","meta":{"footnotes":""},"categories":[1591],"tags":[1111,11,1921,1887,28083,1922,12,1885,1886,132,220,1917,133,1920,135,134],"class_list":{"0":"post-230086","1":"post","2":"type-post","3":"status-publish","4":"format-standard","5":"has-post-thumbnail","7":"category-russie","8":"tag-actu","9":"tag-actualites","10":"tag-article-video","11":"tag-federation-de-russie","12":"tag-guerre-en-ukraine-une-treve-sera-t-elle-possible","13":"tag-info","14":"tag-news","15":"tag-russia","16":"tag-russian-federation","17":"tag-russie","18":"tag-ukraine","19":"tag-ukraine-4-annee-de-guerre","20":"tag-video","21":"tag-video-international","22":"tag-vladimir-poutine","23":"tag-volodymyr-zelensky"},"share_on_mastodon":{"url":"https:\/\/pubeurope.com\/@fr\/114805506679698355","error":""},"_links":{"self":[{"href":"https:\/\/www.europesays.com\/fr\/wp-json\/wp\/v2\/posts\/230086","targetHints":{"allow":["GET"]}}],"collection":[{"href":"https:\/\/www.europesays.com\/fr\/wp-json\/wp\/v2\/posts"}],"about":[{"href":"https:\/\/www.europesays.com\/fr\/wp-json\/wp\/v2\/types\/post"}],"author":[{"embeddable":true,"href":"https:\/\/www.europesays.com\/fr\/wp-json\/wp\/v2\/users\/2"}],"replies":[{"embeddable":true,"href":"https:\/\/www.europesays.com\/fr\/wp-json\/wp\/v2\/comments?post=230086"}],"version-history":[{"count":0,"href":"https:\/\/www.europesays.com\/fr\/wp-json\/wp\/v2\/posts\/230086\/revisions"}],"wp:featuredmedia":[{"embeddable":true,"href":"https:\/\/www.europesays.com\/fr\/wp-json\/wp\/v2\/media\/116434"}],"wp:attachment":[{"href":"https:\/\/www.europesays.com\/fr\/wp-json\/wp\/v2\/media?parent=230086"}],"wp:term":[{"taxonomy":"category","embeddable":true,"href":"https:\/\/www.europesays.com\/fr\/wp-json\/wp\/v2\/categories?post=230086"},{"taxonomy":"post_tag","embeddable":true,"href":"https:\/\/www.europesays.com\/fr\/wp-json\/wp\/v2\/tags?post=230086"}],"curies":[{"name":"wp","href":"https:\/\/api.w.org\/{rel}","templated":true}]}}