{"id":230093,"date":"2025-07-06T09:12:25","date_gmt":"2025-07-06T09:12:25","guid":{"rendered":"https:\/\/www.europesays.com\/fr\/230093\/"},"modified":"2025-07-06T09:12:25","modified_gmt":"2025-07-06T09:12:25","slug":"en-plein-entretien-avec-friedrich-merz-donald-trump-derape-et-assimile-le-chancelier-allemand-aux-nazis","status":"publish","type":"post","link":"https:\/\/www.europesays.com\/fr\/230093\/","title":{"rendered":"En plein entretien avec Friedrich Merz, Donald Trump d\u00e9rape et assimile le chancelier allemand aux nazis"},"content":{"rendered":"<p>\n                                                                Donald Trump a une nouvelle fois plomb\u00e9 l\u2019ambiance.\n                            <\/p>\n<p>On aurait presque entendu les mouches voler. Ce mercredi 4\u00a0juin, le chancelier allemand nouvellement \u00e9lu Friedrich Merz a \u00e9t\u00e9 accueilli par le pr\u00e9sident am\u00e9ricain \u00e0 Washington (\u00c9tats-Unis). Les deux chefs d\u2019\u00c9tats ont profit\u00e9 de cette premi\u00e8re rencontre pour poser les bases d\u2019une bonne entente dans le bureau ovale. Une mission qui risque d\u2019\u00eatre bien plus sensible que pr\u00e9vu, le pr\u00e9sident am\u00e9ricain ayant prof\u00e9r\u00e9 un commentaire plus que d\u00e9plac\u00e9 \u00e0 l\u2019\u00e9gard de son homologue allemand, r\u00e9v\u00e8le l\u2019AFP.<\/p>\n<p class=\"std-elt__inline\">\n        <strong>\u00c0 lire aussi :<\/strong><br \/>\n        <a href=\"https:\/\/www.lindependant.fr\/2025\/05\/28\/guerre-en-ukraine-sans-moi-la-russie-subirait-beaucoup-de-tres-mauvaises-choses-donald-trump-durcit-le-ton-et-envisage-desormais-de-nouvelles-12725934.php\" rel=\"nofollow noopener\" target=\"_blank\">Guerre en Ukraine : \u00ab\u00a0Sans moi, la Russie subirait beaucoup de tr\u00e8s mauvaises choses\u00a0\u00bb&#8230; Donald Trump durcit le ton et envisage d\u00e9sormais de nouvelles sanctions d\u00e8s cette semaine contre la Russie<\/a>\n    <\/p>\n<p>\u00ab\u00a0Ce n\u2019\u00e9tait pas une bonne journ\u00e9e\u00a0\u00bb<\/p>\n<p>Le 6\u00a0juin est\u00a0une date tr\u00e8s importante du calendrier. C\u2019est ce qu\u2019a tenu a rappel\u00e9 Friedrich Merz, venu \u00e0 la rencontre de son homologue am\u00e9ricain pour la premi\u00e8re fois. \u00ab\u00a0C\u2019est l\u2019anniversaire du D\u00e9barquement lorsque les Am\u00e9ricains ont mis fin \u00e0 la guerre en Europe. Et je pense que c\u2019est dans votre main, en particulier, dans la n\u00f4tre\u2026\u00a0\u00bb, commence le chancelier allemand, qui n\u2019a pas pu finir sa phrase, aussit\u00f4t interrompu par Donald Trump. <strong>\u00ab\u00a0Ce n\u2019\u00e9tait pas une journ\u00e9e agr\u00e9able pour vous\u00a0\u00bb<\/strong>, a ironis\u00e9 le pr\u00e9sident Trump, sous entendant le lien entre le chancelier allemand et le r\u00e9gime nazi.<\/p>\n<p class=\"std-elt__inline\">\n        <strong>\u00c0 lire aussi :<\/strong><br \/>\n        <a href=\"https:\/\/www.lindependant.fr\/2025\/06\/06\/clash-entre-donald-trump-et-elon-musk-je-suis-convaincu-que-cest-un-etranger-en-situation-irreguliere-un-ex-conseiller-du-president-americain-demande-12744896.php\" rel=\"nofollow noopener\" target=\"_blank\">Clash entre Donald Trump et Elon Musk\u00a0: \u00ab\u00a0Je suis convaincu que c\u2019est un \u00e9tranger en situation irr\u00e9guli\u00e8re\u00a0\u00bb, un ex-conseiller du pr\u00e9sident am\u00e9ricain demande l\u2019expulsion du patron de Tesla<\/a>\n    <\/p>\n<p>Friedrich est rest\u00e9 de marbre mais n\u2019a pas perdu son sang-froid. \u00ab\u00a0Monsieur le Pr\u00e9sident, cela a permis la lib\u00e9ration de mon pays de la dictature nazi\u00a0\u00bb, a-t-il soulign\u00e9. \u00ab\u00a0C\u2019est vrai, c\u2019est vrai\u00a0\u00bb, a conc\u00e9d\u00e9 son interlocuteur, d\u2019un ton soudainement s\u00e9rieux. \u00ab\u00a0Nous savons ce que nous vous devons\u00a0\u00bb, a ajout\u00e9 le chancelier pour faire redescendre la tension.<\/p>\n","protected":false},"excerpt":{"rendered":"Donald Trump a une nouvelle fois plomb\u00e9 l\u2019ambiance. On aurait presque entendu les mouches voler. Ce mercredi 4\u00a0juin,&hellip;\n","protected":false},"author":2,"featured_media":230094,"comment_status":"","ping_status":"","sticky":false,"template":"","format":"standard","meta":{"footnotes":""},"categories":[1587],"tags":[11,672,1804,1805,1803,1777,674,1801,12,1802],"class_list":{"0":"post-230093","1":"post","2":"type-post","3":"status-publish","4":"format-standard","5":"has-post-thumbnail","7":"category-allemagne","8":"tag-actualites","9":"tag-allemagne","10":"tag-bundesrepublik-deutschland","11":"tag-de","12":"tag-deutschland","13":"tag-eu","14":"tag-europe","15":"tag-germany","16":"tag-news","17":"tag-republique-federale-dallemagne"},"share_on_mastodon":{"url":"https:\/\/pubeurope.com\/@fr\/114805522695362683","error":""},"_links":{"self":[{"href":"https:\/\/www.europesays.com\/fr\/wp-json\/wp\/v2\/posts\/230093","targetHints":{"allow":["GET"]}}],"collection":[{"href":"https:\/\/www.europesays.com\/fr\/wp-json\/wp\/v2\/posts"}],"about":[{"href":"https:\/\/www.europesays.com\/fr\/wp-json\/wp\/v2\/types\/post"}],"author":[{"embeddable":true,"href":"https:\/\/www.europesays.com\/fr\/wp-json\/wp\/v2\/users\/2"}],"replies":[{"embeddable":true,"href":"https:\/\/www.europesays.com\/fr\/wp-json\/wp\/v2\/comments?post=230093"}],"version-history":[{"count":0,"href":"https:\/\/www.europesays.com\/fr\/wp-json\/wp\/v2\/posts\/230093\/revisions"}],"wp:featuredmedia":[{"embeddable":true,"href":"https:\/\/www.europesays.com\/fr\/wp-json\/wp\/v2\/media\/230094"}],"wp:attachment":[{"href":"https:\/\/www.europesays.com\/fr\/wp-json\/wp\/v2\/media?parent=230093"}],"wp:term":[{"taxonomy":"category","embeddable":true,"href":"https:\/\/www.europesays.com\/fr\/wp-json\/wp\/v2\/categories?post=230093"},{"taxonomy":"post_tag","embeddable":true,"href":"https:\/\/www.europesays.com\/fr\/wp-json\/wp\/v2\/tags?post=230093"}],"curies":[{"name":"wp","href":"https:\/\/api.w.org\/{rel}","templated":true}]}}