{"id":230097,"date":"2025-07-06T09:14:10","date_gmt":"2025-07-06T09:14:10","guid":{"rendered":"https:\/\/www.europesays.com\/fr\/230097\/"},"modified":"2025-07-06T09:14:10","modified_gmt":"2025-07-06T09:14:10","slug":"materiels-medicaux-la-chine-replique-a-lue-et-exclut-les-firmes-europeennes-des-grosses-commandes-publiques","status":"publish","type":"post","link":"https:\/\/www.europesays.com\/fr\/230097\/","title":{"rendered":"Mat\u00e9riels m\u00e9dicaux\u00a0: la Chine r\u00e9plique \u00e0 l\u2019UE et exclut les firmes europ\u00e9ennes des grosses commandes publiques"},"content":{"rendered":"<p>\u00ab La participation des entreprises de l\u2019Union europ\u00e9enne (\u00e0 l\u2019exclusion des entreprises \u00e0 capitaux europ\u00e9ens implant\u00e9es en Chine) devra \u00eatre exclue \u00bb lorsque la commande d\u00e9passe 45 millions de yuans (5,3 millions d\u2019euros), a indiqu\u00e9 dans un communiqu\u00e9 le minist\u00e8re chinois des Finances, ce dimanche<\/p>\n<p>La mesure concerne une grande vari\u00e9t\u00e9 de produits, des appareils et pi\u00e8ces de proth\u00e8se aux machines m\u00e9dicales en passant par les instruments chirurgicaux.<\/p>\n<p>Autre restriction : il a \u00e9galement pr\u00e9cis\u00e9 que, dans les offres d\u2019entreprises non-europ\u00e9ennes, la part des produits import\u00e9s de l\u2019UE ne pouvait exc\u00e9der 50 % du montant total du contrat. Ces mesures entrent en vigueur d\u00e8s dimanche, a soulign\u00e9 le minist\u00e8re des Finances.<\/p>\n<p>Les conflits se multiplient depuis trois ans entre Bruxelles et P\u00e9kin<\/p>\n<p>Elles font suite \u00e0 des mesures tr\u00e8s similaires contre les firmes chinoises annonc\u00e9es le 20 juin par la Commission europ\u00e9enne. Elle disait avoir pris cette d\u00e9cision en repr\u00e9sailles aux restrictions touchant les firmes europ\u00e9ennes sur le march\u00e9 chinois.<\/p>\n<p>Dans un communiqu\u00e9 s\u00e9par\u00e9, un autre minist\u00e8re chinois, celui du Commerce, a expliqu\u00e9 dimanche les motivations de P\u00e9kin.<\/p>\n<p>\u00ab La Chine a exprim\u00e9 \u00e0 plusieurs reprises, par le biais du dialogue bilat\u00e9ral, sa volont\u00e9 de r\u00e9soudre de mani\u00e8re appropri\u00e9e ces diff\u00e9rends \u00e0 travers des consultations, le dialogue et des arrangements bilat\u00e9raux dans le domaine des achats publics \u00bb, a-t-il soulign\u00e9.<\/p>\n<p>\u00ab Il est regrettable que, malgr\u00e9 la bonne volont\u00e9 et la sinc\u00e9rit\u00e9 manifest\u00e9es par la Chine, la partie europ\u00e9enne a souhait\u00e9 persister dans cette voie, en prenant des mesures restrictives et en \u00e9rigeant de nouvelles barri\u00e8res protectionnistes. La Chine se voit donc contrainte de prendre des mesures de restriction r\u00e9ciproques. \u00bb<\/p>\n<p><a href=\"https:\/\/www.letelegramme.fr\/monde\/la-chine-annonce-une-taxe-sur-les-importations-de-cognac-francais-a-partir-de-samedi-6848977.php\" target=\"_blank\" rel=\"nofollow noopener\">Les conflits se sont multipli\u00e9s depuis trois ans entre Bruxelles et P\u00e9kin<\/a> dans diff\u00e9rents secteurs \u00e9conomiques : automobiles \u00e9lectriques, industrie ferroviaire, panneaux solaires et \u00e9oliennes.<\/p>\n<p>La Commission avait ouvert une enqu\u00eate en avril 2024 sur les march\u00e9s publics chinois de dispositifs m\u00e9dicaux, une premi\u00e8re dans le cadre d\u2019un nouveau m\u00e9canisme dont l\u2019UE s\u2019est dot\u00e9e en 2022 pour obtenir l\u2019acc\u00e8s aux march\u00e9s publics \u00e9trangers.<\/p>\n<p>L\u2019Union europ\u00e9enne estime que ses appels d\u2019offres publics sont ouverts \u00e0 95 % \u00e0 la concurrence du reste du monde, tandis que les entreprises europ\u00e9ennes n\u2019ont quasiment aucun acc\u00e8s aux march\u00e9s publics chinois.<\/p>\n","protected":false},"excerpt":{"rendered":"\u00ab La participation des entreprises de l\u2019Union europ\u00e9enne (\u00e0 l\u2019exclusion des entreprises \u00e0 capitaux europ\u00e9ens implant\u00e9es en Chine)&hellip;\n","protected":false},"author":2,"featured_media":230098,"comment_status":"","ping_status":"","sticky":false,"template":"","format":"standard","meta":{"footnotes":""},"categories":[1586],"tags":[11,309,33,765,1777,674,1779,1011,27,74,12,25,71,1778,364],"class_list":{"0":"post-230097","1":"post","2":"type-post","3":"status-publish","4":"format-standard","5":"has-post-thumbnail","7":"category-europe","8":"tag-actualites","9":"tag-chine","10":"tag-economie","11":"tag-en-continu","12":"tag-eu","13":"tag-europe","14":"tag-european-union","15":"tag-fr","16":"tag-france","17":"tag-monde","18":"tag-news","19":"tag-republique-francaise","20":"tag-sante","21":"tag-ue","22":"tag-union-europeenne"},"share_on_mastodon":{"url":"","error":""},"_links":{"self":[{"href":"https:\/\/www.europesays.com\/fr\/wp-json\/wp\/v2\/posts\/230097","targetHints":{"allow":["GET"]}}],"collection":[{"href":"https:\/\/www.europesays.com\/fr\/wp-json\/wp\/v2\/posts"}],"about":[{"href":"https:\/\/www.europesays.com\/fr\/wp-json\/wp\/v2\/types\/post"}],"author":[{"embeddable":true,"href":"https:\/\/www.europesays.com\/fr\/wp-json\/wp\/v2\/users\/2"}],"replies":[{"embeddable":true,"href":"https:\/\/www.europesays.com\/fr\/wp-json\/wp\/v2\/comments?post=230097"}],"version-history":[{"count":0,"href":"https:\/\/www.europesays.com\/fr\/wp-json\/wp\/v2\/posts\/230097\/revisions"}],"wp:featuredmedia":[{"embeddable":true,"href":"https:\/\/www.europesays.com\/fr\/wp-json\/wp\/v2\/media\/230098"}],"wp:attachment":[{"href":"https:\/\/www.europesays.com\/fr\/wp-json\/wp\/v2\/media?parent=230097"}],"wp:term":[{"taxonomy":"category","embeddable":true,"href":"https:\/\/www.europesays.com\/fr\/wp-json\/wp\/v2\/categories?post=230097"},{"taxonomy":"post_tag","embeddable":true,"href":"https:\/\/www.europesays.com\/fr\/wp-json\/wp\/v2\/tags?post=230097"}],"curies":[{"name":"wp","href":"https:\/\/api.w.org\/{rel}","templated":true}]}}