{"id":230105,"date":"2025-07-06T09:18:13","date_gmt":"2025-07-06T09:18:13","guid":{"rendered":"https:\/\/www.europesays.com\/fr\/230105\/"},"modified":"2025-07-06T09:18:13","modified_gmt":"2025-07-06T09:18:13","slug":"plage-parcours-dorientation-minigolf-la-premiere-saison-apres-travaux-demarre-au-plan-do","status":"publish","type":"post","link":"https:\/\/www.europesays.com\/fr\/230105\/","title":{"rendered":"plage, parcours d\u2019orientation, minigolf\u2026 La premi\u00e8re saison apr\u00e8s travaux d\u00e9marre au Plan d\u2019O"},"content":{"rendered":"<p>Le plan d\u2019eau de Cherveux et Saint-Christophe-sur-Roc, d\u00e9sormais intitul\u00e9 le Plan d\u2019O, a lanc\u00e9 sa saison, samedi 5\u00a0juillet 2025. L\u2019occasion de profiter de ce site \u2013 un des deux seuls o\u00f9 la baignade est possible dans les Deux-S\u00e8vres \u2013 dont l<a target=\"_self\" href=\"https:\/\/www.lanouvellerepublique.fr\/deux-sevres\/commune\/auge\/deux-sevres-les-travaux-se-poursuivent-au-plan-d-eau-de-cherveux-saint-christophe\" rel=\"noopener\">es travaux de transformation<\/a> se sont termin\u00e9s en fin d\u2019ann\u00e9e derni\u00e8re. \u00ab\u00a0Le plan d\u2019eau a connu ses heures de gloire dans les ann\u00e9es 1980 avant un d\u00e9clin, avec la d\u00e9gradation des installations\u00a0\u00bb, a confirm\u00e9 Marie-Pierre Missioux, maire de Cherveux, lors de son discours inaugural.<\/p>\n<p>\u00ab\u00a0Anticiper le changement climatique\u00a0\u00bb<\/p>\n<p>Outre la modernisation des installations, les travaux entrepris en 2020 pour pr\u00e8s de 685.800\u00a0\u20ac ont vis\u00e9 \u00e0 diversifier les activit\u00e9s propos\u00e9es au plan d\u2019eau afin \u00ab\u00a0d\u2019anticiper le changement climatique\u00a0\u00bb. En effet, la baignade est d\u00e9j\u00e0 ponctuellement interdite \u00e0 cause des cyanobact\u00e9ries. Cela avait par exemple \u00e9t\u00e9 le cas \u00e0 la fin de l\u2019\u00e9t\u00e9 2023, puis <a target=\"_self\" href=\"https:\/\/www.lanouvellerepublique.fr\/deux-sevres\/commune\/cherveux\/deux-sevres-baignade-interdite-au-plan-d-eau-de-cherveux-a-cause-des-cyanobacteries\" rel=\"noopener\">d\u00e9but ao\u00fbt\u00a02024<\/a>&#8230;. <\/p>\n<p>    Cet article a \u00e9t\u00e9 tronqu\u00e9. Abonnez-vous pour lire l&rsquo;article complet sur notre site.<\/p>\n<p style=\"margin: 0 !important; padding: 0 !important; font-size: 12px !important;\">Cet article a \u00e9t\u00e9 tronqu\u00e9. Abonnez-vous pour lire l&rsquo;article complet.<\/p>\n<p>    <a href=\"https:\/\/www.lanouvellerepublique.fr\/abonnements\" style=\"display: inline-block; margin-top: 5px !important; padding: 6px 12px !important; background: #cb1c27; color: white; text-decoration: none; border-radius: 4px; font-size: 12px !important;\" target=\"_blank\" rel=\"noopener\"><br \/>\n      S&rsquo;abonner<br \/>\n    <\/a><\/p>\n","protected":false},"excerpt":{"rendered":"Le plan d\u2019eau de Cherveux et Saint-Christophe-sur-Roc, d\u00e9sormais intitul\u00e9 le Plan d\u2019O, a lanc\u00e9 sa saison, samedi 5\u00a0juillet&hellip;\n","protected":false},"author":2,"featured_media":230106,"comment_status":"","ping_status":"","sticky":false,"template":"","format":"standard","meta":{"footnotes":""},"categories":[1418],"tags":[1392,15109,36858,1674,1011,27,1472,1393,4387,36859,60],"class_list":{"0":"post-230105","1":"post","2":"type-post","3":"status-publish","4":"format-standard","5":"has-post-thumbnail","7":"category-golf","8":"tag-a-la-une-local","9":"tag-baignade","10":"tag-cherveux","11":"tag-communes","12":"tag-fr","13":"tag-france","14":"tag-golf","15":"tag-loisirs","16":"tag-loisirs-sportifs","17":"tag-saint-christophe-sur-roc","18":"tag-sports"},"share_on_mastodon":{"url":"https:\/\/pubeurope.com\/@fr\/114805545704195068","error":""},"_links":{"self":[{"href":"https:\/\/www.europesays.com\/fr\/wp-json\/wp\/v2\/posts\/230105","targetHints":{"allow":["GET"]}}],"collection":[{"href":"https:\/\/www.europesays.com\/fr\/wp-json\/wp\/v2\/posts"}],"about":[{"href":"https:\/\/www.europesays.com\/fr\/wp-json\/wp\/v2\/types\/post"}],"author":[{"embeddable":true,"href":"https:\/\/www.europesays.com\/fr\/wp-json\/wp\/v2\/users\/2"}],"replies":[{"embeddable":true,"href":"https:\/\/www.europesays.com\/fr\/wp-json\/wp\/v2\/comments?post=230105"}],"version-history":[{"count":0,"href":"https:\/\/www.europesays.com\/fr\/wp-json\/wp\/v2\/posts\/230105\/revisions"}],"wp:featuredmedia":[{"embeddable":true,"href":"https:\/\/www.europesays.com\/fr\/wp-json\/wp\/v2\/media\/230106"}],"wp:attachment":[{"href":"https:\/\/www.europesays.com\/fr\/wp-json\/wp\/v2\/media?parent=230105"}],"wp:term":[{"taxonomy":"category","embeddable":true,"href":"https:\/\/www.europesays.com\/fr\/wp-json\/wp\/v2\/categories?post=230105"},{"taxonomy":"post_tag","embeddable":true,"href":"https:\/\/www.europesays.com\/fr\/wp-json\/wp\/v2\/tags?post=230105"}],"curies":[{"name":"wp","href":"https:\/\/api.w.org\/{rel}","templated":true}]}}