{"id":230112,"date":"2025-07-06T09:23:09","date_gmt":"2025-07-06T09:23:09","guid":{"rendered":"https:\/\/www.europesays.com\/fr\/230112\/"},"modified":"2025-07-06T09:23:09","modified_gmt":"2025-07-06T09:23:09","slug":"motogp-de-malaisie-vise-13-000-spectateurs-indonesiens","status":"publish","type":"post","link":"https:\/\/www.europesays.com\/fr\/230112\/","title":{"rendered":"MotoGP de Malaisie vise 13 000 spectateurs indon\u00e9siens"},"content":{"rendered":"<p>AKARTA &#8211; Le Grand Prix de Malaisie Petronas 2025 (MotoGP Malaysia 2025) qui se tiendra du 24 au 26 octobre 2025 \u00e0 Sepang, en Malaisie, a accueilli au moins 13 000 spectateurs en provenance d\u2019Indon\u00e9sie.<\/p>\n<p>ronesia SIC, PDG de Petronas SIC, Azhan Shafriman Hanif, a d\u00e9clar\u00e9 dimanche \u00e0 Medan, que les fans indon\u00e9siens sont devenus l\u2019un des facteurs importants pour atteindre l\u2019objectif ambitieux de p\u00e9n\u00e9trer 200 000 spectateurs lors du tournoi MotoGP de Malaisie 2025 qui aura lieu du 24 au 26 octobre.<\/p>\n<p>\u00ab L\u2019ann\u00e9e derni\u00e8re, nous avons r\u00e9ussi \u00e0 attirer 184 923 spectateurs. Cette ann\u00e9e, notre objectif est de 200 000. Et nous ne pouvons pas quitter le march\u00e9 indon\u00e9sien parce que les fans ici sont extraordinaires. L\u2019ann\u00e9e derni\u00e8re, il y avait 12 000 fans d\u2019Indon\u00e9sie, et cette ann\u00e9e, nous visons 13 000 \u00bb, a-t-il d\u00e9clar\u00e9.<\/p>\n<p>r\u00e9nal pour atteindre cet objectif, il continue d\u2019augmenter les promesses et cette fois, l\u2019Indon\u00e9sie a \u00e9t\u00e9 choisie comme lieu strat\u00e9gique avec quatre grandes villes visit\u00e9es, \u00e0 savoir Jakarta, Surabaya, Makassar et Medan.<\/p>\n<p>al, l&rsquo;Indon\u00e9sie est le march\u00e9 num\u00e9ro un pour le MotoGP dans cette r\u00e9gion.<\/p>\n<p>\u00bb Sans la pr\u00e9sence de fans d\u2019Indon\u00e9sie, nos objectifs sont difficiles \u00e0 atteindre. Medan, par exemple, est tr\u00e8s proche de Malaisie. Le co\u00fbt est \u00e9galement plus faible, et nous voyons de nombreux fans faire du MotoGP \u00e0 SIC comme \u00e9v\u00e9nement de vacances \u00bb, a-t-il ajout\u00e9, comme l\u2019a rapport\u00e9 ANTARA.<\/p>\n<p>ronyme. Pour attirer davantage de fans d\u2019Indon\u00e9sie, Petronas SIC pr\u00e9sente une s\u00e9rie d\u2019activit\u00e9s tout au long de la semaine de course, notamment le Festival de pr\u00e9-race, la pr\u00e9-\u00e9v\u00e9nement, la rencontre et le greet, les visites de nuit \u00e0 pistes, la marche publique \u00e0 l\u2019intersection, la s\u00e9ance d\u2019autographie, le m\u00e9ga carnaval, les d\u00e9fil\u00e9s des coureurs, ainsi que les c\u00e9r\u00e9monies d\u2019ouverture.<\/p>\n<p>Sepang offre une exp\u00e9rience unique qui m\u00eale l&rsquo;atmosph\u00e8re de course de classe mondiale avec une sensation vivante de la ville.<\/p>\n<p>\u00ab Les fans n\u2019ont pas besoin de choisir l\u2019un \u00e0 Sepang, ils peuvent obtenir les deux. Cette tourn\u00e9e est \u00e9galement un \u00e9v\u00e9nement pour renforcer les relations, et inviter nos voisins \u00e0 c\u00e9l\u00e9brer l\u2019esprit de course ensemble \u00bb, a-t-il d\u00e9clar\u00e9.<\/p>\n<p>, qui est un sujet particulier pour les passionn\u00e9s du pays, est \u00e9galement la pr\u00e9sence de Mario Suryo Aji, un jeune coureur indon\u00e9sien qui participe maintenant au Championnat du monde Moto2 avec la Honda Team Asia.<\/p>\n<p>Mario, \u00e0 l\u2019\u00e2ge de seulement 20 ans, a entr\u00e9 en histoire en tant que premier pilote indon\u00e9sien \u00e0 se terminer en 9e place au GP Americas, la meilleure r\u00e9alisation dans la cat\u00e9gorie Moto2TM jusqu\u2019\u00e0 pr\u00e9sent.<\/p>\n<p>jusqu\u2019en juin 2025, il \u00e9tait 23e au classement mondial Moto2TM avec un total de 8 points, ce qui montre des d\u00e9veloppements prometteurs tout au long de la saison.<\/p>\n<p>ronyme : \u00ab Nous sommes venus en Indon\u00e9sie pour promouvoir plus pr\u00e8s, non seulement le MotoGP de Malaisie, mais aussi la fraternit\u00e9 inter-gans en Asie du Sud-Est. Nous pensons qu\u2019avec le soutien des fans indon\u00e9siens, le MotoGP de Malaisie 2025 sera \u00e0 nouveau l\u2019une des s\u00e9ries les plus anim\u00e9es du calendrier MotoGP \u00bb, a-t-il d\u00e9clar\u00e9.<\/p>\n<p>The English, Chinese, Japanese, Arabic, and French versions are automatically generated by the AI. So there may still be inaccuracies in translating, please always see Indonesian as our main language.<br \/>\n                                    (system supported by DigitalSiber.id)<\/p>\n","protected":false},"excerpt":{"rendered":"AKARTA &#8211; Le Grand Prix de Malaisie Petronas 2025 (MotoGP Malaysia 2025) qui se tiendra du 24 au&hellip;\n","protected":false},"author":2,"featured_media":230113,"comment_status":"","ping_status":"","sticky":false,"template":"","format":"standard","meta":{"footnotes":""},"categories":[1413],"tags":[5436,1011,27,3444,1457,1456,1458,36860,60],"class_list":{"0":"post-230112","1":"post","2":"type-post","3":"status-publish","4":"format-standard","5":"has-post-thumbnail","7":"category-moto","8":"tag-ar","9":"tag-fr","10":"tag-france","11":"tag-malaisie","12":"tag-moto","13":"tag-motocycle","14":"tag-motogp","15":"tag-petronas","16":"tag-sports"},"share_on_mastodon":{"url":"https:\/\/pubeurope.com\/@fr\/114805565332720947","error":""},"_links":{"self":[{"href":"https:\/\/www.europesays.com\/fr\/wp-json\/wp\/v2\/posts\/230112","targetHints":{"allow":["GET"]}}],"collection":[{"href":"https:\/\/www.europesays.com\/fr\/wp-json\/wp\/v2\/posts"}],"about":[{"href":"https:\/\/www.europesays.com\/fr\/wp-json\/wp\/v2\/types\/post"}],"author":[{"embeddable":true,"href":"https:\/\/www.europesays.com\/fr\/wp-json\/wp\/v2\/users\/2"}],"replies":[{"embeddable":true,"href":"https:\/\/www.europesays.com\/fr\/wp-json\/wp\/v2\/comments?post=230112"}],"version-history":[{"count":0,"href":"https:\/\/www.europesays.com\/fr\/wp-json\/wp\/v2\/posts\/230112\/revisions"}],"wp:featuredmedia":[{"embeddable":true,"href":"https:\/\/www.europesays.com\/fr\/wp-json\/wp\/v2\/media\/230113"}],"wp:attachment":[{"href":"https:\/\/www.europesays.com\/fr\/wp-json\/wp\/v2\/media?parent=230112"}],"wp:term":[{"taxonomy":"category","embeddable":true,"href":"https:\/\/www.europesays.com\/fr\/wp-json\/wp\/v2\/categories?post=230112"},{"taxonomy":"post_tag","embeddable":true,"href":"https:\/\/www.europesays.com\/fr\/wp-json\/wp\/v2\/tags?post=230112"}],"curies":[{"name":"wp","href":"https:\/\/api.w.org\/{rel}","templated":true}]}}