{"id":230114,"date":"2025-07-06T09:24:12","date_gmt":"2025-07-06T09:24:12","guid":{"rendered":"https:\/\/www.europesays.com\/fr\/230114\/"},"modified":"2025-07-06T09:24:12","modified_gmt":"2025-07-06T09:24:12","slug":"tsunoda-limite-par-une-perte-de-puissance-la-q3-etait-possible","status":"publish","type":"post","link":"https:\/\/www.europesays.com\/fr\/230114\/","title":{"rendered":"Tsunoda limit\u00e9 par une perte de puissance\u00a0: \u00ab\u00a0La Q3 \u00e9tait possible\u00a0\u00bb"},"content":{"rendered":"<p><a href=\"https:\/\/fr.motorsport.com\/driver\/yuki-tsunoda\/828578\/\" target=\"_blank\" rel=\"noopener\">Yuki Tsunoda<\/a> reste englu\u00e9 dans ses difficult\u00e9s avec la <a href=\"https:\/\/fr.motorsport.com\/team\/red-bull\/553\/\" target=\"_blank\" rel=\"noopener\">Red Bull<\/a> apr\u00e8s une nouvelle s\u00e9ance de qualifications d\u00e9cevante au Grand Prix de Grande-Bretagne. Apr\u00e8s trois \u00e9liminations en Q1, le Japonais avait l&rsquo;espoir de retrouver la derni\u00e8re partie des qualifications, qu&rsquo;il n&rsquo;a plus atteint depuis le GP de Miami. Seulement, une perte de puissance est venue\u00a0annihiler ses espoirs pour finalement se faire \u00e9liminer en Q2 pour un petit dixi\u00e8me, avec le 12e temps. Le pilote Red Bull s&rsquo;\u00e9lancera 11e sur la grille gr\u00e2ce \u00e0 la <a href=\"https:\/\/fr.motorsport.com\/f1\/news\/oliver-bearman-penalite-accident-el3-silverstone\/10739502\/\" target=\"_self\" rel=\"noopener\">p\u00e9nalit\u00e9 d&rsquo;Oliver Bearman<\/a>.<\/p>\n<p>\u00ab\u00a0J&rsquo;ai perdu la puissance, pour \u00eatre honn\u00eate\u00a0\u00bb, a expliqu\u00e9 Tsunoda. \u00ab\u00a0En me lan\u00e7ant dans le dernier virage, je n&rsquo;avais pas la puissance que j&rsquo;ai normalement. J&rsquo;ai perdu environ un dixi\u00e8me dans le virage 3, et quelques acc\u00e9l\u00e9rations qui n&rsquo;ont pas fonctionn\u00e9 dans le dernier tour. Donc, compte tenu de cela, le tour \u00e9tait plut\u00f4t bon. Et \u00e0 quel point c&rsquo;\u00e9tait serr\u00e9&#8230; Je pense que j&rsquo;allais probablement passer en Q3. Donc, c&rsquo;est vraiment ennuyeux. La Q3 \u00e9tait possible.\u00a0\u00bb<\/p>\n<p>Yuki Tsunoda s&rsquo;est montr\u00e9 frustr\u00e9 et \u00e9nerv\u00e9 par ce r\u00e9sultat apr\u00e8s un d\u00e9but de week-end prometteur,\u00a0le pilote Red Bull ayant enfin l&rsquo;impression de faire des progr\u00e8s avec la RB21. Seulement, cette m\u00e9saventure\u00a0n&rsquo;aurait pas pu aussi mal tomber, alors qu&rsquo;il continue de repousser les discussions sur son avenir au sein de l&rsquo;\u00e9curie autrichienne apr\u00e8s une s\u00e9rie de mauvaises performances.<\/p>\n<p>\u00ab\u00a0Je suis vraiment heureux des progr\u00e8s que j&rsquo;ai faits. Je pense que c&rsquo;est le week-end de course le plus propre que nous ayons eu jusqu&rsquo;\u00e0 pr\u00e9sent. La confiance et tout le reste&#8230; La voiture s&rsquo;est bien comport\u00e9e en qualifications. A chaque fois, il se passe quelque chose dans la derni\u00e8re tentative.\u00a0Ce n&rsquo;est pas toujours la derni\u00e8re, mais cette fois-ci, \u00e7a l&rsquo;\u00e9tait, quand \u00e7a compte. C&rsquo;est ennuyeux. Et pour \u00eatre honn\u00eate, comme je l&rsquo;ai dit, sans cela, je serais pass\u00e9 en Q3. Alors oui, c&rsquo;est \u00e9nervant.\u00a0\u00bb<\/p>\n<p>   <img decoding=\"async\" draggable=\"false\" src=\"https:\/\/www.europesays.com\/fr\/wp-content\/uploads\/2025\/07\/yuki-tsunoda-red-bull-racing-t.jpg\" alt=\"Yuki Tsunoda, Red Bull Racing Team\" width=\"1200\" height=\"800\" loading=\"lazy\"\/> <\/p>\n<p class=\"title\">Yuki Tsunoda, Red Bull Racing Team<\/p>\n<p class=\"photographer\">Photo de: Colin McMaster \/ LAT Images via Getty Images<\/p>\n<p>\u00ab\u00a0L&rsquo;\u00e9quipe m&rsquo;a apport\u00e9 un soutien massif pour que je retrouve cette confiance. Et cela a fonctionn\u00e9. Jusqu&rsquo;aux qualifications, en termes de pr\u00e9paration, tout s&rsquo;est bien pass\u00e9. Juste la derni\u00e8re pouss\u00e9e, vous savez, le truc de la puissance, ce n&rsquo;est pas quelque chose que je peux contr\u00f4ler. Vraiment, vraiment ennuyeux.\u00a0\u00bb<\/p>\n<p>En Autriche, Yuki Tsunoda s&rsquo;est \u00e9lanc\u00e9 de la 18e position, pour finalement franchir la ligne d&rsquo;arriv\u00e9e \u00e0 la 16e place, en bon dernier, en raison des quatre abandons derri\u00e8re lui. Ce week-end \u00e0 Silverstone est donc la meilleure occasion pour le Japonais de retrouver les points. Sa derni\u00e8re arriv\u00e9e dans les points \u00e9tait \u00e0 Imola avec une dixi\u00e8me place. Mais le pilote Red Bull ne semble pas s&rsquo;en souvenir, preuve que le temps doit lui para\u00eetre bien long.<\/p>\n<p>\u00ab\u00a0Au moins, je ne pars pas de la 18e place&#8230; je suis plus proche des points. Donc, vous savez, \u00e7a aide. J&rsquo;ai h\u00e2te d&rsquo;\u00eatre \u00e0 la course. Cela fait un moment que je n&rsquo;ai pas marqu\u00e9 de points. La derni\u00e8re fois que j&rsquo;en ai marqu\u00e9&#8230; Je ne me souviens plus. Je dois donc marquer des points et rendre l&rsquo;\u00e9quipe heureuse. La course sera probablement encore difficile.\u00a0\u00bb<\/p>\n<p style=\"text-align: right;\">Avec\u00a0Alex Harrington<\/p>\n<p>Lire aussi :<\/p>\n<p>Dans cet article<\/p>\n<p>    Lucas Huaum\u00e9\n<\/p>\n<p>    Formule 1\n<\/p>\n<p>    Yuki Tsunoda\n<\/p>\n<p>    Red Bull\n<\/p>\n<p>Soyez le premier inform\u00e9 et souscrivez aux alertes mails pour recevoir les infos en temps r\u00e9el<\/p>\n<p>    S&rsquo;abonner aux alertes de news<\/p>\n","protected":false},"excerpt":{"rendered":"Yuki Tsunoda reste englu\u00e9 dans ses difficult\u00e9s avec la Red Bull apr\u00e8s une nouvelle s\u00e9ance de qualifications d\u00e9cevante&hellip;\n","protected":false},"author":2,"featured_media":230115,"comment_status":"","ping_status":"","sticky":false,"template":"","format":"standard","meta":{"footnotes":""},"categories":[1412],"tags":[1451,1452,1453,1454,1455,1011,27,23124,2255,23125,60,2247],"class_list":{"0":"post-230114","1":"post","2":"type-post","3":"status-publish","4":"format-standard","5":"has-post-thumbnail","7":"category-f1","8":"tag-f1","9":"tag-formula-1","10":"tag-formula1","11":"tag-formule-1","12":"tag-formule1","13":"tag-fr","14":"tag-france","15":"tag-gp-de-grande-bretagne","16":"tag-red-bull","17":"tag-silverstone","18":"tag-sports","19":"tag-yuki-tsunoda"},"share_on_mastodon":{"url":"https:\/\/pubeurope.com\/@fr\/114805569329539368","error":""},"_links":{"self":[{"href":"https:\/\/www.europesays.com\/fr\/wp-json\/wp\/v2\/posts\/230114","targetHints":{"allow":["GET"]}}],"collection":[{"href":"https:\/\/www.europesays.com\/fr\/wp-json\/wp\/v2\/posts"}],"about":[{"href":"https:\/\/www.europesays.com\/fr\/wp-json\/wp\/v2\/types\/post"}],"author":[{"embeddable":true,"href":"https:\/\/www.europesays.com\/fr\/wp-json\/wp\/v2\/users\/2"}],"replies":[{"embeddable":true,"href":"https:\/\/www.europesays.com\/fr\/wp-json\/wp\/v2\/comments?post=230114"}],"version-history":[{"count":0,"href":"https:\/\/www.europesays.com\/fr\/wp-json\/wp\/v2\/posts\/230114\/revisions"}],"wp:featuredmedia":[{"embeddable":true,"href":"https:\/\/www.europesays.com\/fr\/wp-json\/wp\/v2\/media\/230115"}],"wp:attachment":[{"href":"https:\/\/www.europesays.com\/fr\/wp-json\/wp\/v2\/media?parent=230114"}],"wp:term":[{"taxonomy":"category","embeddable":true,"href":"https:\/\/www.europesays.com\/fr\/wp-json\/wp\/v2\/categories?post=230114"},{"taxonomy":"post_tag","embeddable":true,"href":"https:\/\/www.europesays.com\/fr\/wp-json\/wp\/v2\/tags?post=230114"}],"curies":[{"name":"wp","href":"https:\/\/api.w.org\/{rel}","templated":true}]}}