{"id":230120,"date":"2025-07-06T09:27:16","date_gmt":"2025-07-06T09:27:16","guid":{"rendered":"https:\/\/www.europesays.com\/fr\/230120\/"},"modified":"2025-07-06T09:27:16","modified_gmt":"2025-07-06T09:27:16","slug":"kev-adams-fait-des-confidences-sur-sa-vie-privee-et-revele-que-sa-mere-reve-detre-grand-mere","status":"publish","type":"post","link":"https:\/\/www.europesays.com\/fr\/230120\/","title":{"rendered":"Kev Adams fait des confidences sur sa vie priv\u00e9e et r\u00e9v\u00e8le que sa m\u00e8re r\u00eave d&rsquo;\u00eatre grand-m\u00e8re"},"content":{"rendered":"<p>De passage dans 50Min Inside sur TF1 ce samedi 5 juillet, Kev Adams a r\u00e9v\u00e9l\u00e9 que sa m\u00e8re r\u00eavait devenir grand-m\u00e8re. L&rsquo;occasion pour lui de faire des confidences sur sa vision de l&rsquo;amour et ses difficult\u00e9s \u00e0 trouver la femme de sa vie.<\/p>\n<p>Le mercredi 16 juillet, Kev Adams sera de retour au cin\u00e9ma, avec un nouveau film qui s\u2019appelle\u00a0Certains l&rsquo;aiment chauve. Une affiche qu\u2019il partage avec <a href=\"https:\/\/www.programme-tv.net\/biographie\/5217-youn-michael\/\" data-link-people=\"9f7bea59-839d-469b-bf2e-c57d7a8e80cf\" target=\"_blank\" rel=\"noopener\">Micha\u00ebl Youn<\/a>, <a href=\"https:\/\/www.programme-tv.net\/biographie\/213440-bensetti-rayane\/\" data-link-people=\"299f328c-9230-470d-b854-6fa4717c2e57\" target=\"_blank\" rel=\"noopener\">Rayane Bensetti<\/a> et <a href=\"https:\/\/www.programme-tv.net\/biographie\/3536-ladesou-chantal\/\" data-link-people=\"b59d9472-06fd-4316-a5c5-a8c833f85d16\" target=\"_blank\" rel=\"noopener\">Chantal Ladesou<\/a>. \u00c0 cette occasion, l\u2019humoriste et acteur fait le tour des m\u00e9dias dans le cadre de la promotion de son long-m\u00e9trage. Ainsi, il \u00e9tait l\u2019invit\u00e9 d\u2019Anne-Elisabeth Lemoine pour la derni\u00e8re de la saison de C \u00e0 vous. Au cours de son \u00e9change, <a href=\"https:\/\/www.programme-tv.net\/news\/people\/382588-il-n-y-a-rien-de-honteux-kev-adams-cuisine-sur-son-passe-amoureux-avec-des-miss-france-rachel-legrain-trapani-prend-sa-defense\/\" data-api-deeplink=\"teleloisirs:\/\/news\/382588\" target=\"_blank\" rel=\"noopener\">Kev Adams a fait des confidences sur ses anciennes relations<\/a>, notamment avec une ex-Miss France puisqu&rsquo;Iris Mittenaere est la seule femme avec qui il s&rsquo;est publiquement affich\u00e9. Depuis, sa situation sentimentale est tr\u00e8s floue. Ce samedi 5 juillet, il \u00e9tait l\u2019invit\u00e9 d\u2019Isabelle Ithurburu dans l\u2019\u00e9mission 50min Inside sur TF1. De nouveau interrog\u00e9 sur sa vie sentimentale, alors qu\u2019il vient de f\u00eater ses 34 ans, Kev Adams a avou\u00e9 que sa m\u00e8re attendait de devenir grand-m\u00e8re.<\/p>\n<p>                        Kev Adams est largement questionn\u00e9 par son entourage sur sa vie sentimentale : \u00ab\u00a0Tous mes potes se marient\u00a0\u00bb<\/p>\n<p>Et oui, la maman de Kev Adams <a href=\"https:\/\/www.programme-tv.net\/news\/people\/233262-kev-adams-devoile-lincroyable-surprise-quil-a-faite-a-sa-maman-video\/\" data-api-deeplink=\"teleloisirs:\/\/news\/233262\" target=\"_blank\" rel=\"noopener\">\u2013 dont il est tr\u00e8s proche \u2013<\/a> r\u00eave de voir son fils devenir p\u00e8re. Mais cela ne devrait pas arriver imm\u00e9diatement, puisque Kev Adams ne semble pas \u00eatre pr\u00eat encore \u00e0 se poser avec une femme. \u00ab\u00a0Je suis dans un moment de ma vie o\u00f9 tous mes potes se marient, o\u00f9 tous mes cousins se marient. (&#8230;) \u00c0 table avec mes cousines, elles m&rsquo;ont fait un peu la morale en me disant &lsquo;mais Kev, jusqu&rsquo;\u00e0 quand cette vie de d\u00e9bauche, de d\u00e9b\u00e2cle, ces filles sans lendemain, tu vois ? Mais c&rsquo;est quoi cette vie ? Mais qui r\u00eave de \u00e7a \u00e0 ton \u00e2ge ?\u00a0\u00bb, raconte-t-il, persuad\u00e9 que sa m\u00e8re a demand\u00e9 \u00e0 la journaliste de lui poser cette question sur son avenir amoureux.<\/p>\n<p>Malgr\u00e9 sa vie \u00ab\u00a0d\u00e9cal\u00e9e\u00a0\u00bb, il veut fonder une famille : \u00ab\u00a0Je n&rsquo;ai pas envie de le faire sous pression\u00a0\u00bb<\/p>\n<p>Toutefois, avec la vie \u00ab\u00a0un peu d\u00e9cal\u00e9e\u00a0\u00bb de Kev Adams, il ne sait pas exactement comment faire pour rencontrer celle avec qui il aura des enfants : \u00ab\u00a0Il faut trouver la bonne personne, avec qui j&rsquo;ai envie de le faire, ce qui n&rsquo;est pas mon cas\u00a0\u00bb. Et pourtant, ce n&rsquo;est pas l&rsquo;envie qui lui manque, mais il refuse de se presser. \u00ab\u00a0Je n&rsquo;ai pas envie de le faire sous pression, en mode, vas-y, d\u00e9p\u00eache-toi, c&rsquo;est maintenant, parce que tout le monde le fait\u00a0\u00bb, avoue-t-il.<\/p>\n","protected":false},"excerpt":{"rendered":"De passage dans 50Min Inside sur TF1 ce samedi 5 juillet, Kev Adams a r\u00e9v\u00e9l\u00e9 que sa m\u00e8re&hellip;\n","protected":false},"author":2,"featured_media":230121,"comment_status":"","ping_status":"","sticky":false,"template":"","format":"standard","meta":{"footnotes":""},"categories":[1359],"tags":[4544,244,9260,58,59,1011,27,6787,973,1630],"class_list":{"0":"post-230120","1":"post","2":"type-post","3":"status-publish","4":"format-standard","5":"has-post-thumbnail","7":"category-people","8":"tag-50-minutes-inside","9":"tag-commentaire","10":"tag-confidences","11":"tag-divertissement","12":"tag-entertainment","13":"tag-fr","14":"tag-france","15":"tag-kev-adams","16":"tag-people","17":"tag-zapping"},"share_on_mastodon":{"url":"https:\/\/pubeurope.com\/@fr\/114805581121989101","error":""},"_links":{"self":[{"href":"https:\/\/www.europesays.com\/fr\/wp-json\/wp\/v2\/posts\/230120","targetHints":{"allow":["GET"]}}],"collection":[{"href":"https:\/\/www.europesays.com\/fr\/wp-json\/wp\/v2\/posts"}],"about":[{"href":"https:\/\/www.europesays.com\/fr\/wp-json\/wp\/v2\/types\/post"}],"author":[{"embeddable":true,"href":"https:\/\/www.europesays.com\/fr\/wp-json\/wp\/v2\/users\/2"}],"replies":[{"embeddable":true,"href":"https:\/\/www.europesays.com\/fr\/wp-json\/wp\/v2\/comments?post=230120"}],"version-history":[{"count":0,"href":"https:\/\/www.europesays.com\/fr\/wp-json\/wp\/v2\/posts\/230120\/revisions"}],"wp:featuredmedia":[{"embeddable":true,"href":"https:\/\/www.europesays.com\/fr\/wp-json\/wp\/v2\/media\/230121"}],"wp:attachment":[{"href":"https:\/\/www.europesays.com\/fr\/wp-json\/wp\/v2\/media?parent=230120"}],"wp:term":[{"taxonomy":"category","embeddable":true,"href":"https:\/\/www.europesays.com\/fr\/wp-json\/wp\/v2\/categories?post=230120"},{"taxonomy":"post_tag","embeddable":true,"href":"https:\/\/www.europesays.com\/fr\/wp-json\/wp\/v2\/tags?post=230120"}],"curies":[{"name":"wp","href":"https:\/\/api.w.org\/{rel}","templated":true}]}}