{"id":230122,"date":"2025-07-06T09:28:11","date_gmt":"2025-07-06T09:28:11","guid":{"rendered":"https:\/\/www.europesays.com\/fr\/230122\/"},"modified":"2025-07-06T09:28:11","modified_gmt":"2025-07-06T09:28:11","slug":"un-couple-dartistes-internationaux-seduit-par-la-campagne-dans-le-sud-ouest-de-la-france","status":"publish","type":"post","link":"https:\/\/www.europesays.com\/fr\/230122\/","title":{"rendered":"un couple d\u2019artistes internationaux s\u00e9duit par la campagne dans le sud-ouest de la France"},"content":{"rendered":"<p class=\"article__intro\">Install\u00e9 dans le Gers depuis 2020, un couple de peintres paysagistes de renomm\u00e9e internationale puise son inspiration dans les paysages locaux. Leurs \u0153uvres seront expos\u00e9es \u00e0 Plieux \u00e0 partir du 19 juillet, lors de l\u2019exposition Regards sur le Gers.<\/p>\n<p>\n      L&rsquo;essentiel du jour : notre s\u00e9lection exclusive\n    <\/p>\n<p>\n      Chaque jour, notre r\u00e9daction vous r\u00e9serve le meilleur de l&rsquo;info r\u00e9gionale. Une s\u00e9lection rien que pour vous, pour rester en lien avec vos r\u00e9gions.\n    <\/p>\n<p>    France T\u00e9l\u00e9visions utilise votre adresse e-mail afin de vous envoyer la newsletter \u00ab\u00a0L&rsquo;essentiel du jour : notre s\u00e9lection exclusive\u00a0\u00bb. Vous pouvez vous d\u00e9sinscrire \u00e0 tout moment via le lien en bas de cette newsletter. <a target=\"_blank\" href=\"https:\/\/www.francetelevisions.fr\/groupe\/confidentialite\/politique-de-confidentialite\/politique-de-confidentialite-de-france-televisions-6503\" rel=\"nofollow noopener\">Notre politique de confidentialit\u00e9<\/a><\/p>\n<p data-start=\"820\" data-end=\"1139\">Les perles du Gers s\u00e9duisent les plus grands peintres contemporains. Marc Dalessio est Am\u00e9ricain, Tina Orsolic Dalessio est Croate. Ils se sont rencontr\u00e9s en Italie, mais c\u2019est bien dans le d\u00e9partement du Gers que ce couple de peintres paysagistes a d\u00e9cid\u00e9 de poser ses valises, dans le petit village de Jegun et ses 1 000 habitants.<\/p>\n<p data-start=\"1141\" data-end=\"1405\">C\u2019est ici que leur atelier d\u00e9borde de tableaux restituant la beaut\u00e9 des paysages : la nature, les collines, les couleurs du Gers. Leurs \u0153uvres seront expos\u00e9es \u00e0 partir du 19 juillet et jusqu\u2019au 24 ao\u00fbt dans le cadre de l\u2019exposition <a href=\"http:\/\/plieuxarts.com\/\" target=\"_blank\" rel=\"noopener nofollow\">Regards sur le Gers<\/a>, \u00e0 Plieux.<\/p>\n<\/p>\n<p>Les deux artistes ont eu un v\u00e9ritable coup de c\u0153ur pour la campagne gersoise lors de la pr\u00e9paration de cette m\u00eame exposition en 2020. \u00ab\u00a0C&rsquo;est tr\u00e8s ouvert. Il y a toutes les vignes, beaucoup de for\u00eats, les c\u00e9r\u00e9ales&#8230; Pour la peinture c&rsquo;est tr\u00e8s beau d&rsquo;avoir cette ouverture avec les collines\u00a0\u00bb, se r\u00e9jouit <a href=\"https:\/\/www.marcdalessio.com\/\" target=\"_blank\" rel=\"noopener nofollow\">Marc Dalessio<\/a>.<\/p>\n<p>Form\u00e9s tous deux \u00e0 l\u2019<a href=\"https:\/\/www.accademia.firenze.it\/en\/\" target=\"_blank\" rel=\"noopener nofollow\">Acad\u00e9mie des Beaux-Arts de Florence<\/a> (Italie), ils vivent aujourd\u2019hui de leur passion gr\u00e2ce \u00e0 la vente de leurs tableaux. Marc Dalessio est m\u00eame reconnu comme l\u2019un des meilleurs peintres de plein air vivant dans le monde.<\/p>\n<\/p>\n<p>Le couple transmet aussi son art \u00e0 travers des stages et peint de nombreux portraits.\u00a0\u00bbNous avons la chance de peindre ce que l&rsquo;on veut, ce qui nous pla\u00eet. Nous envoyons ensuite nos portfolios un peu partout dans le monde : aux Etats-Unis, en Angleterre, en Hollande. Ensuite, ils choisissent ce qu&rsquo;ils pr\u00e9f\u00e8rent\u00a0\u00bb, explique Tina Orsolic Dalessio. Juriste de formation, elle a chang\u00e9 de vie apr\u00e8s sa rencontre avec Marc Dalessio en Italie.<\/p>\n<p>Aujourd\u2019hui, elle se consacre \u00e0 la peinture figurative et \u00e0 la sculpture.\u00a0\u00bbPour moi les meilleures peintures, ce sont toujours les sujets locaux avec les gens qui habitent l\u00e0\u00a0\u00bb, ajoute son mari.<\/p>\n<p>\n<a data-article-figure=\"\" href=\"https:\/\/france3-regions.franceinfo.fr\/image\/YA55rQhbSwhVyR0sGyi4q5w5m88\/1920x1080\/regions\/2025\/07\/04\/atelier-du-couple-6867df2a9ef41274251025.jpg\" data-pswp-width=\"1920\" data-pswp-height=\"1080\" target=\"_blank\" rel=\"nofollow noopener\"><\/p>\n<p>          <img width=\"600\" height=\"400\" class=\"article-image lazy\" data-src=\"https:\/\/www.europesays.com\/fr\/wp-content\/uploads\/2025\/07\/atelier-du-couple-6867df2a9ef41274251025.jpg\" alt=\"L'atelier du couple Dalessio au c\u0153ur du Gers.\" fetchpriority=\"high\" as=\"image\"\/><\/p>\n<p>\n            L&rsquo;atelier du couple Dalessio au c\u0153ur du Gers.<br \/>\n                           \u2022<br \/>\n                                      \u00a9 FTV\n                      <\/p>\n<p><\/a><\/p>\n<p>Le couple continue de voyager r\u00e9guli\u00e8rement \u00e0 l\u2019\u00e9tranger \u2013 Maroc, Portugal, Espagne \u2013 pour exposer et s\u2019inspirer. Mais c\u2019est bien dans le Gers qu\u2019ils trouvent aujourd\u2019hui l\u2019essentiel de leur inspiration.<\/p>\n<p>R\u00e9alis\u00e9 \u00e0 partir d&rsquo;un reportage t\u00e9l\u00e9vis\u00e9 de Juliette Meurin et Olivier Denoun.<\/p>\n","protected":false},"excerpt":{"rendered":"Install\u00e9 dans le Gers depuis 2020, un couple de peintres paysagistes de renomm\u00e9e internationale puise son inspiration dans&hellip;\n","protected":false},"author":2,"featured_media":230123,"comment_status":"","ping_status":"","sticky":false,"template":"","format":"standard","meta":{"footnotes":""},"categories":[1358],"tags":[1348,1384,1385,1386,58,59,1011,27],"class_list":{"0":"post-230122","1":"post","2":"type-post","3":"status-publish","4":"format-standard","5":"has-post-thumbnail","7":"category-arts-et-design","8":"tag-arts","9":"tag-arts-and-design","10":"tag-arts-et-design","11":"tag-design","12":"tag-divertissement","13":"tag-entertainment","14":"tag-fr","15":"tag-france"},"share_on_mastodon":{"url":"https:\/\/pubeurope.com\/@fr\/114805585161063206","error":""},"_links":{"self":[{"href":"https:\/\/www.europesays.com\/fr\/wp-json\/wp\/v2\/posts\/230122","targetHints":{"allow":["GET"]}}],"collection":[{"href":"https:\/\/www.europesays.com\/fr\/wp-json\/wp\/v2\/posts"}],"about":[{"href":"https:\/\/www.europesays.com\/fr\/wp-json\/wp\/v2\/types\/post"}],"author":[{"embeddable":true,"href":"https:\/\/www.europesays.com\/fr\/wp-json\/wp\/v2\/users\/2"}],"replies":[{"embeddable":true,"href":"https:\/\/www.europesays.com\/fr\/wp-json\/wp\/v2\/comments?post=230122"}],"version-history":[{"count":0,"href":"https:\/\/www.europesays.com\/fr\/wp-json\/wp\/v2\/posts\/230122\/revisions"}],"wp:featuredmedia":[{"embeddable":true,"href":"https:\/\/www.europesays.com\/fr\/wp-json\/wp\/v2\/media\/230123"}],"wp:attachment":[{"href":"https:\/\/www.europesays.com\/fr\/wp-json\/wp\/v2\/media?parent=230122"}],"wp:term":[{"taxonomy":"category","embeddable":true,"href":"https:\/\/www.europesays.com\/fr\/wp-json\/wp\/v2\/categories?post=230122"},{"taxonomy":"post_tag","embeddable":true,"href":"https:\/\/www.europesays.com\/fr\/wp-json\/wp\/v2\/tags?post=230122"}],"curies":[{"name":"wp","href":"https:\/\/api.w.org\/{rel}","templated":true}]}}