{"id":230128,"date":"2025-07-06T09:31:11","date_gmt":"2025-07-06T09:31:11","guid":{"rendered":"https:\/\/www.europesays.com\/fr\/230128\/"},"modified":"2025-07-06T09:31:11","modified_gmt":"2025-07-06T09:31:11","slug":"cyclone-le-premier-festival-de-rap-des-alpes-de-haute-provence-qui-veut-tout-emporter-sur-son-passage","status":"publish","type":"post","link":"https:\/\/www.europesays.com\/fr\/230128\/","title":{"rendered":"Cyclone, le premier festival de rap des Alpes-de-Haute-Provence qui veut tout emporter sur son passage"},"content":{"rendered":"<p>Un souffle nouveau dans le paysage musical des Alpes-de-Haute-Provence. Le 18 juillet 2025, l\u2019hippodrome d\u2019Oraison s\u2019appr\u00eate \u00e0 vibrer au rythme du rap pour la quatri\u00e8me \u00e9dition de Cyclone (de 18h \u00e0 2h), premier \u2013 et unique \u2013 festival enti\u00e8rement d\u00e9di\u00e9 au hip-hop dans le d\u00e9partement.\u00a0N\u00e9 de l\u2019initiative du <a href=\"https:\/\/www.laprovence.com\/article\/culture-loisirs\/1319866189915115\/une-liberte-creative-folle-le-collectif-bas-alpin-la-marmite-fusionne-le-rap-et-la-tekno-pour-creer-l-univers-tekrap\" target=\"_blank\" rel=\"nofollow noopener\">groupe local La Marmite<\/a> (Arizki, Costa, Duarte, J2, LI, MC Gareth, Sysy et Mano), Cyclone revient apr\u00e8s une ann\u00e9e de pause, plus ambitieux que jamais, avec un objectif clair\u00a0: offrir une sc\u00e8ne d\u2019expression \u00e0 une culture trop souvent absente du territoire.<\/p>\n<p>\u00c0 l\u2019origine, une conviction\u00a0: \u00ab\u00a0On a cr\u00e9\u00e9 l\u2019\u00e9v\u00e9nement qu\u2019on aurait aim\u00e9 avoir quand on a commenc\u00e9\u00a0\u00bb, r\u00e9sume MC Gareth. Enfants des Alpes-de-Haute-Provence, ces rappeurs se sont frott\u00e9s \u00e0 l\u2019exil artistique pour faire entendre leur talent.\u00a0\u00ab\u00a0On a toujours eu \u00e0 c\u0153ur de d\u00e9fendre certaines valeurs, explique Arizki. Notre territoire, c\u2019est un beau territoire o\u00f9 il se passe des choses qui\u00a0ne sont juste <a href=\"https:\/\/www.laprovence.com\/article\/region\/17146463398017\/dans-les-alpes-de-haute-provence-il-y-a-beaucoup-de-rappeurs-mais-ils-ont-tres-peu-de-visibilite\" target=\"_blank\" rel=\"nofollow noopener\">pas mises en lumi\u00e8re<\/a>. Et avec ce festival, c\u2019est ce qu\u2019on cherche \u00e0 faire.\u00a0\u00bb Cyclone s\u2019inscrit donc dans une volont\u00e9 de transmission, pour que les artistes d\u2019aujourd\u2019hui deviennent les passeurs de demain.<\/p>\n<p>Une programmation avec des artistes locaux et \u00e9mergents<\/p>\n<p>Derri\u00e8re les micros, ces musiciens endossent d\u00e9sormais une autre casquette\u00a0: celle d\u2019organisateurs. \u00ab\u00a0On n\u2019a jamais \u00e9t\u00e9 form\u00e9s \u00e0 \u00e7a, assume Arizki. On n\u2019est ni directeurs techniques, ni pros de l\u2019\u00e9v\u00e9nementiel. On apprend sur le tas. Mais c\u2019est aussi ce qui fait la richesse du projet.\u00a0\u00bb<\/p>\n","protected":false},"excerpt":{"rendered":"Un souffle nouveau dans le paysage musical des Alpes-de-Haute-Provence. Le 18 juillet 2025, l\u2019hippodrome d\u2019Oraison s\u2019appr\u00eate \u00e0 vibrer&hellip;\n","protected":false},"author":2,"featured_media":230129,"comment_status":"","ping_status":"","sticky":false,"template":"","format":"standard","meta":{"footnotes":""},"categories":[1355],"tags":[17,1298,12201,154,58,59,849,1011,27,1361,873,7910,3583,3616,16],"class_list":{"0":"post-230128","1":"post","2":"type-post","3":"status-publish","4":"format-standard","5":"has-post-thumbnail","7":"category-musique","8":"tag-17","9":"tag-alpes-de-haute-provence","10":"tag-cyclone","11":"tag-des","12":"tag-divertissement","13":"tag-entertainment","14":"tag-festival","15":"tag-fr","16":"tag-france","17":"tag-music","18":"tag-musique","19":"tag-premier","20":"tag-qui","21":"tag-rap","22":"tag-region"},"share_on_mastodon":{"url":"https:\/\/pubeurope.com\/@fr\/114805596776263262","error":""},"_links":{"self":[{"href":"https:\/\/www.europesays.com\/fr\/wp-json\/wp\/v2\/posts\/230128","targetHints":{"allow":["GET"]}}],"collection":[{"href":"https:\/\/www.europesays.com\/fr\/wp-json\/wp\/v2\/posts"}],"about":[{"href":"https:\/\/www.europesays.com\/fr\/wp-json\/wp\/v2\/types\/post"}],"author":[{"embeddable":true,"href":"https:\/\/www.europesays.com\/fr\/wp-json\/wp\/v2\/users\/2"}],"replies":[{"embeddable":true,"href":"https:\/\/www.europesays.com\/fr\/wp-json\/wp\/v2\/comments?post=230128"}],"version-history":[{"count":0,"href":"https:\/\/www.europesays.com\/fr\/wp-json\/wp\/v2\/posts\/230128\/revisions"}],"wp:featuredmedia":[{"embeddable":true,"href":"https:\/\/www.europesays.com\/fr\/wp-json\/wp\/v2\/media\/230129"}],"wp:attachment":[{"href":"https:\/\/www.europesays.com\/fr\/wp-json\/wp\/v2\/media?parent=230128"}],"wp:term":[{"taxonomy":"category","embeddable":true,"href":"https:\/\/www.europesays.com\/fr\/wp-json\/wp\/v2\/categories?post=230128"},{"taxonomy":"post_tag","embeddable":true,"href":"https:\/\/www.europesays.com\/fr\/wp-json\/wp\/v2\/tags?post=230128"}],"curies":[{"name":"wp","href":"https:\/\/api.w.org\/{rel}","templated":true}]}}