{"id":230132,"date":"2025-07-06T09:34:09","date_gmt":"2025-07-06T09:34:09","guid":{"rendered":"https:\/\/www.europesays.com\/fr\/230132\/"},"modified":"2025-07-06T09:34:09","modified_gmt":"2025-07-06T09:34:09","slug":"paris-drapeau-rouge-la-baignade-dans-la-seine-interdite-ce-dimanche","status":"publish","type":"post","link":"https:\/\/www.europesays.com\/fr\/230132\/","title":{"rendered":"Paris\u00a0: drapeau rouge, la baignade dans la Seine interdite ce dimanche"},"content":{"rendered":"<p class=\"paragraph text_align_left lp-f-body-02\">C\u2019\u00e9tait \u00e0 redouter. Avec les pluies de ces derni\u00e8res heures \u00e0 Paris,<a href=\"https:\/\/www.leparisien.fr\/paris-75\/cest-genial-inattendu-avec-les-premiers-baigneurs-au-coeur-des-trois-sites-ouverts-sur-la-seine-05-07-2025-GTKAVTCTUFG5TCZNTQEKQJMOHU.php\" target=\"_blank\" rel=\"noreferrer nofollow noopener\"> les trois sites de baignades qui ont pu ouvrir hier <\/a>dans la Seine sont ferm\u00e9s, indique <a href=\"https:\/\/www.paris.fr\/paris-en-seine-2025\" target=\"_blank\" rel=\"noreferrer nofollow noopener\">le site<\/a> de la Ville. Les sites sont annonc\u00e9s ferm\u00e9s jusqu\u2019\u00e0 demain, pour le moment.<\/p>\n<p class=\"paragraph text_align_left lp-f-body-02\">\u00ab Ce sont h\u00e9las les al\u00e9as de la baignade en eau libre ! On vous retrouve \u00e0 la Seine d\u00e8s que le temps est plus cl\u00e9ment \u00bb, a annonc\u00e9 Ariel Weil, maire (PS) de Paris Centre o\u00f9 est situ\u00e9 un des sites de baignade.<\/p>\n<p class=\"paragraph text_align_left lp-f-body-02\">Selon les relev\u00e9s de la station m\u00e9t\u00e9o du Parc Montsouris (XIVe), il est tomb\u00e9 au moins 10 mm de pluie cette nuit sur la capitale. <\/p>\n<p class=\"paragraph text_align_left lp-f-body-02\">Par ailleurs, ce dimanche devait d\u00e9buter la baignade dans le canal Saint-Martin (Xe arrondissement). L\u00e0 aussi, la mairie du Xe annonce sur les r\u00e9seaux sociaux que ce ne sera pas possible. \u00ab En raison du niveau de pluviom\u00e9trie relev\u00e9, qui compromet la qualit\u00e9 de l\u2019eau, nous sommes au regret de devoir annuler la baignade pr\u00e9vue ce jour dans le canal St-Martin de 13 \u00e0 17 heures \u00bb, indique la municipalit\u00e9.<\/p>\n<p>Des relev\u00e9s de qualit\u00e9 de l\u2019eau chaque matin<\/p>\n<p class=\"paragraph text_align_left lp-f-body-02\">\u00ab Malheureusement, les fortes pluies compromettent la qualit\u00e9 des eaux de la baignade dans le canal Saint Martin \u00bb, regrette la maire de l\u2019arrondissement sur X. Elle donne rendez vous \u00e0 mercredi pour un nouveau cr\u00e9neau pr\u00e9vu de midi \u00e0 15h30. <\/p>\n<p class=\"paragraph text_align_left lp-f-body-02\">Pour se pr\u00e9munir de tout risque sanitaire mais \u00e9galement faire taire les rumeurs d\u2019insalubrit\u00e9 entourant la baignade dans la Seine, la Mairie de Paris a annonc\u00e9 proc\u00e9der \u00e0 des relev\u00e9s rigoureux quotidiennement en amont <a href=\"https:\/\/www.leparisien.fr\/paris-75\/paris-la-baignade-dans-la-seine-ouverte-des-le-5-juillet-14-05-2025-G7KZDAQM6JD3BG74EWUCURWYQY.php\" rel=\"nofollow noopener\" target=\"_blank\">des trois sites de baignade de Bercy (XIIe), Grenelle (XVe) et Bras-Marie (Ve)<\/a> et ce jusqu\u2019\u00e0 leur fermeture le 31 ao\u00fbt.<\/p>\n<p class=\"paragraph text_align_left lp-f-body-02\">\u00c0 sa demande, Eau de Paris, le gestionnaire d\u2019eau de la capitale, <a href=\"https:\/\/www.leparisien.fr\/paris-75\/baignade-dans-la-seine-a-paris-des-controles-quotidiens-pour-verifier-la-qualite-de-leau-26-05-2025-YV2SGTZKHBEDJAHWVVHQSI6B44.php\" rel=\"nofollow noopener\" target=\"_blank\">proc\u00e8de chaque matin, \u00e0 7 heures, \u00e0 des relev\u00e9s pour s\u2019assurer que la qualit\u00e9 de l\u2019eau est au rendez-vous<\/a>. \u00ab Ces pr\u00e9l\u00e8vements sont ensuite achemin\u00e9s au laboratoire pour analyses des taux de bact\u00e9ries coliformes, d\u2019ent\u00e9rocoques intestinaux et d\u2019Escherichia coli \u00bb, indique Eau de Paris.<\/p>\n<p class=\"paragraph text_align_left lp-f-body-02\">\u00c0 7 heures chaque jour a \u00e9galement lieu une r\u00e9union impliquant toutes les parties prenantes de la baignade dans le fleuve \u2014 dont l\u2019Agence r\u00e9gionale de sant\u00e9 \u2014 pour valider ou non la baignade du jour. La Ville transmet ensuite les informations <a href=\"https:\/\/www.leparisien.fr\/paris-75\/baignade-a-paris-a-j-6-avant-le-grand-plongeon-dans-la-seine-le-site-de-bercy-emerge-30-06-2025-FGAOSA4GINFIDBX34L2Y6YZK4I.php\" rel=\"nofollow noopener\" target=\"_blank\">aux exploitants sur les sites<\/a>, lesquels hissent ensuite un drapeau, \u00ab comme \u00e0 la plage \u00bb : rouge dans le cas o\u00f9 les conditions de baignade ne sont pas r\u00e9unies, jaune pour une qualit\u00e9 suffisante mais qui n\u00e9cessite une vigilance accrue et vert pour des conditions optimales de baignade. Le tout est indiqu\u00e9 en temps r\u00e9el<a href=\"https:\/\/www.paris.fr\/\" rel=\"nofollow noopener\" target=\"_blank\">sur le site de la Ville<\/a>.<\/p>\n","protected":false},"excerpt":{"rendered":"C\u2019\u00e9tait \u00e0 redouter. Avec les pluies de ces derni\u00e8res heures \u00e0 Paris, les trois sites de baignades qui&hellip;\n","protected":false},"author":2,"featured_media":230133,"comment_status":"","ping_status":"","sticky":false,"template":"","format":"standard","meta":{"footnotes":""},"categories":[9],"tags":[1011,27,1944,626,60],"class_list":{"0":"post-230132","1":"post","2":"type-post","3":"status-publish","4":"format-standard","5":"has-post-thumbnail","7":"category-sports","8":"tag-fr","9":"tag-france","10":"tag-ma-ville","11":"tag-paris","12":"tag-sports"},"share_on_mastodon":{"url":"https:\/\/pubeurope.com\/@fr\/114805609205417725","error":""},"_links":{"self":[{"href":"https:\/\/www.europesays.com\/fr\/wp-json\/wp\/v2\/posts\/230132","targetHints":{"allow":["GET"]}}],"collection":[{"href":"https:\/\/www.europesays.com\/fr\/wp-json\/wp\/v2\/posts"}],"about":[{"href":"https:\/\/www.europesays.com\/fr\/wp-json\/wp\/v2\/types\/post"}],"author":[{"embeddable":true,"href":"https:\/\/www.europesays.com\/fr\/wp-json\/wp\/v2\/users\/2"}],"replies":[{"embeddable":true,"href":"https:\/\/www.europesays.com\/fr\/wp-json\/wp\/v2\/comments?post=230132"}],"version-history":[{"count":0,"href":"https:\/\/www.europesays.com\/fr\/wp-json\/wp\/v2\/posts\/230132\/revisions"}],"wp:featuredmedia":[{"embeddable":true,"href":"https:\/\/www.europesays.com\/fr\/wp-json\/wp\/v2\/media\/230133"}],"wp:attachment":[{"href":"https:\/\/www.europesays.com\/fr\/wp-json\/wp\/v2\/media?parent=230132"}],"wp:term":[{"taxonomy":"category","embeddable":true,"href":"https:\/\/www.europesays.com\/fr\/wp-json\/wp\/v2\/categories?post=230132"},{"taxonomy":"post_tag","embeddable":true,"href":"https:\/\/www.europesays.com\/fr\/wp-json\/wp\/v2\/tags?post=230132"}],"curies":[{"name":"wp","href":"https:\/\/api.w.org\/{rel}","templated":true}]}}