{"id":230134,"date":"2025-07-06T09:35:09","date_gmt":"2025-07-06T09:35:09","guid":{"rendered":"https:\/\/www.europesays.com\/fr\/230134\/"},"modified":"2025-07-06T09:35:09","modified_gmt":"2025-07-06T09:35:09","slug":"avec-lexplosion-des-reseaux-sociaux-la-television-a-change-observe-severine-ferrer","status":"publish","type":"post","link":"https:\/\/www.europesays.com\/fr\/230134\/","title":{"rendered":"\u00ab\u00a0Avec l\u2019explosion des r\u00e9seaux sociaux, la t\u00e9l\u00e9vision a chang\u00e9\u00a0\u00bb, observe S\u00e9verine Ferrer"},"content":{"rendered":"<p>Fan de\u2026 Chaton\u00a0! Vendredi soir sur <a href=\"https:\/\/www.20minutes.fr\/dossier\/tf1\" class=\"color-ultramarine c-link\" target=\"_blank\" rel=\"noopener\">TF1<\/a>, l\u2019un des personnages les plus attachants de la saison 7 de \u00ab\u00a0<a href=\"https:\/\/www.20minutes.fr\/arts-stars\/television\/mask-singer\/\" class=\"color-ultramarine c-link\" target=\"_blank\" rel=\"noopener\">Mask Singer<\/a>\u00a0\u00bb a \u00e9t\u00e9 d\u00e9masqu\u00e9 d\u2019entr\u00e9e lors de la finale <a href=\"https:\/\/www.20minutes.fr\/arts-stars\/television\/4160891-20250630-mask-singer-tf1-girafe-renouveau-confie-gagnante-lola-dubini\" target=\"_blank\" class=\"color-ultramarine c-link\" rel=\"noopener\">remport\u00e9e par Lola Dubini<\/a>. Sous le Chaton se cachait S\u00e9verine Ferrer, figure de la <a href=\"https:\/\/www.20minutes.fr\/arts-stars\/television\/\" class=\"color-ultramarine c-link\" target=\"_blank\" rel=\"noopener\">t\u00e9l\u00e9vision<\/a> et de <a href=\"https:\/\/www.20minutes.fr\/dossier\/m6\" class=\"color-ultramarine c-link\" target=\"_blank\" rel=\"noopener\">M6<\/a> dans les ann\u00e9es\u00a01990 et\u00a02000 (\u00ab Fan de\u00a0\u00bb, \u00ab\u00a0Dance Machine\u00a0\u00bb, \u00ab\u00a0<a href=\"https:\/\/www.20minutes.fr\/dossier\/loft_story\" class=\"color-ultramarine c-link\" target=\"_blank\" rel=\"noopener\">Loft Story<\/a> 2\u00a0\u00bb). A 47 ans, celle qui s\u2019\u00e9panouit au <a href=\"https:\/\/www.20minutes.fr\/dossier\/theatre\" class=\"color-ultramarine c-link\" target=\"_blank\" rel=\"noopener\">th\u00e9\u00e2tre<\/a> est revenue pour 20 Minutes sur son exp\u00e9rience dans le jeu anim\u00e9 par <a href=\"https:\/\/www.20minutes.fr\/television\/camille-combal\/\" class=\"color-ultramarine c-link\" target=\"_blank\" rel=\"noopener\">Camille Combal<\/a>, sur la t\u00e9l\u00e9 d\u2019hier, d\u2019aujourd\u2019hui et\u2026 m\u00eame celle de demain.<\/p>\n<p>\u00ab\u00a0C\u2019est arriv\u00e9 \u00e0 point nomm\u00e9 dans ma vie\u00a0\u00bb<\/p>\n<p>Au fil des d\u00e9cennies, S\u00e9verine Ferrer est rest\u00e9e un visage familier de la t\u00e9l\u00e9vision. Depuis un an, elle officie notamment sur Marmiton TV avec son \u00e9mission \u00ab\u00a0On d\u00eene chez S\u00e9verine\u00a0\u00bb. Celle qui a \u00e9t\u00e9 r\u00e9v\u00e9l\u00e9e \u00e0 tout juste 20 ans aux commandes de \u00ab\u00a0Fan de\u00a0\u00bb sur M6 a aussi multipli\u00e9 les participations dans les jeux t\u00e9l\u00e9vis\u00e9s (\u00ab <a href=\"https:\/\/www.20minutes.fr\/dossier\/fort_boyard-1\" class=\"color-ultramarine c-link\" target=\"_blank\" rel=\"noopener\">Fort Boyard<\/a>\u00a0\u00bb, \u00ab\u00a0<a href=\"https:\/\/www.20minutes.fr\/dossier\/le_meilleur_patissier\" class=\"color-ultramarine c-link\" target=\"_blank\" rel=\"noopener\">Le Meilleur p\u00e2tissier<\/a>\u00a0\u00bb, \u00ab\u00a0Un d\u00eener presque parfait\u00a0\u00bb\u2026) jusqu\u2019\u00e0 sa derni\u00e8re en date, \u00ab\u00a0<a href=\"https:\/\/www.20minutes.fr\/arts-stars\/television\/mask-singer\/\" class=\"color-ultramarine c-link\" target=\"_blank\" rel=\"noopener\">Mask Singer<\/a>\u00a0\u00bb, sur TF1.<\/p>\n<p>\u00ab\u00a0C\u2019\u00e9tait une aventure magique, une parenth\u00e8se enchant\u00e9e, reconna\u00eet S\u00e9verine Ferrer. Je sors de cette exp\u00e9rience compl\u00e8tement chang\u00e9e. C\u2019\u00e9tait un challenge personnel dans lequel je me suis beaucoup investi. \u00ab\u00a0Mask Singer\u00a0\u00bb est arriv\u00e9e \u00e0 point nomm\u00e9 dans ma vie, car j\u2019avais besoin de me challenger.\u00a0\u00bb A 47 ans, celle qu\u2019on a pu voir au th\u00e9\u00e2tre dans Si c\u2019\u00e9tait \u00e0 refaire, de <a href=\"https:\/\/www.20minutes.fr\/arts-stars\/television\/laurent-ruquier\/\" class=\"color-ultramarine c-link\" target=\"_blank\" rel=\"noopener\">Laurent Ruquier<\/a>, ou \u00e9couter \u00e0 la <a href=\"https:\/\/www.20minutes.fr\/dossier\/radio\" class=\"color-ultramarine c-link\" target=\"_blank\" rel=\"noopener\">radio<\/a> dans \u00ab\u00a0Ch\u00e9rie G\u00e9n\u00e9ration 2000\u00a0\u00bb, sur Ch\u00e9rie FM, n\u2019a pas compl\u00e8tement zapp\u00e9 la t\u00e9l\u00e9.<\/p>\n<p>\u00ab\u00a0Refaire de la t\u00e9l\u00e9vision, \u00e7a me titille\u00a0\u00bb<\/p>\n<p>\u00ab\u00a0Ces derniers temps, j\u2019ai fait pas mal de promotions sur diff\u00e9rents plateaux, rappelle S\u00e9verine Ferrer. J\u2019ai vu pas mal d\u2019animatrices, et je me suis dit\u00a0: \u00a0\u00bbC\u2019est quand m\u00eame chouette\u00a0\u00bb. Refaire de la t\u00e9l\u00e9vision, \u00e7a me titille depuis peu. Apr\u00e8s, je m\u2019\u00e9panouis compl\u00e8tement sur sc\u00e8ne. Je ne veux pas sacrifier la sc\u00e8ne, car cela fait partie de moi. Apr\u00e8s si \u00a0\u00bbMask Singer\u00a0\u00bb m\u2019ouvre des portes, tant mieux.\u00a0\u00bb<\/p>\n<p>La native de <a href=\"https:\/\/www.20minutes.fr\/montpellier\/\" class=\"color-ultramarine c-link\" target=\"_blank\" rel=\"noopener\">Montpellier<\/a>, qui a pass\u00e9 une partie de son enfance \u00e0 <a href=\"https:\/\/www.20minutes.fr\/societe\/reunion\/\" class=\"color-ultramarine c-link\" target=\"_blank\" rel=\"noopener\">La R\u00e9union<\/a>, ne ferme pas la porte aux jeux t\u00e9l\u00e9vis\u00e9s, bien au contraire. \u00ab\u00a0\u00a0\u00bbMask Singer\u00a0\u00bb, ce n\u2019est pas simple \u00e0 animer comme \u00e9mission, conc\u00e8de-t-elle. Je ne vois personne d\u2019autre que Camille Combal pour l\u2019animer. Il est tellement dr\u00f4le, c\u2019est un killer. Apr\u00e8s jur\u00e9e, pourquoi pas, c\u2019est autre chose. Mais je risque de ne reconna\u00eetre que mes potes [\u2026]. Maintenant que j\u2019ai fait \u00a0\u00bbMask Singer\u00a0\u00bb, je me vois bien faire \u00a0\u00bb<a href=\"https:\/\/www.20minutes.fr\/arts-stars\/television\/danse_avec_les_stars\/\" class=\"color-ultramarine c-link\" target=\"_blank\" rel=\"noopener\">Danse avec les stars<\/a>\u00a0\u00bb. Ce c\u00f4t\u00e9 challenge, rigueur, entra\u00eenement m\u2019a redonn\u00e9 envie.\u00a0\u00bb<\/p>\n<p>\u00ab\u00a0Pas s\u00fbr que ce soit possible aujourd\u2019hui\u00a0\u00bb<\/p>\n<p>Au-del\u00e0 de ses envies et de ses projets, S\u00e9verine Ferrer a un avis bien aiguis\u00e9 sur la t\u00e9l\u00e9vision d\u2019aujourd\u2019hui et celle dont elle \u00e9tait l\u2019une des figures, dans les ann\u00e9es\u00a01990 et\u00a02000. \u00ab\u00a0La t\u00e9l\u00e9 a chang\u00e9 avec l\u2019explosion des <a href=\"https:\/\/www.20minutes.fr\/dossier\/reseaux_sociaux\" class=\"color-ultramarine c-link\" target=\"_blank\" rel=\"noopener\">r\u00e9seaux sociaux<\/a>, assure-t-elle. On n\u2019est plus sur les m\u00eames contenus, \u00e7a change la donne.\u00a0\u00bb Et elle prend l\u2019exemple de \u00ab\u00a0Fan de\u00a0\u00bb, \u00e9mission culte de <a href=\"https:\/\/www.20minutes.fr\/dossier\/m6\" class=\"color-ultramarine c-link\" target=\"_blank\" rel=\"noopener\">M6<\/a>, entre\u00a01997 et\u00a02002. \u00ab\u00a0Aujourd&rsquo;hui, tout est possible, vous pouvez rencontrer votre idole beaucoup plus facilement, d\u00e9clare l\u2019animatrice. A l\u2019\u00e9poque, je me souviens d\u2019une fan qui avait rencontr\u00e9 <a href=\"https:\/\/www.20minutes.fr\/arts-stars\/people\/jennifer_lopez\/\" class=\"color-ultramarine c-link\" target=\"_blank\" rel=\"noopener\">Jennifer Lopez<\/a> dans le cadre de \u00a0\u00bbFan de\u00a0\u00bb, elle a tellement kiff\u00e9 la fille qu\u2019elle l\u2019avait invit\u00e9 \u00e0 la suivre pendant trois jours, en pleine <a href=\"https:\/\/www.20minutes.fr\/tempo\/style\/fashion-week\/\" class=\"color-ultramarine c-link\" target=\"_blank\" rel=\"noopener\">Fashion Week<\/a>. Pas s\u00fbr que ce soit possible aujourd\u2019hui.\u00a0\u00bb<\/p>\n<p>Alors, nostalgique S\u00e9verine\u00a0? \u00ab\u00a0Avant, c\u2019\u00e9tait davantage bon enfant, reconna\u00eet-elle. Il y avait de l\u2019insouciance, de la na\u00efvet\u00e9.\u00a0\u00bb Pour autant, elle assure qu&rsquo;\u00ab\u00a0il y a aussi plein de choses g\u00e9niales aujourd\u2019hui. On peut voir ses artistes pr\u00e9f\u00e9r\u00e9s plus facilement, et m\u00eame monter des projets avec eux\u00a0\u00bb.<\/p>\n<p>\u00ab\u00a0Les contenus sont tr\u00e8s qualitatifs aujourd\u2019hui\u00a0\u00bb<\/p>\n<p>Le \u00ab\u00a0c\u2019\u00e9tait mieux avant\u00a0\u00bb, S\u00e9verine Ferrer n\u2019en fait donc pas son credo. \u00ab\u00a0Sur les plateaux, on fait certes un peu plus attention \u00e0 ce qu\u2019on dit, t\u00e9moigne-t-elle. Mais je ne vois pas de grands changements sur les plateaux mati\u00e8re d\u2019ambiance.\u00a0\u00bb L\u2019heure serait-elle donc \u00e0 l\u2019uniformisation \u00e0 la t\u00e9l\u00e9vision\u00a0? \u00ab\u00a0Je ne vois pas de grandes diff\u00e9rences non plus entre TF1 et M6, indique l\u2019animatrice. Aujourd\u2019hui, ce sont deux cha\u00eenes divertissantes, cela s\u2019est vachement ouvert et on trouve des contenus tr\u00e8s qualitatifs, aussi bien dans les jeux que dans les fictions.\u00a0\u00bb<\/p>\n<\/p>\n<p>Celle qui avait comme mod\u00e8le <a href=\"https:\/\/www.20minutes.fr\/dossier\/maitena-biraben\" class=\"color-ultramarine c-link\" target=\"_blank\" rel=\"noopener\">Ma\u00eftena Biraben<\/a> ou encore <a href=\"https:\/\/www.20minutes.fr\/dossier\/antoine-caunes\" class=\"color-ultramarine c-link\" target=\"_blank\" rel=\"noopener\">Antoine de\u00a0Caunes<\/a> dans les ann\u00e9es\u00a01990 salue aussi les animatrices et les animateurs qui officient aujourd\u2019hui. \u00ab\u00a0Ils ont tous une vraie personnalit\u00e9 et ils apportent tous quelque chose de diff\u00e9rents, selon elle. Il y a une vraie fra\u00eecheur, et m\u00eame une folie qu\u2019il n\u2019y avait pas dans les ann\u00e9es 1990-2000.\u00a0\u00bb Une fra\u00eecheur que S\u00e9verine Ferrer a su apporter dans le costume du Chaton et qu\u2019elle compte bien diffuser dans d\u2019autres programmes.<\/p>\n","protected":false},"excerpt":{"rendered":"Fan de\u2026 Chaton\u00a0! Vendredi soir sur TF1, l\u2019un des personnages les plus attachants de la saison 7 de&hellip;\n","protected":false},"author":2,"featured_media":230135,"comment_status":"","ping_status":"","sticky":false,"template":"","format":"standard","meta":{"footnotes":""},"categories":[8],"tags":[193,58,59,1011,27,7089,2681,1759,494,5983,2208,2680,252,199],"class_list":{"0":"post-230134","1":"post","2":"type-post","3":"status-publish","4":"format-standard","5":"has-post-thumbnail","7":"category-divertissement","8":"tag-camille-combal","9":"tag-divertissement","10":"tag-entertainment","11":"tag-fr","12":"tag-france","13":"tag-herault","14":"tag-languedoc-roussillon","15":"tag-laurent-ruquier","16":"tag-m6","17":"tag-mask-singer","18":"tag-montpellier","19":"tag-occitanie","20":"tag-television","21":"tag-tf1"},"share_on_mastodon":{"url":"https:\/\/pubeurope.com\/@fr\/114805612406411870","error":""},"_links":{"self":[{"href":"https:\/\/www.europesays.com\/fr\/wp-json\/wp\/v2\/posts\/230134","targetHints":{"allow":["GET"]}}],"collection":[{"href":"https:\/\/www.europesays.com\/fr\/wp-json\/wp\/v2\/posts"}],"about":[{"href":"https:\/\/www.europesays.com\/fr\/wp-json\/wp\/v2\/types\/post"}],"author":[{"embeddable":true,"href":"https:\/\/www.europesays.com\/fr\/wp-json\/wp\/v2\/users\/2"}],"replies":[{"embeddable":true,"href":"https:\/\/www.europesays.com\/fr\/wp-json\/wp\/v2\/comments?post=230134"}],"version-history":[{"count":0,"href":"https:\/\/www.europesays.com\/fr\/wp-json\/wp\/v2\/posts\/230134\/revisions"}],"wp:featuredmedia":[{"embeddable":true,"href":"https:\/\/www.europesays.com\/fr\/wp-json\/wp\/v2\/media\/230135"}],"wp:attachment":[{"href":"https:\/\/www.europesays.com\/fr\/wp-json\/wp\/v2\/media?parent=230134"}],"wp:term":[{"taxonomy":"category","embeddable":true,"href":"https:\/\/www.europesays.com\/fr\/wp-json\/wp\/v2\/categories?post=230134"},{"taxonomy":"post_tag","embeddable":true,"href":"https:\/\/www.europesays.com\/fr\/wp-json\/wp\/v2\/tags?post=230134"}],"curies":[{"name":"wp","href":"https:\/\/api.w.org\/{rel}","templated":true}]}}