{"id":230149,"date":"2025-07-06T09:45:06","date_gmt":"2025-07-06T09:45:06","guid":{"rendered":"https:\/\/www.europesays.com\/fr\/230149\/"},"modified":"2025-07-06T09:45:06","modified_gmt":"2025-07-06T09:45:06","slug":"ambiance-parmi-les-fans-de-kendji-et-soprano","status":"publish","type":"post","link":"https:\/\/www.europesays.com\/fr\/230149\/","title":{"rendered":"ambiance parmi les fans de Kendji et Soprano"},"content":{"rendered":"<p>Team Kendji, team Soprano\u2026 ou tout simplement team \u00e9motion collective ! Au Nancy Open Air, il n\u2019y avait pas de camps, juste une grande famille unie par la musique. De l\u2019arriv\u00e9e\u00a0sportive des fans les plus d\u00e9vou\u00e9s pr\u00eats \u00e0 tout pour vivre ce moment intense, \u00e0 l\u2019ambiance chaleureuse de l\u2019espace d\u00e9tente, les panneaux lev\u00e9s, les sourires aux l\u00e8vres, chaque instant a vibr\u00e9 au rythme des passions. Et si les artistes ont brill\u00e9 sur sc\u00e8ne, leurs admirateurs ont aussi \u00e9t\u00e9 les h\u00e9ros de la soir\u00e9e, mis en lumi\u00e8re, comme il se doit, dans ce grand rassemblement interg\u00e9n\u00e9rationnel o\u00f9 seul le c\u0153ur comptait.<\/p>\n","protected":false},"excerpt":{"rendered":"Team Kendji, team Soprano\u2026 ou tout simplement team \u00e9motion collective ! Au Nancy Open Air, il n\u2019y avait&hellip;\n","protected":false},"author":2,"featured_media":230150,"comment_status":"","ping_status":"","sticky":false,"template":"","format":"standard","meta":{"footnotes":""},"categories":[9635],"tags":[1111,11,1687,1707,1704,1706,1705,1777,674,107,1011,27,2798,775,3457,873,1702,12,3456,25,273,3140],"class_list":{"0":"post-230149","1":"post","2":"type-post","3":"status-publish","4":"format-standard","5":"has-post-thumbnail","7":"category-nancy","8":"tag-actu","9":"tag-actualites","10":"tag-culture-loisirs","11":"tag-edition-luneville","12":"tag-edition-nancy-et-agglomeration","13":"tag-edition-pont-a-mousson","14":"tag-edition-toul","15":"tag-eu","16":"tag-europe","17":"tag-fil-info","18":"tag-fr","19":"tag-france","20":"tag-galerie-photo","21":"tag-grand-est","22":"tag-meurthe-et-moselle","23":"tag-musique","24":"tag-nancy","25":"tag-news","26":"tag-region-lorraine","27":"tag-republique-francaise","28":"tag-selection-de-la-redaction","29":"tag-spectacle"},"share_on_mastodon":{"url":"https:\/\/pubeurope.com\/@fr\/114805651724543462","error":""},"_links":{"self":[{"href":"https:\/\/www.europesays.com\/fr\/wp-json\/wp\/v2\/posts\/230149","targetHints":{"allow":["GET"]}}],"collection":[{"href":"https:\/\/www.europesays.com\/fr\/wp-json\/wp\/v2\/posts"}],"about":[{"href":"https:\/\/www.europesays.com\/fr\/wp-json\/wp\/v2\/types\/post"}],"author":[{"embeddable":true,"href":"https:\/\/www.europesays.com\/fr\/wp-json\/wp\/v2\/users\/2"}],"replies":[{"embeddable":true,"href":"https:\/\/www.europesays.com\/fr\/wp-json\/wp\/v2\/comments?post=230149"}],"version-history":[{"count":0,"href":"https:\/\/www.europesays.com\/fr\/wp-json\/wp\/v2\/posts\/230149\/revisions"}],"wp:featuredmedia":[{"embeddable":true,"href":"https:\/\/www.europesays.com\/fr\/wp-json\/wp\/v2\/media\/230150"}],"wp:attachment":[{"href":"https:\/\/www.europesays.com\/fr\/wp-json\/wp\/v2\/media?parent=230149"}],"wp:term":[{"taxonomy":"category","embeddable":true,"href":"https:\/\/www.europesays.com\/fr\/wp-json\/wp\/v2\/categories?post=230149"},{"taxonomy":"post_tag","embeddable":true,"href":"https:\/\/www.europesays.com\/fr\/wp-json\/wp\/v2\/tags?post=230149"}],"curies":[{"name":"wp","href":"https:\/\/api.w.org\/{rel}","templated":true}]}}