{"id":230151,"date":"2025-07-06T09:48:15","date_gmt":"2025-07-06T09:48:15","guid":{"rendered":"https:\/\/www.europesays.com\/fr\/230151\/"},"modified":"2025-07-06T09:48:15","modified_gmt":"2025-07-06T09:48:15","slug":"je-defends-le-peuple-de-montpellier","status":"publish","type":"post","link":"https:\/\/www.europesays.com\/fr\/230151\/","title":{"rendered":"\u00ab Je d\u00e9fends le peuple de Montpellier \u00bb"},"content":{"rendered":"<p>            Par<br \/>\n        <strong><br \/>\n            <a href=\"https:\/\/actu.fr\/auteur\/c-nithard\" title=\"Consulter tous les articles de C\u00e9dric Nithard\" rel=\"nofollow noopener\" target=\"_blank\">C\u00e9dric Nithard<\/a><br \/>\n        <\/strong><\/p>\n<p>        Publi\u00e9 le<\/p>\n<p>            6 juil. 2025 \u00e0 11h28        <\/p>\n<p><strong>Philippe Saurel<\/strong> fait donc un retour au premier plan. M\u00eame si <strong>l\u2019ancien maire de Montpellier<\/strong> (2014-2020) ne prendra sa d\u00e9cision qu\u2019en septembre, apr\u00e8s un voyage \u00e0 Ath\u00e8nes, <strong>la perspective des municipales<\/strong> ne manque pas d\u2019attiser le feu en lui. Un feu qui semblait \u00e9teint jusqu\u2019\u00e0 peu. Raviv\u00e9 comme jamais apr\u00e8s \u00eatre devenu <strong>chef de file dans l\u2019H\u00e9rault du mouvement UTILES<\/strong>, c\u2019\u00e9tait l\u2019occasion d\u2019aborder avec lui diff\u00e9rents sujets. O\u00f9 ce que l\u2019on pouvait interpr\u00e9ter comme une forme de r\u00e9signation a d\u00e9sormais pris l\u2019apparence d\u2019une s\u00e9r\u00e9nit\u00e9, habit\u00e9e d\u2019une volont\u00e9 de justice, dont certains devraient se m\u00e9fier comme du calme avant la temp\u00eate. Philippe Saurel n\u2019est pas (encore) candidat, mais il est bien de retour.<\/p>\n<p class=\" wall-content\"><strong>Pour commencer de mani\u00e8re l\u00e9g\u00e8re, comment est le caf\u00e9 au D\u00f4me (NDLR : lieu du rendez-vous) ?<\/strong><\/p>\n<p class=\" wall-content\">(rires) D\u2019abord il est bon. Ce qui n\u2019est pas le cas partout malheureusement. Je travaille juste \u00e0 c\u00f4t\u00e9 et j\u2019ai coutume de venir au D\u00f4me \u00e0 Gambetta comme aux Beaux-Arts. C\u2019est un endroit que j\u2019aime bien. Mon p\u00e8re est n\u00e9 \u00e0 Figuerolles et ma m\u00e8re \u00e0 Boutonnet donc je suis issu des deux quartiers.<\/p>\n<p class=\" wall-content\"><strong>Si je posais cette question, c\u2019est parce que pendant longtemps, sur les r\u00e9seaux sociaux, vous postiez des photos de vous en train de prendre un caf\u00e9 dans diff\u00e9rents endroits t\u00f4t le matin. Quelle \u00e9tait la signification de ces messages ?<\/strong><\/p>\n<p class=\" wall-content\">Et je continue d\u2019ailleurs. En fait, c\u2019est pour expliquer aux gens que le matin je me l\u00e8ve comme eux, je vais travailler comme eux et je bois un caf\u00e9 au bistrot comme eux. C\u2019est un acte tr\u00e8s commun que de prendre un caf\u00e9 au bistrot et c\u2019est un lieu de sociabilit\u00e9.<\/p>\n<p class=\" wall-content\"><strong>Et c\u2019est presque devenu un acte d\u00e9suet avec le temps.<\/strong><\/p>\n<p class=\" wall-content\">Oui. Pour moi, c\u2019est un acte assez imm\u00e9diat. Pour vous donner un exemple, quand j\u2019\u00e9tais adjoint \u00e0 l\u2019urbanisme, beaucoup de promoteurs, de d\u00e9cideurs\u2026 souhaitaient m\u2019inviter au restaurant. \u00c0 la grande majorit\u00e9 d\u2019entre eux, je leur ai propos\u00e9 d\u2019aller boire un caf\u00e9 \u00e0 7h15 \u00e0 Antigone. Donc c\u2019est un outil qui me permet d\u2019\u00eatre en ville et de c\u00f4toyer la ville comme tous les Montpelli\u00e9rains et les habitants des villes et des villages. C\u2019est vraiment un acte simple mais j\u2019essaie de donner un peu de fond \u00e0 ce que je fais.<\/p>\n<p>    <a href=\"https:\/\/www.google.com\/maps\/embed?pb=!1m18!1m12!1m3!1d2591.8830230904205!2d3.8717918756218905!3d43.6051750555365!2m3!1f0!2f0!3f0!3m2!1i1024!2i768!4f13.1!3m3!1m2!1s0x12b6afaf37f3ba55%3A0x58f1dd403fa12bbe!2sLe%20Dome!5e1!3m2!1sfr!2sfr!4v1751783037356!5m2!1sfr!2sfr\" title=\"Ouvrie le lien\" rel=\"nofollow noopener\" target=\"_blank\">Cliquez ici pour visualiser le contenu<\/a><\/p>\n<p class=\" wall-content\"><strong>Trouvez-vous que de mani\u00e8re g\u00e9n\u00e9rale, on a \u00e9t\u00e9 injuste avec votre bilan ?<\/strong><\/p>\n<p class=\" wall-content\">Pas tous les journalistes mais beaucoup d\u2019entre eux. C\u2019est comme \u00e7a mais c\u2019est aussi de ma faute. J\u2019aurai pu mieux communiquer et mieux expliquer. Je suis plus dans le faire que dans le dire. \u00c0 partir du mois d\u2019ao\u00fbt 2019, j\u2019\u00e9tais \u00e9puis\u00e9 physiquement. J\u2019avais trop mal et j\u2019ai failli ne pas me repr\u00e9senter. Je le dis clairement, je ne pouvais pas assurer la fonction donc j\u2019ai essay\u00e9 de gagner du temps jusqu\u2019\u00e0 \u00eatre oblig\u00e9 d\u2019aller en urgence me faire op\u00e9rer.<\/p>\n<p>Vid\u00e9os : en ce moment sur Actu<\/p>\n<p class=\" wall-content\"><strong>Regrettez-vous cette presque non-campagne ?<\/strong><\/p>\n<p class=\" wall-content\">Je n\u2019ai pas fait campagne. Ce sont mes amis et coll\u00e8gues qui l\u2019ont assur\u00e9e. Je n\u2019\u00e9tais pas en \u00e9tat physique de la faire. Et il y avait beaucoup de difficult\u00e9s car quand vous n\u2019avez pas de structure avec vous, vous devez tout assumer tout seul. En 2014, je suis all\u00e9 aux \u00e9lections et nous avons gagn\u00e9 avec une \u00e9quipe qui n\u2019\u00e9tait pas form\u00e9e \u00e0 la politique. Il n\u2019y avait que six ou sept copains et copines qui avaient d\u00e9j\u00e0 fait un peu de politique, les autres \u00e9taient de la soci\u00e9t\u00e9 civile. Il a donc fallu veiller d\u2019abord \u00e0 donner une formation obligatoire, sans \u00eatre trop lourd pour ne pas dire aux \u00e9lus ce qu\u2019ils devaient faire, et en plus il fallait bien veiller \u00e0 ce que les choses ne d\u00e9rapent pas et ne sortent pas des clous. Surtout que, la nature est ainsi faite, quand physiquement je n\u2019\u00e9tais pas apte \u00e0 conduire la campagne c\u2019\u00e9tait le moment o\u00f9 j\u2019\u00e9tais le plus fragilis\u00e9 donc il fallait que je redouble de vigilance.<\/p>\n<p class=\" wall-content\"><strong>D\u2019autant que le physique joue sur l\u2019humeur.<\/strong><\/p>\n<p class=\" wall-content\">Vous savez quand je disais bonjour \u00e0 quelqu\u2019un dans la rue, si son conjoint \u00e9tait \u00e0 trois m\u00e8tres cela me coutait un effort surhumain pour faire les trois pas qui manquait. Je ne pouvais pas faire autrement, j\u2019avais trop mal. Le jour o\u00f9 j\u2019ai inaugur\u00e9 la Grand Rue Jean Moulin, personne n\u2019a rien vu mais c\u2019est la r\u00e9alit\u00e9, j\u2019ai \u00e9t\u00e9 oblig\u00e9 de faire un effort surhumain dans ma t\u00eate pour disjoncter ma jambe droite de la sensibilit\u00e9 g\u00e9n\u00e9rale de mon corps. Comme si ma jambe avait \u00e9t\u00e9 volontairement d\u00e9sensibilis\u00e9e. \u00c9videmment apr\u00e8s, j\u2019\u00e9tais nase et je suis all\u00e9 me coucher une journ\u00e9e (rires). Je voulais me faire op\u00e9rer plus t\u00f4t mais il s\u2019est trouv\u00e9 que le bloc op\u00e9ratoire de Lapeyronie \u00e9tait en travaux et donc il a fallu repousser en janvier. C\u2019est comme \u00e7a.<\/p>\n<p class=\" wall-content\"><strong>Avez-vous des regrets, surtout en observant la mani\u00e8re dont les choses se d\u00e9roulent depuis l\u2019arriv\u00e9e de Micha\u00ebl Delafosse, quant \u00e0 la mani\u00e8re dont vous avez men\u00e9 votre mandat avec beaucoup de conflits avec le D\u00e9partement et la R\u00e9gion ?<\/strong><\/p>\n<p class=\" wall-content\">Non, je ne regrette pas d\u2019\u00eatre entr\u00e9 en conflit. Et je remarque qu\u2019aujourd\u2019hui aussi il y a beaucoup de conflits politiques. C\u2019est normal. Regardez sur le PLUI, quatre maires sont en d\u00e9saccords. Sur la ZFE, il y en a 23. C\u2019est normal. Rappelez-vous que nous avons fabriqu\u00e9 la m\u00e9tropole ex nihilo et j\u2019ai \u00e9t\u00e9 oblig\u00e9 de fabriquer des outils pour convertir les maires. Il me fallait une majorit\u00e9 qualifi\u00e9e et pas une majorit\u00e9 simple c\u2019est \u00e0 dire les deux tiers. Donc il a fallu transiger et, au cours du temps, ces transactions ce sont un peu effrit\u00e9es. Chez certains le d\u00e9sir politique s\u2019est \u00e9veill\u00e9 et ils ont voulu s\u2019imposer. C\u2019est normal. Pour moi, il n\u2019y a rien d\u2019anormal dans ce mandat. Apr\u00e8s, oui, c\u2019est vrai que j\u2019aurai pu mettre un peu plus les formes. (rires)<\/p>\n<p class=\" wall-content\"><strong>On avait quand m\u00eame l\u2019impression qu\u2019il s\u2019agissait de querelles entre anciens camarades socialistes.<\/strong><\/p>\n<p class=\" wall-content\">Non, ce n\u2019\u00e9tait pas une affaire de Socialistes, c\u2019\u00e9tait une affaire d\u2019int\u00e9r\u00eats de la ville. Moi, j\u2019ai toujours d\u00e9fendu Montpellier et j\u2019ai d\u2019ailleurs toujours fait passer Montpellier avant moi-m\u00eame. Sinon je me serai peut-\u00eatre fait op\u00e9rer plus t\u00f4t, je me serai occup\u00e9 de moi. Mais peut-\u00eatre que c\u2019est l\u00e0 o\u00f9 j\u2019ai eu tort aussi. J\u2019ai toujours d\u00e9fendu les Montpelli\u00e9rains sur les imp\u00f4ts, la fiscalit\u00e9, la s\u00e9curit\u00e9, la R\u00e9gie Publique de l\u2019Eau\u2026 On ne va pas refaire le programme de 2014 mais les quinze propositions pour la ville ont \u00e9t\u00e9 faites rapidement. Et, contrairement \u00e0 ce qui est dit, le premier segment de la ligne 5 a \u00e9t\u00e9 fait ainsi que toutes les n\u00e9gociations, les r\u00e9unions publiques\u2026 il n\u2019y a jamais eu un recours sur trac\u00e9 que j\u2019ai chang\u00e9 et ils n\u2019ont eu la DUP qu\u2019en ao\u00fbt 2020. Cela veut dire que l\u2019\u00c9tat a pris en compte toute les modifications que nous avions apport\u00e9 avec les Montpelli\u00e9rains (la variante Sophie, la variante Alain\u2026) et que nous ne pouvions pas la faire avant. On a chang\u00e9 le trac\u00e9 de la ligne 5 de tramway parce que les habitants nous ont propos\u00e9 des trajets plus pertinents. On est plus forts \u00e0 deux cerveaux qu\u2019\u00e0 un seul.<\/p>\n<p class=\" wall-content\"><strong>J\u2019ai suis \u00e9tonn\u00e9 par une chose. Pendant tout ce mandat de Micha\u00ebl Delafosse, la majorit\u00e9 vous attaque r\u00e9guli\u00e8rement sur diff\u00e9rents points, notamment Manu Reynaud avec ce qu\u2019il appelle la taxe Saurel. Pourquoi avoir aussi peu r\u00e9pliqu\u00e9 ?<\/strong><\/p>\n<p class=\" wall-content\">Parce que ce sont des attaques qui sont non fond\u00e9es. J\u2019ai fait une r\u00e9ponse officielle une fois. Mais on a encore le temps pour r\u00e9pondre. Ce qu\u2019ils font c\u2019est presque de la diffamation, c\u2019est de la fausse information. En aucun cas, c\u2019est le pr\u00e9sident de la M\u00e9tropole qui ferme un site d\u2019enfouissement qui est un centre pilot\u00e9 par l\u2019\u00c9tat et qui appartient d\u00e9sormais au Plan R\u00e9gional de Gestion des D\u00e9chets M\u00e9nagers pilot\u00e9 par la R\u00e9gion dont certains sont vides. Il est donc normal de remplir ceux qui sont vides avant d\u2019en creuser d\u2019autres. Qui a arr\u00eat\u00e9 le creusement des Centres de Stockage des D\u00e9chets Ultimes ? C\u2019est Jean-Pierre Moure (NDLR : pr\u00e9sident de Montpellier Agglom\u00e9ration de 2010 \u00e0 2014) avec la Gardiole et le troisi\u00e8me casier de Castries, qu\u2019il avait promis \u00e0 Gilbert Pastor (NDLR : maire de Castries de 2001 \u00e0 2020) de ne pas faire. Je n\u2019ai fait que suivre ce qu\u2019avait dit Jean-Pierre Moure.<\/p>\n<p class=\" wall-content\"><strong>Comment voyez-vous le conseil de m\u00e9tropole du 16 juillet avec notamment la pr\u00e9sentation du PLUI ?<\/strong><\/p>\n<p class=\" wall-content\">Le PLUI est vot\u00e9 \u00e0 la majorit\u00e9 donc je pense qu\u2019il y aura la majorit\u00e9 mais cela ne veut pas dire que les maires sont d\u2019accords. Lorsqu\u2019il y a eu un vote sur les \u00e9tudes du PLUI j\u2019ai vot\u00e9 contre et j\u2019ai dit pourquoi. Premi\u00e8rement, il y a d\u00e9ficit d\u00e9mocratique car il n\u2019est pas rest\u00e9 suffisamment \u00e0 la disposition des habitants pour pouvoir avoir un \u00e9cho suffisant. Et il y a le fait de le voter avant les \u00e9lections municipales car cela veut dire faire plaisir aux maires en place. Est-ce que c\u2019est d\u00e9mocratique ? Deuxi\u00e8mement, un PLUI n\u2019est pas la somme des PLU de chacune des communes. Le PLUI vient se baser sur le Sch\u00e9ma de Coh\u00e9rence Territoriale que nous avons fait voter \u00e0 l\u2019unanimit\u00e9 en 2019 pour traduire en acte ce que le SCoT nous raconte. Donc, le PLUI est un document \u00e0 part des PLU des communes qui doit envisager dans les r\u00e8gles de construction les 50 ans \u00e0 venir de la zone et pas seulement des villes. En dehors de certains dossiers particuliers que je n\u2019\u00e9voque pas, le troisi\u00e8me point c\u2019est le patrimoine. Et d\u2019ailleurs, l\u2019\u00c9tat le remarque et c\u2019est au vitriol ! Sur le patrimoine construit, b\u00e2ti, urbain, paysager, mat\u00e9riel, immat\u00e9riel\u2026 il n\u2019y a rien.<\/p>\n<p class=\" wall-content\"><strong>Vous avez \u00e9voqu\u00e9 le fait que vous avez construit la m\u00e9tropole. Au regard de cette construction, comment voyez-vous la place des autres communes par rapport \u00e0 Montpellier qui semble accaparer l\u2019attention ?<\/strong><\/p>\n<p class=\" wall-content\">La r\u00e9ponse est dans votre question. Pour cr\u00e9er une intercommunalit\u00e9, il me semble qu\u2019il faut conduire ensemble et de mani\u00e8re concert\u00e9e des politiques communes ou globales qui envisagent l\u2019avenir. Aujourd\u2019hui, la ZFE est l\u2019exemple parfait.<\/p>\n<p class=\" wall-content\"><strong>Ne faudrait-il pas \u00e9viter que Montpellier soit la locomotive de la m\u00e9tropole et davantage les autres communes ?<\/strong><\/p>\n<p class=\" wall-content\">Elle est forc\u00e9ment la locomotive mais quand on est pr\u00e9sident de la m\u00e9tropole, quand on pense Montpellier, il faut aussi penser aux communes. On ne peut pas penser seulement \u00e0 nous. La ZFE c\u2019est typique. La M\u00e9tropole aurait pu la mettre en route mais d\u2019une autre fa\u00e7on c\u2019est \u00e0 dire avec la concertation n\u00e9cessaire, \u00e9tape apr\u00e8s \u00e9tape comme nous on avait commenc\u00e9 \u00e0 faire en pi\u00e9tonnisant les rues, tout doucement. Mais il faut de la concertation en permanence, ce qu\u2019il n\u2019y a pas eu. Regardez les 4 boulevards et m\u00eame sur La Paillade.<\/p>\n<p class=\" wall-content\"><strong>Qu\u2019avez-vous \u00e0 reprocher sur ce qui est fait \u00e0 La Paillade ? Vous aviez commenc\u00e9 quelque chose, cela a \u00e9t\u00e9 poursuivi toujours sous la r\u00e9gie de l\u2019ANRU\u2026<\/strong><\/p>\n<p class=\" wall-content\">Nous c\u2019\u00e9tait 1Md\u20ac, eux c\u2019est 500M\u20ac. On a diminu\u00e9 par deux les fonds de l\u2019ANRU. Mais ils en font des tonnes \u00e0 chaque fois. Il y a beaucoup de communication comme les fresques sur la tour d\u2019Assas. Moi je n\u2019ai pas voulu faire \u00e7a parce que cela co\u00fbte cher et que j\u2019ai maintenu 0% d\u2019augmentation d\u2019imp\u00f4t y compris sur la M\u00e9tropole qui \u00e9tait en cr\u00e9ation. Ce n\u2019\u00e9tait pas si simple que \u00e7a car, en fait, la M\u00e9tropole a \u00e9t\u00e9 cr\u00e9\u00e9e avec les transferts de comp\u00e9tences d\u00e9partementales, notamment, seulement en 2017. Et encore au forceps.<\/p>\n<p class=\" wall-content\"><strong>Pour aller sur un autre terrain, avez-vous regard\u00e9 ce qu\u2019il s\u2019est pass\u00e9 au congr\u00e8s du Parti Socialiste ?<\/strong><\/p>\n<p class=\" wall-content\">Oui bien s\u00fbr m\u00eame si je ne suis pas concern\u00e9 directement.<\/p>\n<p class=\" wall-content\"><strong>Il n\u2019y a pas une petite fibre qui vibre quelque part ?<\/strong><\/p>\n<p class=\" wall-content\">Si\u2026 Je suis int\u00e9ress\u00e9 par ce qu\u2019il s\u2019y passe mais je suis int\u00e9ress\u00e9 par toute la vie politique. Je regarde tous les partis, leur fonctionnement, m\u00eame si je suis dans aucun. Sur le PS, beaucoup de gens font des critiques contre Olivier Faure mais il a quand m\u00eame sauv\u00e9 le parti \u00e0 un point o\u00f9 il risquait de ne plus avoir un seul d\u00e9put\u00e9. Beaucoup se sont faits \u00e9lire gr\u00e2ce \u00e0 l\u2019alliance avec La France Insoumise et apr\u00e8s ils reprochent \u00e0 Faure de faire l\u2019alliance.<\/p>\n<p class=\" wall-content\"><strong>Dans la politique, on oublie que c\u2019est souvent une histoire de contexte et de circonstances.<\/strong><\/p>\n<p class=\" wall-content\">Et de malhonn\u00eatet\u00e9 intellectuelle.<\/p>\n<p class=\" wall-content\"><strong>Lors de la venue de Bertrand Pancher pour vous pr\u00e9senter comme chef de file d\u2019UTILES aux municipales dans l\u2019H\u00e9rault, vous avez d\u00e9clar\u00e9 que vous pensiez que beaucoup de Fran\u00e7ais \u00e9taient de gauche.<\/strong><\/p>\n<p class=\" wall-content\">La France a beaucoup de services publics, une administration d\u2019\u00c9tat qui est bienveillante. L\u2019\u00c9tat est bienveillant \u00e0 l\u2019\u00e9gard des Fran\u00e7ais m\u00eame si certains se font allumer parce qu\u2019ils ont transgress\u00e9 les r\u00e8gles. Les enfants de la Patrie sont trait\u00e9s de la m\u00eame fa\u00e7on. Quand quelqu\u2019un va se faire rembourser les m\u00e9dicaments, on ne demande pas pour qui il vote. On demande la carte vitale, pas la carte d\u2019\u00e9lecteur. Il y a tr\u00e8s peu de pays comme \u00e7a et c\u2019est quand m\u00eame une tr\u00e8s grande mesure sociale. Alors on ne va pas de dire une mesure de gauche mais une mesure social.<\/p>\n<p class=\" wall-content\"><strong>La suite de ma question \u00e9tait pourquoi la gauche ne parvient-elle pas \u00e0 gagner les \u00e9lections nationales ?<\/strong><\/p>\n<p class=\" wall-content\">Aujourd\u2019hui, le jeu politique a chang\u00e9. On est sur une archip\u00e9lisation des pens\u00e9es, des groupes, des pressions, des r\u00e9seaux, des m\u00e9dias\u2026 donc cela ne fonctionne plus comme avant. Mais il y en a qui se sentent plus de gauche et plus de droite. Pour moi c\u2019est quelque chose de personnel et cela n\u2019a pas d\u2019importance quand on veut cr\u00e9er un projet, avec un objectif, en y mettant toute son \u00e9nergie pour que ce projet puisse \u00e9clore.<\/p>\n<p class=\" wall-content\"><strong>Cela veut dire qu\u2019il faut \u00eatre capable de parler \u00e0 tout le monde.<\/strong><\/p>\n<p class=\" wall-content\">Oui totalement. Moi je ne demande jamais aux gens pour qui ils votent. On s\u2019en fout, c\u2019est leur probl\u00e8me. Je ne demande pas leur religion, leur orientation sexuelle\u2026 je ne demande rien, je m\u2019en fous, ce sont des personnes qui sont de Montpellier ou des villages, qui ont envie de s\u2019investir, de faire le bien\u2026 C\u2019est, entre guillemets, un peu jud\u00e9o-chr\u00e9tien. (rires) Mais c\u2019est important. Ce qui ont envie de faire le bien pour leurs semblables sont les bienvenus. Il y a tellement de travail.<\/p>\n<p class=\" wall-content\"><strong>Je voudrai \u00e9voquer avec vous trois personnalit\u00e9s. Tout d\u2019abord Vladimir Poutine et cette m\u00e9daille qu\u2019il vous a remise en 2019.<\/strong><\/p>\n<p class=\" wall-content\">J\u2019ai d\u2019abord clairement condamn\u00e9 l\u2019invasion de l\u2019Ukraine mais ce n\u2019est qu\u2019un \u00e9pisode de cette guerre qui a commenc\u00e9 en 2014 et c\u2019est cons\u00e9quent \u00e0 la mauvaise gestion par l\u2019Europe de la dissolution de l\u2019Union Sovi\u00e9tique. Conf\u00e8re aux propos d\u2019Hubert V\u00e9drine que je partage. Quant \u00e0 la m\u00e9daille, certes Vladimir Poutine me l\u2019a remise en 2019 mais je rappelle que ceux qui critiquent \u00e9taient peut-\u00eatre \u00e0 la coupe du Monde de football en 2018. Et c\u2019est une m\u00e9daille, qu\u2019a re\u00e7u aussi Marek Halter, Claudie Haigner\u00e9, Jean-Pierre Chev\u00e8nement et d\u2019autres, pour saluer des relations qui ont rapproch\u00e9 les deux cultures et les deux peuples. C\u2019est tout. Nous avons valoris\u00e9 la victoire de Stalingrad et nous avons honor\u00e9 le premier homme dans l\u2019espace avec la statue de Youri Gagarine, ce sont deux faits historiques. Je consid\u00e8re qu\u2019il faut \u00eatre clair avec l\u2019histoire, cela n\u2019emp\u00eache pas que bien s\u00fbr il y a eu des choses tr\u00e8s n\u00e9gatives, mais je ne suis pas historien. Je ne prend que ce qu\u2019il y a de bien sinon on refuse toute l\u2019humanit\u00e9.<\/p>\n<p class=\" wall-content\"><strong>Emmanuel Macron.<\/strong><\/p>\n<p class=\" wall-content\">Comme beaucoup de Fran\u00e7ais, j\u2019ai pens\u00e9 qu\u2019en 2017, Emmanuel Macron, qui \u00e9tait issu d\u2019un mouvement citoyen comme nous, aurait la possibilit\u00e9 de r\u00e9former la Constitution, mettre en place des conseillers territoriaux, etc, etc, comme il l\u2019avait promis. Malheureusement, son premier r\u00e9flexe a \u00e9t\u00e9 de transformer En Marche en parti politique et apr\u00e8s cela a suivi l\u2019histoire courante de tous les partis politiques.<\/p>\n<p class=\" wall-content\"><strong>Quand vous aviez dit que Montpellier \u00e9tait un laboratoire du macronisme, c\u2019\u00e9tait dans quelle perspective ?<\/strong><\/p>\n<p class=\" wall-content\">\u00c0 Montpellier en 2014, cela a \u00e9t\u00e9 la seule fois o\u00f9 une \u00e9quipe citoyenne a battu le Parti Socialiste depuis 1977. D\u2019ailleurs, il n\u2019y a que elle qui l\u2019a fait. De 1977 \u00e0 2026, une seule fois le PS aura \u00e9t\u00e9 battu.<\/p>\n<p class=\" wall-content\"><strong>Jean-Luc M\u00e9lenchon.<\/strong><\/p>\n<p class=\" wall-content\">Je n\u2019oublie pas qu\u2019il a \u00e9t\u00e9 longtemps membre du Parti Socialiste. Ensuite il y a deux choses qui me conviennent. Sur la 6e R\u00e9publique d\u2019abord et sur l\u2019Union Sovi\u00e9tique sur laquelle il a un discours mesur\u00e9. Le PS ne peut pas dire je prends LFI pour me faire \u00e9lire aux l\u00e9gislatives et apr\u00e8s je vomis sur LFI alors qu\u2019il m\u2019a fait \u00e9lire. \u00c7a cela ne me plait pas. Apr\u00e8s, je ne suis dans aucun parti mais je suis all\u00e9 au meeting de LFI sur la 6e R\u00e9publique et c\u2019\u00e9tait int\u00e9ressant. On peut discuter sur les fondements, ce qu\u2019ils proposent et d\u2019autres choses mais le probl\u00e8me n\u2019est pas l\u00e0. Le probl\u00e8me c\u2019est que cela exprime un d\u00e9sir de changer de Constitution, de passer \u00e0 une autre page de l\u2019Histoire de France. Et c\u2019est cette page qui m\u2019int\u00e9resse. Il faut commencer \u00e0 l\u2019\u00e9crire doucement parce qu\u2019il n\u2019y a pas de r\u00e9volution.<\/p>\n<p class=\" wall-content\"><strong>Jean-Luc M\u00e9lenchon n\u2019est-il pas trop brutal pour cela ?<\/strong><\/p>\n<p class=\" wall-content\">Si bien s\u00fbr. Apr\u00e8s, si on veut \u00eatre honn\u00eate, quand tout est boucl\u00e9 de l\u2019int\u00e9rieur et de l\u2019ext\u00e9rieur, quand tous les m\u00e9dias ou presque sont pilot\u00e9s par le pouvoir en place, on fait comment ? Il faut qu\u2019il y ait un peu de r\u00e9volte. D\u2019ailleurs c\u2019est dans l\u2019article 35 de la D\u00e9claration des Droits de l\u2019Homme et du Citoyen : \u00ab\u00a0Quand le gouvernement viole les droits du peuple, l\u2019insurrection est pour le peuple, et pour chaque portion du peuple, le plus sacr\u00e9 des droits et le plus indispensable des devoirs\u00a0\u00bb. C\u2019est incroyable !<\/p>\n<p class=\" wall-content\"><strong>Vous avez r\u00e9cemment consult\u00e9 les carnets des Gilets Jaunes. Pensez-vous comme certains qu\u2019une forme de r\u00e9volte couve dans le pays ?<\/strong><\/p>\n<p class=\" wall-content\">Les Gilets Jaunes ont \u00e9t\u00e9 \u00e0 la base suscit\u00e9e par les d\u00e9cisions, notamment d\u2019\u00c9douard Philippe, sur l\u2019essence, les 80km\/h\u2026 mais cela d\u00e9note plusieurs probl\u00e8mes qui sont r\u00e9els notamment le probl\u00e8me de ce que certains appelaient la France p\u00e9riph\u00e9rique. Je n\u2019aime pas ce terme. On l\u2019utilise pour que les gens comprennent mais pour moi il n\u2019y a pas de France p\u00e9riph\u00e9rique.<\/p>\n<p class=\" wall-content\"><strong>Vous pr\u00e9f\u00e9rez le terme de gueux ?<\/strong><\/p>\n<p class=\" wall-content\">Non plus ! Ce n\u2019est pas mon truc. On doit \u00eatre capable de mettre en place un syst\u00e8me, et l\u00e0 on en revient \u00e0 la 6e R\u00e9publique, o\u00f9 on a une vision du territoire qui doit \u00eatre \u00e9quilibr\u00e9. Aujourd\u2019hui, il y a plusieurs m\u00e9tropoles en France mais dans leurs alentours, ceux-l\u00e0 ils payent tout. C\u2019est \u00e7a qu\u2019il faut revoir. Dans mon projet de R\u00e9publique, il faut refaire les r\u00e9gions qui, pour moi, n\u2019ont pas lieu d\u2019exister en l\u2019\u00e9tat. Les r\u00e9gions p\u00e2tissent d\u2019un d\u00e9ficit d\u00e9mocratique majeur : elle ne l\u00e8ve pas d\u2019imp\u00f4ts. Dans la mesure o\u00f9 elles ne l\u00e8vent pas d\u2019imp\u00f4ts, elles ne vivent que des subventions de l\u2019\u00c9tat qu\u2019elles utilisent selon leur bon vouloir. Donc l\u2019\u00c9tat a cr\u00e9\u00e9 des grands comt\u00e9s, comme au Moyen \u00c2ge, o\u00f9 les comtes et comtesses \u00e0 la t\u00eate de ces provinces sont des challengers du roi. De fait, on a cr\u00e9\u00e9 des \u00c9tats dans l\u2019\u00c9tat. Ce n\u2019est pas \u00e7a la d\u00e9centralisation. Pour rem\u00e9dier \u00e0 cela, il faut modifier le fonctionnement des r\u00e9gions en mettant d\u2019abord en place, comme Emmanuel Macron l\u2019avait promis et Nicolas Sarkozy avant lui, le conseiller territorial qui est \u00e0 la fois conseiller g\u00e9n\u00e9ral et conseiller r\u00e9gional. On ne supprime pas un \u00e9chelon, on condense les \u00e9chelons. Deux en un. En plus, ce sont des conseillers territoriaux pour \u00ab\u00a0la France p\u00e9riph\u00e9rique\u00a0\u00bb l\u00e0 o\u00f9 il n\u2019y a pas de m\u00e9tropole. Alors oui, avec treize d\u00e9partements dans la nouvelle r\u00e9gion, il y aura beaucoup d\u2019\u00e9lus. Mais \u00e0 l\u2019Assembl\u00e9e nationale il y a aussi beaucoup d\u2019\u00e9lus et elle ressemble \u00e0 une assembl\u00e9e de provinces avec les baronnies. L\u00e0 ce sont les cantons mais qui sont des zones accessibles donc l\u2019\u00e9lu revient au moins \u00e0 proximit\u00e9 du citoyen. Au final, on a plant\u00e9 un syst\u00e8me extr\u00eamement d\u00e9ficitaire et qui n\u2019est pas contr\u00f4l\u00e9.<\/p>\n<p class=\" wall-content\"><strong>Sur un autre registre, vous avez d\u00e9clar\u00e9 avoir eu recours \u00e0 <a href=\"https:\/\/www.legifrance.gouv.fr\/codes\/article_lc\/LEGIARTI000006574931\/2024-01-05\/\" rel=\"nofollow noopener\" target=\"_blank\">des articles 40 du code de proc\u00e9dure p\u00e9nale<\/a> (NDLR : signalement aupr\u00e8s du procureur de la R\u00e9publique lorsque l\u2019on est t\u00e9moin d\u2019une infraction p\u00e9nale) qui n\u2019ont pas \u00e9t\u00e9 suivis. Qu\u2019en est-il ?<\/strong><\/p>\n<p class=\" wall-content\">Elles ont \u00e9t\u00e9 re\u00e7us par le Parquet et pour l\u2019instant je n\u2019ai pas de r\u00e9ponses. Mais je vais bient\u00f4t m\u2019exprimer pr\u00e9cis\u00e9ment sur ce sujet parce que je trouve tout \u00e0 fait anormal de ne pas avoir eu de r\u00e9ponses \u00e0 des questions qui sont des questions importantes. Je n\u2019en dirai pas plus aujourd\u2019hui.<\/p>\n<p class=\" wall-content\"><strong>Il y a par ailleurs eu beaucoup de proc\u00e8s intent\u00e9s contre vous, que vous avez tous gagn\u00e9s. Y voyez-vous une forme d\u2019instrumentalisation de la justice ?<\/strong><\/p>\n<p class=\" wall-content\">C\u2019est une instrumentalisation de la justice ! Mais c\u2019est le procureur qui a la cl\u00e9 du syst\u00e8me car c\u2019est lui qui maitrise l\u2019audiencement, c\u2019est \u00e0 dire la date de l\u2019audience. Donc si vous instruisez une plainte avant les \u00e9lections, vous mettez la personne en examen pendant les \u00e9lections et, m\u00eame s\u2019il a raison, on le dit trois ans apr\u00e8s. Le train est d\u00e9j\u00e0 pass\u00e9 et pendant ce temps vous avez sali la personne. Cela m\u2019est arriv\u00e9 huit fois.<\/p>\n<p class=\" wall-content\"><strong>Pour terminer sur le volet justice, un point m\u2019interroge. David Guyon est avocat \u00e0 Montpellier mais, au-del\u00e0 de son activit\u00e9 professionnelle, c\u2019est un soutien de la scientologie et quelqu\u2019un habitu\u00e9 \u00e0 frayer dans des r\u00e9seaux conspirationnistes et d\u2019extr\u00eames-droites. Quels liens entretenez-vous avec lui ?<\/strong><\/p>\n<p class=\" wall-content\">C\u2019est un avocat de droit administratif et j\u2019avais besoin d\u2019un avocat qui valide des d\u00e9marches administratives. Quand il s\u2019est install\u00e9, je l\u2019ai rencontr\u00e9. Tout simplement. Il m\u2019avait l\u2019air correct, il a \u00e9t\u00e9 correct avec moi. C\u2019est tout. Sur l\u2019aspect p\u00e9nal, mon avocat est Paul Le F\u00e8vre, ancien du cabinet Kiejman &amp; Marembert qui a cr\u00e9\u00e9 le cabinet franco-italien Mondovi.<\/p>\n<p class=\" wall-content\"><strong>Sur un autre domaine, vous avez d\u00e9clar\u00e9 \u00ab\u00a0ne pas avoir honte d\u2019\u00eatre ath\u00e9e\u00a0\u00bb. Quelle est votre religion ?<\/strong><\/p>\n<p class=\" wall-content\">J\u2019ai \u00e9t\u00e9 baptis\u00e9 catholique mais je crois aussi aux arbres de la for\u00eat. Ma religion c\u2019est celle-l\u00e0.<\/p>\n<p class=\" wall-content\"><strong>Vous faites souvent r\u00e9f\u00e9rence au si\u00e8cle des Lumi\u00e8res, on a l\u2019impression que sur la religion cela peut partir dans tous les sens avec vous (rires).<\/strong><\/p>\n<p class=\" wall-content\">En fait si je voulais synth\u00e9tiser, alors que c\u2019est difficilement synth\u00e9tisable car chacun se fait la sienne, pour moi c\u2019est la splendeur de la cr\u00e9ation. C\u2019est pour \u00e7a que je vous parle des arbres de la for\u00eat. Les arbres ont une port\u00e9e religieuse incroyable dans l\u2019humanit\u00e9. C\u2019est un sentiment qui s\u2019\u00e9l\u00e8ve, ils abritent les chants des oiseaux et sont incompr\u00e9hensibles sauf en terme de vibrations. Si on rentre l\u00e0-dedans\u2026 ce n\u2019est plus Saurel le politique (rires). Je suis de tradition catholique et je prends pli aux arbres de la for\u00eat, \u00e0 la source, \u00e0 la lumi\u00e8re. C\u2019est un tout. C\u2019est Jean-Jacques Rousseau, le d\u00e9isme.<\/p>\n<p class=\" wall-content\"><strong>Dans la 6e R\u00e9publique \u00e0 laquelle vous appelez, comment voyez-vous la la\u00efcit\u00e9 ?<\/strong><\/p>\n<p class=\" wall-content\">La la\u00efcit\u00e9 c\u2019est tout simple. Tout est \u00e9crit. Chacun a le droit de croire ou de ne pas croire et il n\u2019est pas pour \u00e7a un citoyen \u00e0 part. Tous les citoyens fran\u00e7ais ont le droit de croire ou de ne pas croire et ceux qui sont croyants ont la possibilit\u00e9 de pratiquer leur religion d\u00e9cemment et en toute libert\u00e9. Je n\u2019ai aucun probl\u00e8me avec \u00e7a.<\/p>\n<p class=\" wall-content\"><strong>Le probl\u00e8me viendrait alors des politiques ?<\/strong><\/p>\n<p class=\" wall-content\">Les politiques la pervertissent un peu pour combattre les religions. Je ne suis pas de ceux-l\u00e0. Moi, je respecte profond\u00e9ment celui qui croit et celui qui ne croit pas. \u00ab\u00a0Il y avait celui qui croyait au ciel et celui qui n\u2019y croyait pas\u00a0\u00bb. Pour moi la la\u00efcit\u00e9 c\u2019est cette phrase d\u2019Aragon (NDLR : tir\u00e9e du po\u00e8me Les Yeux d\u2019Elsa) car il consid\u00e8re d\u2019une m\u00eame fa\u00e7on celui qui croit et celui qui ne croit pas. L\u2019humanit\u00e9 est comme \u00e7a et les deux sont respectables au m\u00eame titre.<\/p>\n<p class=\" wall-content\"><strong>La Franc-ma\u00e7onnerie a-t-elle toujours autant d\u2019int\u00e9r\u00eat \u00e0 vos yeux ?<\/strong><\/p>\n<p class=\" wall-content\">J\u2019ai fait ma th\u00e8se sur le XVIIIe si\u00e8cle et je consid\u00e8re qu\u2019ils n\u2019\u00e9taient pas anticl\u00e9ricales, ils n\u2019\u00e9taient pas ath\u00e9e, ils \u00e9taient d\u00e9istes. C\u2019\u00e9tait une aspiration tr\u00e8s ouverte qui louait la beaut\u00e9 du monde. Je me sens proche des id\u00e9es des Lumi\u00e8res, du XVIIIe si\u00e8cle. Aujourd\u2019hui, c\u2019est devenu tr\u00e8s m\u00e9canique. Je n\u2019en dis pas plus.<\/p>\n<p class=\" wall-content\"><strong>Pour terminer, dans un pr\u00e9c\u00e9dent article j\u2019ai \u00e9crit que vous d\u00e9butiez la r\u00e9paration de l\u2019histoire d\u2019amour entre vous et les Montpelli\u00e9rains. Trouvez-vous cela juste ?<\/strong><\/p>\n<p class=\" wall-content\">Ce que vous avez \u00e9crit ne m\u2019a pas choqu\u00e9. Il n\u2019y a pas eu de r\u00e9paration. Je fais du sport et, comme en politique, j\u2019ai perdu, j\u2019ai gagn\u00e9. Quand on perd, on apprend, autant que quand on gagne. On apprend tout le temps. Jamais j\u2019ai reproch\u00e9 quoi que ce soit au peuple de Montpellier. Moi, je d\u00e9fends le peuple de Montpellier. Il y a deux fa\u00e7ons de faire de la politique. Ou on utilise le peuple et on leur met le pied dessus pour grimper \u00e0 Paris. C\u2019est une fa\u00e7on qui n\u2019est pas la mienne. Ou alors on sert le peuple, on se fracasse les \u00e9lus parce qu\u2019ils sont jaloux, et on ne monte pas \u00e0 Paris. Depuis la nuit des temps c\u2019est comme \u00e7a. Quand j\u2019ai \u00e9t\u00e9 dur dans mon ancien mandat, je le savais. Je ne l\u2019ai pas fait inconsciemment sur un coup de t\u00eate. Je l\u2019ai fait libre, j\u2019ai d\u00e9cid\u00e9.<\/p>\n<p class=\" wall-content\"><strong>J\u2019ai l\u2019impression que, en prenant toutes les pr\u00e9cautions, dans cette possible future campagne vous avez d\u00e9j\u00e0 cibl\u00e9 un axe sentimental en analysant ce qu\u2019il s\u2019\u00e9tait pass\u00e9 durant le mandat de Micha\u00ebl Delafosse ?<\/strong><\/p>\n<p class=\" wall-content\">Ce n\u2019est pas sentimental. Je consid\u00e8re un mandat politique comme le consid\u00e9rait Jaur\u00e8s. C\u2019est une mission. Durant mon mandat, les Montpelli\u00e9rains n\u2019ont pas perdu d\u2019argent, la ville a \u00e9t\u00e9 am\u00e9nag\u00e9e, je ne me suis pas servi, on m\u2019a fait des proc\u00e8s qu\u2019ils ont tous perdu\u2026 Je suis libre. Apr\u00e8s, honn\u00eatement, je n\u2019ai pas encore d\u00e9cid\u00e9. Il y a beaucoup de choses \u00e0 g\u00e9rer, aussi bien en interne qu\u2019en externe. L\u2019harmonie oui mais il n\u2019y a pas que \u00e7a.<\/p>\n<p class=\" wall-content\">Suivez toute l\u2019actualit\u00e9 de vos villes et m\u00e9dias favoris en vous inscrivant \u00e0 <a href=\"https:\/\/moncompte.actu.fr\" title=\"D\u00e9couvez Mon Actu\" rel=\"nofollow noopener\" data-trk=\"{&quot;cta&quot;:{&quot;action&quot;:&quot;https:\\\/\\\/moncompte.actu.fr&quot;,&quot;category&quot;:&quot;mon compte&quot;,&quot;from&quot;:&quot;article footer&quot;,&quot;name&quot;:&quot;Mon actu&quot;,&quot;type&quot;:&quot;cta&quot;}}\" target=\"_blank\">Mon Actu<\/a>.<\/p>\n","protected":false},"excerpt":{"rendered":"Par C\u00e9dric Nithard Publi\u00e9 le 6 juil. 2025 \u00e0 11h28 Philippe Saurel fait donc un retour au premier&hellip;\n","protected":false},"author":2,"featured_media":230152,"comment_status":"","ping_status":"","sticky":false,"template":"","format":"standard","meta":{"footnotes":""},"categories":[9599],"tags":[1111,11,4188,1777,674,1011,27,2208,12,2680,316,25],"class_list":{"0":"post-230151","1":"post","2":"type-post","3":"status-publish","4":"format-standard","5":"has-post-thumbnail","7":"category-montpellier","8":"tag-actu","9":"tag-actualites","10":"tag-elections-municipales","11":"tag-eu","12":"tag-europe","13":"tag-fr","14":"tag-france","15":"tag-montpellier","16":"tag-news","17":"tag-occitanie","18":"tag-politique","19":"tag-republique-francaise"},"share_on_mastodon":{"url":"https:\/\/pubeurope.com\/@fr\/114805663588556086","error":""},"_links":{"self":[{"href":"https:\/\/www.europesays.com\/fr\/wp-json\/wp\/v2\/posts\/230151","targetHints":{"allow":["GET"]}}],"collection":[{"href":"https:\/\/www.europesays.com\/fr\/wp-json\/wp\/v2\/posts"}],"about":[{"href":"https:\/\/www.europesays.com\/fr\/wp-json\/wp\/v2\/types\/post"}],"author":[{"embeddable":true,"href":"https:\/\/www.europesays.com\/fr\/wp-json\/wp\/v2\/users\/2"}],"replies":[{"embeddable":true,"href":"https:\/\/www.europesays.com\/fr\/wp-json\/wp\/v2\/comments?post=230151"}],"version-history":[{"count":0,"href":"https:\/\/www.europesays.com\/fr\/wp-json\/wp\/v2\/posts\/230151\/revisions"}],"wp:featuredmedia":[{"embeddable":true,"href":"https:\/\/www.europesays.com\/fr\/wp-json\/wp\/v2\/media\/230152"}],"wp:attachment":[{"href":"https:\/\/www.europesays.com\/fr\/wp-json\/wp\/v2\/media?parent=230151"}],"wp:term":[{"taxonomy":"category","embeddable":true,"href":"https:\/\/www.europesays.com\/fr\/wp-json\/wp\/v2\/categories?post=230151"},{"taxonomy":"post_tag","embeddable":true,"href":"https:\/\/www.europesays.com\/fr\/wp-json\/wp\/v2\/tags?post=230151"}],"curies":[{"name":"wp","href":"https:\/\/api.w.org\/{rel}","templated":true}]}}