{"id":230157,"date":"2025-07-06T09:53:10","date_gmt":"2025-07-06T09:53:10","guid":{"rendered":"https:\/\/www.europesays.com\/fr\/230157\/"},"modified":"2025-07-06T09:53:10","modified_gmt":"2025-07-06T09:53:10","slug":"des-fermetures-nocturnes-du-7-au-10-juillet","status":"publish","type":"post","link":"https:\/\/www.europesays.com\/fr\/230157\/","title":{"rendered":"des fermetures nocturnes du 7 au 10\u00a0juillet"},"content":{"rendered":"<p>Les travaux d\u2019am\u00e9nagement du <a href=\"https:\/\/www.ledauphine.com\/d\/echangeur-du-rondeau-ou-en-est-le-chantier-95a8e06d-60b2-410a-b4e4-3210965d68d5\" target=\"_blank\" rel=\"noopener\">Rondeau<\/a> se poursuivent et entra\u00eeneront la fermeture d\u2019une partie du r\u00e9seau routier et autoroutier, entre ce lundi\u00a07 et ce jeudi 10\u00a0juillet.<\/p>\n<p> \u25b6 \u00a0Ce lundi de 20\u00a0h\u00a030 \u00e0 5\u00a0h\u00a030, depuis Lyon, la bretelle d\u2019acc\u00e8s nord depuis l\u2019autoroute A480 vers Chamb\u00e9ry par la nationale N87 sera ferm\u00e9e.<\/p>\n<p>Toujours en direction de Chamb\u00e9ry, la bretelle d\u2019insertion du diffuseur Lib\u00e9ration (n\u00b08) sera \u00e9galement ferm\u00e9e.<\/p>\n<p>En direction de Lyon, l\u2019autoroute A480 sera inaccessible entre le diffuseur de Claix (n\u00b09) et le diffuseur du Pont-de-Claix (n\u00b07). La nationale N85 sera \u00e9galement ferm\u00e9e.<\/p>\n<p> \u25b6 Par ailleurs, les nuits des 8 et 10\u00a0juillet, d\u2019autres fermetures sont \u00e0 pr\u00e9voir de 21\u00a0h\u00a030 \u00e0 5\u00a0h\u00a030\u00a0: depuis Sisteron, fermeture de la bretelle de sortie de l\u2019autoroute A480 sud au niveau de l\u2019\u00e9changeur du Rondeau (n\u00b05) et de la liaison D6 vers Seyssins. Depuis Seyssins, fermeture de la liaison D6 vers Chamb\u00e9ry ainsi que la bretelle d\u2019entr\u00e9e de l\u2019autoroute A480 Nord vers Lyon.<\/p>\n<p> \u25b6 Des fermetures qui s\u2019ajoutent aux <a href=\"https:\/\/www.ledauphine.com\/transport\/2025\/07\/04\/isere-metropole-de-grenoble-quelles-fermetures-cet-ete-du-cote-du-rondeau?login=1#PlugCommentsList2\" target=\"_blank\" rel=\"noopener\">travaux d\u2019\u00e9t\u00e9<\/a> pr\u00e9vus en journ\u00e9e\u00a0: jusqu\u2019au 25\u00a0juillet en fin de journ\u00e9e, la liaison entre Seyssins et la rocade sud (RN87) est ferm\u00e9e, dans les deux sens, afin de poursuivre les am\u00e9nagements en surface (d\u00e9viation propos\u00e9e via un demi-tour \u00e0 Catane pour rejoindre Chamb\u00e9ry ou revenir vers Seyssins).<\/p>\n","protected":false},"excerpt":{"rendered":"Les travaux d\u2019am\u00e9nagement du Rondeau se poursuivent et entra\u00eeneront la fermeture d\u2019une partie du r\u00e9seau routier et autoroutier,&hellip;\n","protected":false},"author":2,"featured_media":230158,"comment_status":"","ping_status":"","sticky":false,"template":"","format":"standard","meta":{"footnotes":""},"categories":[9566],"tags":[1111,11,2430,3542,9600,9852,9853,112,113,114,1777,674,1011,27,2731,108,3294,1985,12,25,12277,2803],"class_list":{"0":"post-230157","1":"post","2":"type-post","3":"status-publish","4":"format-standard","5":"has-post-thumbnail","7":"category-grenoble","8":"tag-actu","9":"tag-actualites","10":"tag-auvergne-rhone-alpes","11":"tag-circulation","12":"tag-claix","13":"tag-echirolles","14":"tag-echirolles-bassin","15":"tag-edition-grenoble-agglomeration","16":"tag-edition-gresivaudan-oisans","17":"tag-edition-voiron-saint-marcellin","18":"tag-eu","19":"tag-europe","20":"tag-fr","21":"tag-france","22":"tag-grenoble","23":"tag-isere","24":"tag-le-pont-de-claix","25":"tag-metropole-de-grenoble","26":"tag-news","27":"tag-republique-francaise","28":"tag-seyssins","29":"tag-transport"},"share_on_mastodon":{"url":"https:\/\/pubeurope.com\/@fr\/114805683250379949","error":""},"_links":{"self":[{"href":"https:\/\/www.europesays.com\/fr\/wp-json\/wp\/v2\/posts\/230157","targetHints":{"allow":["GET"]}}],"collection":[{"href":"https:\/\/www.europesays.com\/fr\/wp-json\/wp\/v2\/posts"}],"about":[{"href":"https:\/\/www.europesays.com\/fr\/wp-json\/wp\/v2\/types\/post"}],"author":[{"embeddable":true,"href":"https:\/\/www.europesays.com\/fr\/wp-json\/wp\/v2\/users\/2"}],"replies":[{"embeddable":true,"href":"https:\/\/www.europesays.com\/fr\/wp-json\/wp\/v2\/comments?post=230157"}],"version-history":[{"count":0,"href":"https:\/\/www.europesays.com\/fr\/wp-json\/wp\/v2\/posts\/230157\/revisions"}],"wp:featuredmedia":[{"embeddable":true,"href":"https:\/\/www.europesays.com\/fr\/wp-json\/wp\/v2\/media\/230158"}],"wp:attachment":[{"href":"https:\/\/www.europesays.com\/fr\/wp-json\/wp\/v2\/media?parent=230157"}],"wp:term":[{"taxonomy":"category","embeddable":true,"href":"https:\/\/www.europesays.com\/fr\/wp-json\/wp\/v2\/categories?post=230157"},{"taxonomy":"post_tag","embeddable":true,"href":"https:\/\/www.europesays.com\/fr\/wp-json\/wp\/v2\/tags?post=230157"}],"curies":[{"name":"wp","href":"https:\/\/api.w.org\/{rel}","templated":true}]}}