{"id":230164,"date":"2025-07-06T09:57:10","date_gmt":"2025-07-06T09:57:10","guid":{"rendered":"https:\/\/www.europesays.com\/fr\/230164\/"},"modified":"2025-07-06T09:57:10","modified_gmt":"2025-07-06T09:57:10","slug":"strasbourg-un-homme-saute-dans-le-rhin-depuis-la-passerelle-des-deux-rives-et-se-noie","status":"publish","type":"post","link":"https:\/\/www.europesays.com\/fr\/230164\/","title":{"rendered":"Strasbourg. Un homme saute dans le Rhin depuis la passerelle des Deux-Rives et se noie"},"content":{"rendered":"<p>Un accident de baignade mortel s&rsquo;est produit ce dimanche matin dans le Rhin entre Strasbourg et Kehl. Vers 8h20, des t\u00e9moins ont signal\u00e9 par appel d&rsquo;urgence avoir observ\u00e9 deux hommes debout sur la passerelle pi\u00e9tonne et cyclable reliant les rives fran\u00e7aise et allemande. L&rsquo;un d&rsquo;eux \u00e9tait en train de se d\u00e9shabiller, en gardant ses sous-v\u00eatements.<\/p>\n<p>L&rsquo;homme a alors saut\u00e9 dans le Rhin et a nag\u00e9 en aval, mais apr\u00e8s un court instant, ses forces l&rsquo;ont abandonn\u00e9. Les services de secours, imm\u00e9diatement d\u00e9p\u00each\u00e9s sur place, ont pu extraire la personne sans vie de l&rsquo;eau dans la zone du pont du tramway. Malgr\u00e9 une r\u00e9animation imm\u00e9diate, poursuivie par les secours et le m\u00e9decin urgentiste, la personne est d\u00e9c\u00e9d\u00e9e sur les lieux de l&rsquo;accident. Une enqu\u00eate est en cours pour tenter d\u2019identifier la victime, y compris en coop\u00e9ration avec les autorit\u00e9s fran\u00e7aises.<\/p>\n<p>Les op\u00e9rations de recherche ont n\u00e9cessit\u00e9 le recours \u00e0 un h\u00e9licopt\u00e8re et ont conduit \u00e0 interrompre la circulation sur le pont de l&rsquo;Europe, pont de liaison routier entre Strasbourg et Kehl.<\/p>\n","protected":false},"excerpt":{"rendered":"Un accident de baignade mortel s&rsquo;est produit ce dimanche matin dans le Rhin entre Strasbourg et Kehl. Vers&hellip;\n","protected":false},"author":2,"featured_media":230165,"comment_status":"","ping_status":"","sticky":false,"template":"","format":"standard","meta":{"footnotes":""},"categories":[2820],"tags":[119,1111,11,672,2880,1777,674,274,107,1011,27,775,12,25,640],"class_list":{"0":"post-230164","1":"post","2":"type-post","3":"status-publish","4":"format-standard","5":"has-post-thumbnail","7":"category-strasbourg","8":"tag-accident","9":"tag-actu","10":"tag-actualites","11":"tag-allemagne","12":"tag-edition-strasbourg","13":"tag-eu","14":"tag-europe","15":"tag-faits-divers-justice","16":"tag-fil-info","17":"tag-fr","18":"tag-france","19":"tag-grand-est","20":"tag-news","21":"tag-republique-francaise","22":"tag-strasbourg"},"share_on_mastodon":{"url":"https:\/\/pubeurope.com\/@fr\/114805699126832761","error":""},"_links":{"self":[{"href":"https:\/\/www.europesays.com\/fr\/wp-json\/wp\/v2\/posts\/230164","targetHints":{"allow":["GET"]}}],"collection":[{"href":"https:\/\/www.europesays.com\/fr\/wp-json\/wp\/v2\/posts"}],"about":[{"href":"https:\/\/www.europesays.com\/fr\/wp-json\/wp\/v2\/types\/post"}],"author":[{"embeddable":true,"href":"https:\/\/www.europesays.com\/fr\/wp-json\/wp\/v2\/users\/2"}],"replies":[{"embeddable":true,"href":"https:\/\/www.europesays.com\/fr\/wp-json\/wp\/v2\/comments?post=230164"}],"version-history":[{"count":0,"href":"https:\/\/www.europesays.com\/fr\/wp-json\/wp\/v2\/posts\/230164\/revisions"}],"wp:featuredmedia":[{"embeddable":true,"href":"https:\/\/www.europesays.com\/fr\/wp-json\/wp\/v2\/media\/230165"}],"wp:attachment":[{"href":"https:\/\/www.europesays.com\/fr\/wp-json\/wp\/v2\/media?parent=230164"}],"wp:term":[{"taxonomy":"category","embeddable":true,"href":"https:\/\/www.europesays.com\/fr\/wp-json\/wp\/v2\/categories?post=230164"},{"taxonomy":"post_tag","embeddable":true,"href":"https:\/\/www.europesays.com\/fr\/wp-json\/wp\/v2\/tags?post=230164"}],"curies":[{"name":"wp","href":"https:\/\/api.w.org\/{rel}","templated":true}]}}