{"id":230173,"date":"2025-07-06T10:04:09","date_gmt":"2025-07-06T10:04:09","guid":{"rendered":"https:\/\/www.europesays.com\/fr\/230173\/"},"modified":"2025-07-06T10:04:09","modified_gmt":"2025-07-06T10:04:09","slug":"un-nouveau-magasin-de-pret-a-porter-ferme-definitivement-ses-portes-a-bordeaux","status":"publish","type":"post","link":"https:\/\/www.europesays.com\/fr\/230173\/","title":{"rendered":"Un nouveau magasin de pr\u00eat-\u00e0-porter ferme d\u00e9finitivement ses portes \u00e0 Bordeaux"},"content":{"rendered":"<p>            Par<br \/>\n        <strong><br \/>\n            <a href=\"https:\/\/actu.fr\/auteur\/sports33\" title=\"Consulter tous les articles de Nicolas Gosselin\" rel=\"nofollow noopener\" target=\"_blank\">Nicolas Gosselin<\/a><br \/>\n        <\/strong><\/p>\n<p>        Publi\u00e9 le<\/p>\n<p>            6 juil. 2025 \u00e0 11h50        <\/p>\n<p>Le <a href=\"https:\/\/actu.fr\/tag\/commerce\" rel=\"nofollow noopener\" target=\"_blank\">commerce<\/a> continue de souffrir fortement \u00e0 Bordeaux, avec des <strong>fermetures r\u00e9guli\u00e8res<\/strong>.<\/p>\n<p class=\" wall-content\">Install\u00e9e rue Voltaire depuis plusieurs ann\u00e9es, la boutique hommes <strong>IKKS<\/strong>\u00a0s\u2019appr\u00eate \u00e0 fermer ses portes d\u00e9finitivement le 19 juillet 2025.<\/p>\n<p>L\u2019enseigne ne dispara\u00eet pas du centre-ville<\/p>\n<p class=\" wall-content\">L\u2019enseigne de pr\u00eat-\u00e0-porter ne dispara\u00eet toutefois pas compl\u00e8tement du centre-ville puisque les produits hommes seront d\u00e9sormais propos\u00e9s dans la boutique du cours de l\u2019Intendance, qui s\u2019adressait jusqu\u2019alors uniquement aux enfants et aux femmes.<\/p>\n<p class=\" wall-content\">Le rayon s\u2019installera au premier \u00e9tage. Selon nos informations, le loyer du magasin de la rue Voltaire \u00e9tait devenu trop cher pour l\u2019enseigne par rapport au chiffre d\u2019affaires d\u00e9gag\u00e9.<\/p>\n<p class=\" wall-content\">Ce n\u2019est pas le premier magasin de pr\u00eat-\u00e0-porter \u00e0 baisser rideau dans le secteur. La boutique <strong>Scotch &amp; Soda<\/strong> a ferm\u00e9 il y a un an et d\u2019autres sont en grande difficult\u00e9, <a href=\"https:\/\/actu.fr\/nouvelle-aquitaine\/bordeaux_33063\/figure-du-commerce-a-bordeaux-tania-labadie-songe-a-fermer-sa-boutique-de-chaussures-on-est-taxes-a-mort_62143550.html\" rel=\"nofollow noopener\" target=\"_blank\">\u00e0 l\u2019image de Chabada Shoes<\/a>.<\/p>\n<p>Vid\u00e9os : en ce moment sur Actu<\/p>\n<p class=\" wall-content\">En septembre 2024, le tribunal de commerce de Bordeaux enregistrait en effet<strong> une hausse des liquidations judiciaires de 35 %<\/strong> par rapport \u00e0 2023 et la tendance ne s\u2019am\u00e9liore pas en ce premier semestre 2025.<\/p>\n<p class=\" wall-content\">Suivez toute l\u2019actualit\u00e9 de vos villes et m\u00e9dias favoris en vous inscrivant \u00e0 <a href=\"https:\/\/moncompte.actu.fr\" title=\"D\u00e9couvez Mon Actu\" rel=\"nofollow noopener\" data-trk=\"{&quot;cta&quot;:{&quot;action&quot;:&quot;https:\\\/\\\/moncompte.actu.fr&quot;,&quot;category&quot;:&quot;mon compte&quot;,&quot;from&quot;:&quot;article footer&quot;,&quot;name&quot;:&quot;Mon actu&quot;,&quot;type&quot;:&quot;cta&quot;}}\" target=\"_blank\">Mon Actu<\/a>.<\/p>\n","protected":false},"excerpt":{"rendered":"Par Nicolas Gosselin Publi\u00e9 le 6 juil. 2025 \u00e0 11h50 Le commerce continue de souffrir fortement \u00e0 Bordeaux,&hellip;\n","protected":false},"author":2,"featured_media":230174,"comment_status":"","ping_status":"","sticky":false,"template":"","format":"standard","meta":{"footnotes":""},"categories":[2817],"tags":[1111,11,1997,215,1777,674,1011,27,12,2219,25,104],"class_list":{"0":"post-230173","1":"post","2":"type-post","3":"status-publish","4":"format-standard","5":"has-post-thumbnail","7":"category-bordeaux","8":"tag-actu","9":"tag-actualites","10":"tag-bordeaux","11":"tag-commerce","12":"tag-eu","13":"tag-europe","14":"tag-fr","15":"tag-france","16":"tag-news","17":"tag-nouvelle-aquitaine","18":"tag-republique-francaise","19":"tag-societe"},"share_on_mastodon":{"url":"https:\/\/pubeurope.com\/@fr\/114805726509696504","error":""},"_links":{"self":[{"href":"https:\/\/www.europesays.com\/fr\/wp-json\/wp\/v2\/posts\/230173","targetHints":{"allow":["GET"]}}],"collection":[{"href":"https:\/\/www.europesays.com\/fr\/wp-json\/wp\/v2\/posts"}],"about":[{"href":"https:\/\/www.europesays.com\/fr\/wp-json\/wp\/v2\/types\/post"}],"author":[{"embeddable":true,"href":"https:\/\/www.europesays.com\/fr\/wp-json\/wp\/v2\/users\/2"}],"replies":[{"embeddable":true,"href":"https:\/\/www.europesays.com\/fr\/wp-json\/wp\/v2\/comments?post=230173"}],"version-history":[{"count":0,"href":"https:\/\/www.europesays.com\/fr\/wp-json\/wp\/v2\/posts\/230173\/revisions"}],"wp:featuredmedia":[{"embeddable":true,"href":"https:\/\/www.europesays.com\/fr\/wp-json\/wp\/v2\/media\/230174"}],"wp:attachment":[{"href":"https:\/\/www.europesays.com\/fr\/wp-json\/wp\/v2\/media?parent=230173"}],"wp:term":[{"taxonomy":"category","embeddable":true,"href":"https:\/\/www.europesays.com\/fr\/wp-json\/wp\/v2\/categories?post=230173"},{"taxonomy":"post_tag","embeddable":true,"href":"https:\/\/www.europesays.com\/fr\/wp-json\/wp\/v2\/tags?post=230173"}],"curies":[{"name":"wp","href":"https:\/\/api.w.org\/{rel}","templated":true}]}}