{"id":230177,"date":"2025-07-06T10:06:12","date_gmt":"2025-07-06T10:06:12","guid":{"rendered":"https:\/\/www.europesays.com\/fr\/230177\/"},"modified":"2025-07-06T10:06:12","modified_gmt":"2025-07-06T10:06:12","slug":"toulouse-lenseigne-columbus-cafe-ouvre-son-4e-coffee-shop-dans-lagglo","status":"publish","type":"post","link":"https:\/\/www.europesays.com\/fr\/230177\/","title":{"rendered":"Toulouse. L&rsquo;enseigne Columbus Caf\u00e9 ouvre son 4e\u00a0coffee shop dans l&rsquo;agglo"},"content":{"rendered":"<p>            Par<br \/>\n        <strong><br \/>\n            <a href=\"https:\/\/actu.fr\/auteur\/guillaume-laurens\" title=\"Consulter tous les articles de Guillaume Laurens\" target=\"_blank\" rel=\"noopener\">Guillaume Laurens<\/a><br \/>\n        <\/strong><\/p>\n<p>        Publi\u00e9 le<\/p>\n<p>            6 juil. 2025 \u00e0 11h10        <\/p>\n<p>Concurrent fran\u00e7ais de Starbucks,<strong> Columbus Caf\u00e9<\/strong> poursuit son offensive dans l\u2019agglo de Toulouse, et va ouvrir, d\u00e8s mercredi 2\u00a0juillet 2025, un nouvel \u00e9tablissement au sein du <a href=\"https:\/\/actu.fr\/occitanie\/labege_31254\/pres-de-toulouse-ce-centre-commercial-qui-va-s-agrandir-accueille-deja-de-nouvelles-enseignes_62500502.html\" target=\"_blank\" rel=\"noopener\">centre commercial <strong>Lab\u00e8ge 2,<\/strong><\/a> o\u00f9 la cha\u00eene de <strong>coffee shops<\/strong> a pourtant d\u00e9j\u00e0 pignon sur rue.<\/p>\n<p>Un second Columbus Caf\u00e9 \u00e0 Lab\u00e8ge 2, sept ans apr\u00e8s le premier<\/p>\n<p class=\" wall-content\">Franchis\u00e9 historique dans la r\u00e9gion et chez Columbus Caf\u00e9 depuis plus de dix ans, <strong>R\u00e9mi Boglio<\/strong> ouvre en effet mercredi un nouvel \u00e9tablissement au rez-de-chauss\u00e9e de la galerie marchande de Lab\u00e8ge. Il s\u2019agit-l\u00e0 d\u2019une seconde cellule de 60 m\u00b2 apr\u00e8s le premier coffee shop qu\u2019il avait ouvert il y a sept ans sur ce m\u00eame site.<\/p>\n<p>Un franchis\u00e9 qui a de nombreuses enseignes \u00e0 Toulouse<\/p>\n<p class=\" wall-content\">R\u00e9mi Boglio est un entrepreneur qui s\u2019est d\u00e9velopp\u00e9 dans le monde de la <strong>restauration rapide et traditionnelle<\/strong> dans la Ville rose. Outre Columbus Caf\u00e9, il est \u00e9galement d\u00e9tenteur <strong>d\u2019autres franchises<\/strong> au sein du centre commercial Lab\u00e8ge et au c\u0153ur de Toulouse. Et il a visiblement de la suite dans les id\u00e9es\u2026<\/p>\n<blockquote class=\"ac-article-quote wall-content\">\n<p>Toulouse est une ville historique pour Columbus Caf\u00e9, pr\u00e9sent depuis plus de 10 ans en centre-ville et en zone commerciale. De nouveaux projets y verront le jour dans les prochains mois.<\/p>\n<p>    <strong>R\u00e9mi Boglio<\/strong><br \/>\n        Multi-franchis\u00e9 de Columbus Caf\u00e9    <\/p><\/blockquote>\n<p>Vid\u00e9os : en ce moment sur Actu35 places assises \u00e0 Lab\u00e8ge<\/p>\n<p class=\" wall-content\">Les curieux et les fid\u00e8les retrouveront dans ce nouveau coffee shop de <strong>35 places assises<\/strong>, \u00ab\u2009un <strong>lieu de vie cosy<\/strong> et anim\u00e9, un <strong>savoir-faire barista<\/strong> in\u00e9gal\u00e9, et l\u2019ensemble de la <strong>carte sucr\u00e9e\/sal\u00e9e<\/strong> de l\u2019enseigne, dont le fameux muffin pr\u00e9par\u00e9 sur place chaque matin\u2009\u00bb, fait valoir Columbus Caf\u00e9.<\/p>\n<p>    <img   decoding=\"async\" loading=\"lazy\" src=\"https:\/\/www.europesays.com\/fr\/wp-content\/uploads\/2025\/07\/colmubus-cafe-labege-visuel-2-dr-960x640.jpg\" alt=\"Le premier Colombus Caf\u00e9 de Lab\u00e8ge\" width=\"960\" height=\"640\"\/><br \/>\n    Le premier Colombus Caf\u00e9 de Lab\u00e8ge (\u00a9DR)Une large carte de boissons<\/p>\n<p class=\" wall-content\">Ils pourront aussi se rafra\u00eechir avec la <strong>large carte de boissons<\/strong> de l\u2019enseigne, \u00ab\u2009parmi lesquelles les <strong>smoothies<\/strong>, les <strong>jus frais<\/strong> et <strong>maison<\/strong>, les <strong>th\u00e9s glac\u00e9s<\/strong>, les nouvelles boissons de l\u2019\u00e9t\u00e9\u2009\u00bb, ou encore \u00ab\u2009les <strong>\u00e9lixirs<\/strong> \u2013 la boisson exclusive de citronnade revisit\u00e9e cr\u00e9\u00e9e par Columbus Caf\u00e9\u2009\u00bb. On y retrouvera aussi \u00ab\u2009les recettes plus gourmandes \u00e0 base de caf\u00e9 ou de th\u00e9, le bar \u00e0 eaux aromatis\u00e9es, le <strong>cha\u00ef latte<\/strong> ou les<strong> caf\u00e9s\/chocolats frapp\u00e9s\u2009\u00bb.<\/strong><\/p>\n<blockquote class=\"ac-article-quote wall-content\">\n<p>Toutes les boissons sont personnalisables et pr\u00e9par\u00e9es \u00e0 la commande par les baristas.<\/p>\n<p>    <strong>Columbus Caf\u00e9<\/strong>\n            <\/p><\/blockquote>\n<p class=\" wall-content\">Comme dans tous les Columbus Caf\u00e9, l\u2019ensemble de la carte et des boissons sera propos\u00e9 <strong>sur place<\/strong> ou<strong> \u00e0 emporter<\/strong>, du matin au soir.<\/p>\n<p>    <img   decoding=\"async\" loading=\"lazy\" src=\"https:\/\/www.europesays.com\/fr\/wp-content\/uploads\/2025\/07\/columbus-29-janvier-2025-cimer-agency-184-960x640.jpg\" alt=\"La large carte de boissons de l\u2019enseigne sera ici disponible\" width=\"960\" height=\"640\"\/><br \/>\n    La large carte de boissons de l\u2019enseigne sera ici disponible (\u00a9Columbus Caf\u00e9)<\/p>\n<p><strong>Infos pratiques\u2009:<\/strong><br \/>Columbus Caf\u00e9<br \/>Ouverture mercredi 2\u00a0juillet 2025<br \/>Centre commercial Lab\u00e8ge 2<\/p>\n<p class=\" wall-content\">Suivez toute l\u2019actualit\u00e9 de vos villes et m\u00e9dias favoris en vous inscrivant \u00e0 <a href=\"https:\/\/moncompte.actu.fr\" title=\"D\u00e9couvez Mon Actu\" rel=\"nofollow noopener\" data-trk=\"{&quot;cta&quot;:{&quot;action&quot;:&quot;https:\\\/\\\/moncompte.actu.fr&quot;,&quot;category&quot;:&quot;mon compte&quot;,&quot;from&quot;:&quot;article footer&quot;,&quot;name&quot;:&quot;Mon actu&quot;,&quot;type&quot;:&quot;cta&quot;}}\" target=\"_blank\">Mon Actu<\/a>.<\/p>\n","protected":false},"excerpt":{"rendered":"Par Guillaume Laurens Publi\u00e9 le 6 juil. 2025 \u00e0 11h10 Concurrent fran\u00e7ais de Starbucks, Columbus Caf\u00e9 poursuit son&hellip;\n","protected":false},"author":2,"featured_media":230178,"comment_status":"","ping_status":"","sticky":false,"template":"","format":"standard","meta":{"footnotes":""},"categories":[2816],"tags":[1111,11,1777,674,1011,27,12,2680,25,2850,104,2312],"class_list":{"0":"post-230177","1":"post","2":"type-post","3":"status-publish","4":"format-standard","5":"has-post-thumbnail","7":"category-toulouse","8":"tag-actu","9":"tag-actualites","10":"tag-eu","11":"tag-europe","12":"tag-fr","13":"tag-france","14":"tag-news","15":"tag-occitanie","16":"tag-republique-francaise","17":"tag-restaurants-de-toulouse","18":"tag-societe","19":"tag-toulouse"},"share_on_mastodon":{"url":"https:\/\/pubeurope.com\/@fr\/114805734458214521","error":""},"_links":{"self":[{"href":"https:\/\/www.europesays.com\/fr\/wp-json\/wp\/v2\/posts\/230177","targetHints":{"allow":["GET"]}}],"collection":[{"href":"https:\/\/www.europesays.com\/fr\/wp-json\/wp\/v2\/posts"}],"about":[{"href":"https:\/\/www.europesays.com\/fr\/wp-json\/wp\/v2\/types\/post"}],"author":[{"embeddable":true,"href":"https:\/\/www.europesays.com\/fr\/wp-json\/wp\/v2\/users\/2"}],"replies":[{"embeddable":true,"href":"https:\/\/www.europesays.com\/fr\/wp-json\/wp\/v2\/comments?post=230177"}],"version-history":[{"count":0,"href":"https:\/\/www.europesays.com\/fr\/wp-json\/wp\/v2\/posts\/230177\/revisions"}],"wp:featuredmedia":[{"embeddable":true,"href":"https:\/\/www.europesays.com\/fr\/wp-json\/wp\/v2\/media\/230178"}],"wp:attachment":[{"href":"https:\/\/www.europesays.com\/fr\/wp-json\/wp\/v2\/media?parent=230177"}],"wp:term":[{"taxonomy":"category","embeddable":true,"href":"https:\/\/www.europesays.com\/fr\/wp-json\/wp\/v2\/categories?post=230177"},{"taxonomy":"post_tag","embeddable":true,"href":"https:\/\/www.europesays.com\/fr\/wp-json\/wp\/v2\/tags?post=230177"}],"curies":[{"name":"wp","href":"https:\/\/api.w.org\/{rel}","templated":true}]}}