{"id":230181,"date":"2025-07-06T10:08:38","date_gmt":"2025-07-06T10:08:38","guid":{"rendered":"https:\/\/www.europesays.com\/fr\/230181\/"},"modified":"2025-07-06T10:08:38","modified_gmt":"2025-07-06T10:08:38","slug":"cuisiniers-du-monde-a-fives-actualites","status":"publish","type":"post","link":"https:\/\/www.europesays.com\/fr\/230181\/","title":{"rendered":"Cuisiniers du monde \u00e0 Fives \/ Actualit\u00e9s"},"content":{"rendered":"<p>Ce matin-l\u00e0, Lavdire et son mari Mihir sont aux fourneaux. Au menu : fasule me mish, poga\u00e7e, mantija et tatli. Arriv\u00e9s d\u2019Albanie voil\u00e0 huit ans, ils sont tout heureux de faire d\u00e9couvrir quelques sp\u00e9cialit\u00e9s de leur pays. Pour cuisiner cette soupe de haricots blancs, ce pain, ces feuillet\u00e9s \u00e0 la viande et ces petits g\u00e2teaux de semoule et de ma\u00efs, ils ne sont pas seuls.<\/p>\n<p>Car <strong>l\u2019atelier \u00ab cuisiniers du monde \u00bb, qui se d\u00e9roule \u00e0 la Cuisine Commune c\u00f4t\u00e9 Fives Cail, adore le partage et la mixit\u00e9<\/strong> ! <strong>Organis\u00e9 par La Sauvegarde du Nord<\/strong> une fois par mois, il r\u00e9unit des personnes accompagn\u00e9es par l\u2019association, en centre d\u2019h\u00e9bergement d\u2019urgence ou en maison relais par exemple, et des habitants curieux. Parfois, d\u2019autres convives cuistots d\u2019un jour se m\u00ealent \u00e0 eux, comme quatre jeunes d\u2019un foyer d\u2019accueil et leur enseignante, \u00c9milie.<\/p>\n<p>\u00ab Cet atelier, c\u2019est une opportunit\u00e9 formidable pour aller \u00e0 la rencontre des autres et faire des choses dont on n\u2019a pas l\u2019habitude \u00bb, r\u00e9sume-t-elle. Grande premi\u00e8re pour Nolan, les larmes aux yeux : il coupe les oignons qui seront m\u00e9lang\u00e9s \u00e0 la farce. Pendant ce temps, Lucas observe le geste s\u00fbr de Lavdire pour p\u00e9trir la p\u00e2te destin\u00e9e au pain. Avant d\u2019en devenir la cheffe d\u2019un jour, elle a particip\u00e9 \u00e0 plusieurs ateliers, ravie elle aussi de partager des savoir-faire, citant, entre autres, un d\u00e9licieux plat sucr\u00e9 sal\u00e9 de Guin\u00e9e.<\/p>\n<p>\u00ab C\u2019est un exemple parfait de vivre-ensemble de personnes de tous horizons qui donne du r\u00e9confort, ces moments sont tellement riches \u00bb, remarque Cathy, \u00e9ducatrice sp\u00e9cialis\u00e9e \u00e0 La Sauvegarde du Nord. Et, bien s\u00fbr, tous les participants se retrouvent ensuite \u00e0 table pour savourer les plats pr\u00e9par\u00e9s ensemble.<\/p>\n<p><strong>La Cuisine Commune, c\u2019est un espace partag\u00e9 de 200 m\u00b2, mis \u00e0 disposition des associations et partenaires locaux<\/strong>. Il est n\u00e9 d\u2019une collaboration entre le Centre Communal d\u2019Action Sociale de la Ville de Lille et l\u2019association Les Sens du Go\u00fbt qui accompagne vers le bien-\u00eatre alimentaire.<\/p>\n<p>En plus des \u00ab cuisiniers du monde \u00bb, d\u2019autres ateliers sont r\u00e9guli\u00e8rement organis\u00e9s autour de l\u2019anti-gaspi, de recettes \u00e0 moindre co\u00fbt, de cantine solidaire, de fabrication de produits m\u00e9nagers, d\u2019aromath\u00e9rapie\u2026 Ils sont ouverts \u00e0 tous, sur inscription.<\/p>\n<p>\u25cf PAR VAL\u00c9RIE PFAHL (article issu du Lille Mag, \u00e9dition juin-juillet 2025, <a href=\"https:\/\/www.calameo.com\/read\/002898805ba45102dace6\" target=\"_self\" class=\"lien_interne\" rel=\"noopener\">\u00e0 lire ici en version num\u00e9rique<\/a>)<\/p>\n<p>Un lieu, 4 espaces<\/p>\n<p>La cuisine commune est l\u2019un des quatre lieux qui composent Chaud Bouillon install\u00e9 dans l\u2019ancienne usine Fives Cail compl\u00e8tement m\u00e9tamorphos\u00e9e. \u00c0 ses c\u00f4t\u00e9s\u00a0: une ferme urbaine o\u00f9 sont test\u00e9es diff\u00e9rentes techniques d\u2019agriculture en ville, un laboratoire partag\u00e9 o\u00f9 Baluchon d\u00e9ploie un incubateur pour se professionnaliser et un traiteur solidaire, et une halle gourmande (food court). Plus d\u2019infos sur le <a href=\"https:\/\/www.chaudbouillon.earth\/\" target=\"_self\" class=\"lien_interne\" rel=\"noopener\">site de Chaud Bouillon<\/a>.<\/p>\n","protected":false},"excerpt":{"rendered":"Ce matin-l\u00e0, Lavdire et son mari Mihir sont aux fourneaux. Au menu : fasule me mish, poga\u00e7e, mantija&hellip;\n","protected":false},"author":2,"featured_media":230182,"comment_status":"","ping_status":"","sticky":false,"template":"","format":"standard","meta":{"footnotes":""},"categories":[2815],"tags":[1111,11,4763,1777,674,1011,27,811,1307,5415,12,25],"class_list":{"0":"post-230181","1":"post","2":"type-post","3":"status-publish","4":"format-standard","5":"has-post-thumbnail","7":"category-lille","8":"tag-actu","9":"tag-actualites","10":"tag-agenda","11":"tag-eu","12":"tag-europe","13":"tag-fr","14":"tag-france","15":"tag-hauts-de-france","16":"tag-lille","17":"tag-mairie","18":"tag-news","19":"tag-republique-francaise"},"share_on_mastodon":{"url":"https:\/\/pubeurope.com\/@fr\/114805742342030537","error":""},"_links":{"self":[{"href":"https:\/\/www.europesays.com\/fr\/wp-json\/wp\/v2\/posts\/230181","targetHints":{"allow":["GET"]}}],"collection":[{"href":"https:\/\/www.europesays.com\/fr\/wp-json\/wp\/v2\/posts"}],"about":[{"href":"https:\/\/www.europesays.com\/fr\/wp-json\/wp\/v2\/types\/post"}],"author":[{"embeddable":true,"href":"https:\/\/www.europesays.com\/fr\/wp-json\/wp\/v2\/users\/2"}],"replies":[{"embeddable":true,"href":"https:\/\/www.europesays.com\/fr\/wp-json\/wp\/v2\/comments?post=230181"}],"version-history":[{"count":0,"href":"https:\/\/www.europesays.com\/fr\/wp-json\/wp\/v2\/posts\/230181\/revisions"}],"wp:featuredmedia":[{"embeddable":true,"href":"https:\/\/www.europesays.com\/fr\/wp-json\/wp\/v2\/media\/230182"}],"wp:attachment":[{"href":"https:\/\/www.europesays.com\/fr\/wp-json\/wp\/v2\/media?parent=230181"}],"wp:term":[{"taxonomy":"category","embeddable":true,"href":"https:\/\/www.europesays.com\/fr\/wp-json\/wp\/v2\/categories?post=230181"},{"taxonomy":"post_tag","embeddable":true,"href":"https:\/\/www.europesays.com\/fr\/wp-json\/wp\/v2\/tags?post=230181"}],"curies":[{"name":"wp","href":"https:\/\/api.w.org\/{rel}","templated":true}]}}