{"id":230195,"date":"2025-07-06T10:19:09","date_gmt":"2025-07-06T10:19:09","guid":{"rendered":"https:\/\/www.europesays.com\/fr\/230195\/"},"modified":"2025-07-06T10:19:09","modified_gmt":"2025-07-06T10:19:09","slug":"comment-notre-dame-de-paris-a-conquis-plus-de-6-millions-de-visiteurs","status":"publish","type":"post","link":"https:\/\/www.europesays.com\/fr\/230195\/","title":{"rendered":"comment Notre-Dame de Paris a conquis plus de 6 millions de visiteurs"},"content":{"rendered":"<p>            Par<br \/>\n        <strong><br \/>\n            <a href=\"https:\/\/actu.fr\/auteur\/redaction-paris\" title=\"Consulter tous les articles de R\u00e9daction Paris\" rel=\"nofollow noopener\" target=\"_blank\">R\u00e9daction Paris<\/a><br \/>\n        <\/strong><\/p>\n<p>        Publi\u00e9 le<\/p>\n<p>            6 juil. 2025 \u00e0 12h06        <\/p>\n<p>La \u00ab\u2009renaissance\u2009\u00bb attendue est en passe <a href=\"https:\/\/actu.fr\/ile-de-france\/paris_75056\/notre-dame-de-paris-les-visiteurs-s-y-ruent-la-cathedrale-au-maximum-de-sa-capacite-d-accueil_62042960.html\" rel=\"nofollow noopener\" target=\"_blank\">d\u2019advenir<\/a>. Quelques mois apr\u00e8s sa r\u00e9ouverture, la <a href=\"https:\/\/actu.fr\/tag\/notre-dame-de-paris\" rel=\"nofollow noopener\" target=\"_blank\">cath\u00e9drale Notre-Dame de Paris<\/a>, situ\u00e9e sur l\u2019\u00eele Saint-Louis dans le 4e arrondissement, arrive au firmament des monuments fran\u00e7ais. C\u2019est le recteur de l\u2019\u00e9difice <strong>Mgr Olivier Ribadeau Dumas<\/strong> qui l\u2019a assur\u00e9 \u00e0 <a href=\"https:\/\/www.latribune.fr\/la-tribune-dimanche\/societe\/a-notre-dame-de-paris-les-visites-montent-en-fleche-1028841.html\" rel=\"nofollow noopener\" target=\"_blank\">La Tribune Dimanche<\/a> dans un article publi\u00e9 ce dimanche 6\u00a0juillet 2025, et relay\u00e9 par l\u2019Agence France-Presse (AFP). Selon lui, il s\u2019agit m\u00eame du \u00ab\u2009plus visit\u00e9\u2009\u00bb de l\u2019Hexagone.<\/p>\n<p>35\u2009000\u00a0visiteurs par jour<\/p>\n<p class=\" wall-content\">Ravag\u00e9 par un <strong>incendie<\/strong> le 15\u00a0avril 2019, le lieu de culte a fait l\u2019objet d\u2019un immense <strong>chantier de r\u00e9novation<\/strong> financ\u00e9 par 846\u00a0millions d\u2019euros de dons. Quatre ann\u00e9es de travail qui ont abouti \u00e0 une <a href=\"https:\/\/actu.fr\/ile-de-france\/paris_75056\/larmes-applaudissements-reveil-de-l-orgue-que-retenir-de-la-ceremonie-de-reouverture-de-notre-dame-de-paris_61973130.html\" rel=\"nofollow noopener\" target=\"_blank\">r\u00e9ouverture en grande pompe devant de nombreux chefs d\u2019\u00c9tat<\/a>, le 7\u00a0d\u00e9cembre 2024. De son c\u00f4t\u00e9, le public a pu acc\u00e9der au monument le lendemain. Sans que le succ\u00e8s ne tarisse. D\u2019apr\u00e8s les chiffres r\u00e9colt\u00e9s par le journal, <strong>6,015\u00a0millions de personnes<\/strong> ont visit\u00e9 la cath\u00e9drale entre le 16\u00a0d\u00e9cembre 2024 et le 30\u00a0juin 2025.<\/p>\n<p class=\" wall-content\">\u00ab\u2009L\u2019\u00e9motion suscit\u00e9e par l\u2019incendie n\u2019a d\u2019\u00e9gale que celle suscit\u00e9e par la <a href=\"https:\/\/actu.fr\/ile-de-france\/paris_75056\/historique-cinq-ans-apres-son-incendie-notre-dame-de-paris-a-rouvert-sous-les-yeux-du-monde-entie_61972981.html\" rel=\"nofollow noopener\" target=\"_blank\">r\u00e9ouverture<\/a>\u2009\u00bb, s\u2019est r\u00e9joui Mgr Olivier Ribadeau Dumas. Si cette fr\u00e9quentation se maintient au second semestre, la cath\u00e9drale devrait flirter avec les <strong>12\u00a0millions d\u2019entr\u00e9es<\/strong> en 2025, et ainsi d\u00e9passer la basilique du <a href=\"https:\/\/actu.fr\/ile-de-france\/paris_75056\/le-sacre-coeur-sans-lumiere-ce-soir-voici-pourquoi-le-monument-de-paris-sera-plonge-dans-le-noir_54524717.html\" rel=\"nofollow noopener\" target=\"_blank\">Sacr\u00e9-C\u0153ur de Montmartre<\/a> (9\u00a0millions de visiteurs en 2024), le <a href=\"https:\/\/actu.fr\/ile-de-france\/paris_75056\/renovation-du-louvre-ce-que-prepare-la-ville-de-paris-pour-embellir-les-abords-du-musee_62180778.html\" rel=\"nofollow noopener\" target=\"_blank\">mus\u00e9e du Louvre<\/a> (8,7\u00a0millions), le ch\u00e2teau de Versailles (8,4\u00a0millions) et la <a href=\"https:\/\/actu.fr\/tag\/tour-eiffel\" rel=\"nofollow noopener\" target=\"_blank\">tour Eiffel<\/a> (6,3\u00a0millions), selon la m\u00eame source.<\/p>\n<p class=\" wall-content\">Avant l\u2019incendie, la cath\u00e9drale recevait autour de \u00ab\u200911\u00a0millions de personnes\u2009\u00bb par an, a rappel\u00e9 Mgr Ribadeau Dumas, m\u00eame si la m\u00e9thode de comptage \u00e9tait moins fiable. Il ne s\u2019agit pas que d\u2019un effet de mode pour le recteur \u00ab\u2009car chaque mois <strong>la fr\u00e9quentation s\u2019accro\u00eet en moyenne de 1\u2009000\u00a0personnes par jour<\/strong>\u2009\u00bb, a-t-il d\u00e9taill\u00e9 au journal. Ce qui repr\u00e9sente 35\u2009000\u00a0visiteurs par jours.<\/p>\n<p class=\" wall-content\">Avec AFP<\/p>\n<p class=\" wall-content\">Suivez toute l\u2019actualit\u00e9 de vos villes et m\u00e9dias favoris en vous inscrivant \u00e0 <a href=\"https:\/\/moncompte.actu.fr\" title=\"D\u00e9couvez Mon Actu\" rel=\"nofollow noopener\" data-trk=\"{&quot;cta&quot;:{&quot;action&quot;:&quot;https:\\\/\\\/moncompte.actu.fr&quot;,&quot;category&quot;:&quot;mon compte&quot;,&quot;from&quot;:&quot;article footer&quot;,&quot;name&quot;:&quot;Mon actu&quot;,&quot;type&quot;:&quot;cta&quot;}}\" target=\"_blank\">Mon Actu<\/a>.<\/p>\n<ul class=\"ac-article-tag wall-content\">\n<li><a href=\"https:\/\/actu.fr\/tag\/cathedrale-notre-dame-de-paris\" data-trk=\"{&quot;cta&quot;:{&quot;action&quot;:&quot;cath\\u00e9drale Notre-Dame de Paris&quot;,&quot;category&quot;:&quot;tag&quot;,&quot;from&quot;:&quot;article footer&quot;,&quot;name&quot;:&quot;cath\\u00e9drale Notre-Dame de Paris&quot;,&quot;type&quot;:&quot;cta&quot;}}\" rel=\"nofollow noopener\" target=\"_blank\">#cath\u00e9drale Notre-Dame de Paris<\/a><\/li>\n<li><a href=\"https:\/\/actu.fr\/tag\/tourisme\" data-trk=\"{&quot;cta&quot;:{&quot;action&quot;:&quot;Tourisme&quot;,&quot;category&quot;:&quot;tag&quot;,&quot;from&quot;:&quot;article footer&quot;,&quot;name&quot;:&quot;Tourisme&quot;,&quot;type&quot;:&quot;cta&quot;}}\" rel=\"nofollow noopener\" target=\"_blank\">#Tourisme<\/a><\/li>\n<\/ul>\n","protected":false},"excerpt":{"rendered":"Par R\u00e9daction Paris Publi\u00e9 le 6 juil. 2025 \u00e0 12h06 La \u00ab\u2009renaissance\u2009\u00bb attendue est en passe d\u2019advenir. Quelques&hellip;\n","protected":false},"author":2,"featured_media":230196,"comment_status":"","ping_status":"","sticky":false,"template":"","format":"standard","meta":{"footnotes":""},"categories":[1888],"tags":[1111,1928,11,1927,8777,1777,674,1011,27,12,1926,626,1925,25,104,602],"class_list":{"0":"post-230195","1":"post","2":"type-post","3":"status-publish","4":"format-standard","5":"has-post-thumbnail","7":"category-paris","8":"tag-actu","9":"tag-actu-paris","10":"tag-actualites","11":"tag-actualites-paris","12":"tag-cathedrale-notre-dame-de-paris","13":"tag-eu","14":"tag-europe","15":"tag-fr","16":"tag-france","17":"tag-news","18":"tag-news-paris","19":"tag-paris","20":"tag-paris-news","21":"tag-republique-francaise","22":"tag-societe","23":"tag-tourisme"},"share_on_mastodon":{"url":"https:\/\/pubeurope.com\/@fr\/114805785489209903","error":""},"_links":{"self":[{"href":"https:\/\/www.europesays.com\/fr\/wp-json\/wp\/v2\/posts\/230195","targetHints":{"allow":["GET"]}}],"collection":[{"href":"https:\/\/www.europesays.com\/fr\/wp-json\/wp\/v2\/posts"}],"about":[{"href":"https:\/\/www.europesays.com\/fr\/wp-json\/wp\/v2\/types\/post"}],"author":[{"embeddable":true,"href":"https:\/\/www.europesays.com\/fr\/wp-json\/wp\/v2\/users\/2"}],"replies":[{"embeddable":true,"href":"https:\/\/www.europesays.com\/fr\/wp-json\/wp\/v2\/comments?post=230195"}],"version-history":[{"count":0,"href":"https:\/\/www.europesays.com\/fr\/wp-json\/wp\/v2\/posts\/230195\/revisions"}],"wp:featuredmedia":[{"embeddable":true,"href":"https:\/\/www.europesays.com\/fr\/wp-json\/wp\/v2\/media\/230196"}],"wp:attachment":[{"href":"https:\/\/www.europesays.com\/fr\/wp-json\/wp\/v2\/media?parent=230195"}],"wp:term":[{"taxonomy":"category","embeddable":true,"href":"https:\/\/www.europesays.com\/fr\/wp-json\/wp\/v2\/categories?post=230195"},{"taxonomy":"post_tag","embeddable":true,"href":"https:\/\/www.europesays.com\/fr\/wp-json\/wp\/v2\/tags?post=230195"}],"curies":[{"name":"wp","href":"https:\/\/api.w.org\/{rel}","templated":true}]}}