{"id":230200,"date":"2025-07-06T10:22:15","date_gmt":"2025-07-06T10:22:15","guid":{"rendered":"https:\/\/www.europesays.com\/fr\/230200\/"},"modified":"2025-07-06T10:22:15","modified_gmt":"2025-07-06T10:22:15","slug":"plusieurs-quartiers-de-paris-touches-par-une-coupure-de-courant","status":"publish","type":"post","link":"https:\/\/www.europesays.com\/fr\/230200\/","title":{"rendered":"Plusieurs quartiers de Paris touch\u00e9s par une coupure de courant"},"content":{"rendered":"<p class=\"description\">Ce samedi 5 juillet, Paris a \u00e9t\u00e9 plong\u00e9e partiellement dans le noir suite \u00e0 une centaine de pannes \u00e9lectriques qui ont touch\u00e9 la capitale. Les Galeries Lafayette, une partie de l\u2019Assembl\u00e9e Nationale et d\u2019autres sites strat\u00e9giques ont \u00e9t\u00e9 impact\u00e9s par ces coupures. Selon Enedis, ces incidents sont principalement dus \u00e0 l\u2019exceptionnelle vague de chaleur qui a frapp\u00e9 la France ces derniers jours. Les variations de temp\u00e9rature extr\u00eames ont provoqu\u00e9 des d\u00e9faillances dans les \u00e9quipements reliant les c\u00e2bles \u00e9lectriques, causant des coupures d\u2019alimentation.<\/p>\n","protected":false},"excerpt":{"rendered":"Ce samedi 5 juillet, Paris a \u00e9t\u00e9 plong\u00e9e partiellement dans le noir suite \u00e0 une centaine de pannes&hellip;\n","protected":false},"author":2,"featured_media":230201,"comment_status":"","ping_status":"","sticky":false,"template":"","format":"standard","meta":{"footnotes":""},"categories":[1888],"tags":[11,1777,674,1011,27,12,36871,626,25,133,9989],"class_list":{"0":"post-230200","1":"post","2":"type-post","3":"status-publish","4":"format-standard","5":"has-post-thumbnail","7":"category-paris","8":"tag-actualites","9":"tag-eu","10":"tag-europe","11":"tag-fr","12":"tag-france","13":"tag-news","14":"tag-panne-electrique","15":"tag-paris","16":"tag-republique-francaise","17":"tag-video","18":"tag-wochit"},"share_on_mastodon":{"url":"https:\/\/pubeurope.com\/@fr\/114805797270358008","error":""},"_links":{"self":[{"href":"https:\/\/www.europesays.com\/fr\/wp-json\/wp\/v2\/posts\/230200","targetHints":{"allow":["GET"]}}],"collection":[{"href":"https:\/\/www.europesays.com\/fr\/wp-json\/wp\/v2\/posts"}],"about":[{"href":"https:\/\/www.europesays.com\/fr\/wp-json\/wp\/v2\/types\/post"}],"author":[{"embeddable":true,"href":"https:\/\/www.europesays.com\/fr\/wp-json\/wp\/v2\/users\/2"}],"replies":[{"embeddable":true,"href":"https:\/\/www.europesays.com\/fr\/wp-json\/wp\/v2\/comments?post=230200"}],"version-history":[{"count":0,"href":"https:\/\/www.europesays.com\/fr\/wp-json\/wp\/v2\/posts\/230200\/revisions"}],"wp:featuredmedia":[{"embeddable":true,"href":"https:\/\/www.europesays.com\/fr\/wp-json\/wp\/v2\/media\/230201"}],"wp:attachment":[{"href":"https:\/\/www.europesays.com\/fr\/wp-json\/wp\/v2\/media?parent=230200"}],"wp:term":[{"taxonomy":"category","embeddable":true,"href":"https:\/\/www.europesays.com\/fr\/wp-json\/wp\/v2\/categories?post=230200"},{"taxonomy":"post_tag","embeddable":true,"href":"https:\/\/www.europesays.com\/fr\/wp-json\/wp\/v2\/tags?post=230200"}],"curies":[{"name":"wp","href":"https:\/\/api.w.org\/{rel}","templated":true}]}}