{"id":230210,"date":"2025-07-06T10:27:16","date_gmt":"2025-07-06T10:27:16","guid":{"rendered":"https:\/\/www.europesays.com\/fr\/230210\/"},"modified":"2025-07-06T10:27:16","modified_gmt":"2025-07-06T10:27:16","slug":"la-france-jouera-la-9e-place-contre-la-serbie-usa-allemagne-en-finale","status":"publish","type":"post","link":"https:\/\/www.europesays.com\/fr\/230210\/","title":{"rendered":"la France jouera la 9e place contre la Serbie, USA-Allemagne en finale"},"content":{"rendered":"<p>La d\u00e9sillusion a \u00e9t\u00e9 grande apr\u00e8s la d\u00e9faite en 8e de finale face \u00e0 la Suisse (86-79 a.p.), mais les Bleuets ont bien r\u00e9agi depuis et auront l&rsquo;occasion de jouer la \u00ab\u00a0finale\u00a0\u00bb du deuxi\u00e8me tableau pour aller chercher la 9e place de cette Coupe du Monde U19. <\/p>\n<p>Apr\u00e8s la Chine (85-76), les Fran\u00e7ais ont dispos\u00e9 du Mali hier (76-71). Un score en trompe l&rsquo;oeil puisque les hommes de Ruddy Nelhomme ont cette fois ma\u00eetris\u00e9 leur sujet jusqu&rsquo;au bout, ou presque. <\/p>\n<p><strong>La Serbie sera \u00e0 prendre tr\u00e8s au s\u00e9rieux<\/strong><\/p>\n<p>Emmen\u00e9s par Tim\u00e9o Pons (15 points), Japhet Moupadele (14 points) et Yohann Sissoko (14 points, 7 rebonds, 4 passes d\u00e9cisives), les tricolores ont alors compt\u00e9 jusqu&rsquo;\u00e0 19 points d&rsquo;avance en d\u00e9but de quatri\u00e8me (68-49) avant de lever le pied.<\/p>\n<p>Youssouf Traor\u00e9 et Ibrahim Oumar Doumbia en ont profit\u00e9 pour  remettre la pression sur la fin, et il aura fallu un dernier panier sign\u00e9 du Villeurbannais Yohann Sissoko pour assurer la victoire \u00e0 24 secondes de la fin. <\/p>\n<p>Les Bleuets sont pr\u00e9venus pour leur dernier match de la comp\u00e9tition cet apr\u00e8s-midi face \u00e0 la Serbie, avec la 9e place du tableau en jeu. Il faudra \u00eatre bien plus rigoureux et r\u00e9gulier sur 40 minutes pour l&#8217;emporter face \u00e0 des Serbes qui ont fini tr\u00e8s fort face \u00e0 l&rsquo;Argentine (76-73) apr\u00e8s avoir compt\u00e9 22 points de retard ! <\/p>\n<p><strong>L&rsquo;Allemagne au r\u00e9v\u00e9lateur de Team USA<\/strong><\/p>\n<p>En finale, on retrouvera Team USA qui a \u00e9trill\u00e9 la Nouvelle-Z\u00e9lande en demi-finale hier (120-64 !). Une d\u00e9monstration au cours de laquelle les Am\u00e9ricains ont pu s&rsquo;appuyer sur 20 points, 7 rebonds et 28 d&rsquo;\u00e9valuation de Caleb Holt, auteur de son meilleur match du tournoi. <\/p>\n<p>Ce sera \u00e0 la s\u00e9lection allemande d&rsquo;essayer de trouver un moyen de rivaliser avec les Am\u00e9ricains en finale. Eux aussi pourront s&rsquo;inspirer de leur belle prestation en demi-finale face \u00e0 la Slov\u00e9nie (84-72) avec notamment les grosses fins de match de deux lieutenants de la paire Anderson-Steinbach : Eric Reibe (13 points) et Jack Kayil (12 points), tous deux auteurs de deux paniers \u00e0 3-points qui ont fait mal dans le dernier acte. <\/p>\n<p>Rendez-vous en direct de Lausanne \u00e0 20h pour la finale. BasketEurope sera sur place ! <\/p>\n","protected":false},"excerpt":{"rendered":"La d\u00e9sillusion a \u00e9t\u00e9 grande apr\u00e8s la d\u00e9faite en 8e de finale face \u00e0 la Suisse (86-79 a.p.),&hellip;\n","protected":false},"author":2,"featured_media":230211,"comment_status":"","ping_status":"","sticky":false,"template":"","format":"standard","meta":{"footnotes":""},"categories":[1587],"tags":[11,672,1804,1805,1803,1777,674,1801,12,1802],"class_list":{"0":"post-230210","1":"post","2":"type-post","3":"status-publish","4":"format-standard","5":"has-post-thumbnail","7":"category-allemagne","8":"tag-actualites","9":"tag-allemagne","10":"tag-bundesrepublik-deutschland","11":"tag-de","12":"tag-deutschland","13":"tag-eu","14":"tag-europe","15":"tag-germany","16":"tag-news","17":"tag-republique-federale-dallemagne"},"share_on_mastodon":{"url":"https:\/\/pubeurope.com\/@fr\/114805816957423304","error":""},"_links":{"self":[{"href":"https:\/\/www.europesays.com\/fr\/wp-json\/wp\/v2\/posts\/230210","targetHints":{"allow":["GET"]}}],"collection":[{"href":"https:\/\/www.europesays.com\/fr\/wp-json\/wp\/v2\/posts"}],"about":[{"href":"https:\/\/www.europesays.com\/fr\/wp-json\/wp\/v2\/types\/post"}],"author":[{"embeddable":true,"href":"https:\/\/www.europesays.com\/fr\/wp-json\/wp\/v2\/users\/2"}],"replies":[{"embeddable":true,"href":"https:\/\/www.europesays.com\/fr\/wp-json\/wp\/v2\/comments?post=230210"}],"version-history":[{"count":0,"href":"https:\/\/www.europesays.com\/fr\/wp-json\/wp\/v2\/posts\/230210\/revisions"}],"wp:featuredmedia":[{"embeddable":true,"href":"https:\/\/www.europesays.com\/fr\/wp-json\/wp\/v2\/media\/230211"}],"wp:attachment":[{"href":"https:\/\/www.europesays.com\/fr\/wp-json\/wp\/v2\/media?parent=230210"}],"wp:term":[{"taxonomy":"category","embeddable":true,"href":"https:\/\/www.europesays.com\/fr\/wp-json\/wp\/v2\/categories?post=230210"},{"taxonomy":"post_tag","embeddable":true,"href":"https:\/\/www.europesays.com\/fr\/wp-json\/wp\/v2\/tags?post=230210"}],"curies":[{"name":"wp","href":"https:\/\/api.w.org\/{rel}","templated":true}]}}