{"id":230216,"date":"2025-07-06T10:30:18","date_gmt":"2025-07-06T10:30:18","guid":{"rendered":"https:\/\/www.europesays.com\/fr\/230216\/"},"modified":"2025-07-06T10:30:18","modified_gmt":"2025-07-06T10:30:18","slug":"bayern-munich-tu-ne-veux-pas-aller-le-voir-critique-par-neuer-donnarumma-reagit-a-la-blessure-de-musiala","status":"publish","type":"post","link":"https:\/\/www.europesays.com\/fr\/230216\/","title":{"rendered":"Bayern Munich\u00a0: \u00ab\u00a0Tu ne veux pas aller le voir\u00a0?\u00a0\u00bb, Critiqu\u00e9 par Neuer, Donnarumma r\u00e9agit \u00e0 la blessure de Musiala"},"content":{"rendered":"<p>C\u2019est une action <a href=\"https:\/\/www.20minutes.fr\/sport\/football\/4162014-20250705-direct-psg-bayern-munich-premier-gros-choc-paris-coupe-monde-clubs-suivez-match\" class=\"color-ultramarine c-link\" target=\"_blank\" rel=\"noopener\">qui a sembl\u00e9 anodine<\/a>, dans un premier temps, alors que l\u2019arbitre renvoyait tout le monde aux vestiaires apr\u00e8s une sortie virile mais correcte de <a href=\"https:\/\/www.20minutes.fr\/sport\/gianluigi-donnarumma\/\" class=\"color-ultramarine c-link\" target=\"_blank\" rel=\"noopener\">Donnarumma<\/a> dans les pieds de Jamal Musiala. Sauf que les premiers ralentis ont vite alert\u00e9 sur la blessure terrible du meneur de jeu bavarois, la cheville compl\u00e8tement \u00e0 l\u2019\u00e9querre, et l\u2019IRM a confirm\u00e9 le premier diagnostic\u00a0: <a href=\"https:\/\/rmcsport.bfmtv.com\/football\/mondial-des-clubs\/psg-bayern-le-verdict-est-tombe-pour-musiala-gravement-blesse-sur-un-contact-avec-donnarumma_AP-202507050424.html\" target=\"_blank\" class=\"color-ultramarine c-link\" rel=\"noopener\">fracture du p\u00e9ron\u00e9<\/a>, soit une absence de six mois, sans la certitude de revenir \u00e0 son meilleur niveau.<\/p>\n<p>Neuer furieux contre Donnarumma<\/p>\n<p>Manuel Neuer ne s\u2019est pas priv\u00e9 de critiquer durement son homologue parisien, qui a tard\u00e9 \u00e0 prendre conscience des d\u00e9g\u00e2ts caus\u00e9s par sa sortie au coin de la surface. \u00ab\u00a0C\u2019est une situation o\u00f9 il ne faut pas foncer comme \u00e7a. C\u2019est risqu\u00e9. Il est pr\u00eat \u00e0 accepter la blessure de son adversaire\u00a0\u00bb [\u2026] \u00ab\u00a0Tu ne veux pas aller voir notre joueur\u00a0? C\u2019est une question de respect, d\u2019aller voir le gar\u00e7on et de lui souhaiter bonne chance. Et il l\u2019a fait. [\u2026] Il faut toujours faire preuve de fair-play. J\u2019aurais r\u00e9agi diff\u00e9remment.\u00a0\u00bb<\/p>\n<p><img decoding=\"async\" alt=\"Jamal Musiala sera indisponible de longs mois. \" class=\"c-img\" loading=\"lazy\" fetchpriority=\"auto\" width=\"718\"  src=\"https:\/\/img.20mn.fr\/_vGt_LnGSSW4rwSzvpc74ik\/718x0\" \/>Jamal Musiala sera indisponible de longs mois. \u2002-\u00a0PATRICIA DE MELO MOREIRA<\/p>\n<p>Selon les informations de RMC et de l\u2019Equipe, Donnarumma a bien tent\u00e9 d\u2019aller <a href=\"https:\/\/www.lequipe.fr\/Football\/Actualites\/-on-lui-envoie-tout-notre-soutien-les-parisiens-attristes-pour-musiala-apres-sa-blessure-a-la-coupe-du-monde-des-clubs\/1575809\" target=\"_blank\" class=\"color-ultramarine c-link\" rel=\"noopener\">prendre des nouvelles<\/a> de Musiala \u00e0 la mi-temps, mais ce dernier \u00e9tait d\u00e9j\u00e0 parti passer des examens. Il lui a alors adress\u00e9 un message de soutien sur les r\u00e9seaux sociaux\u00a0: \u00ab\u00a0Toutes mes pri\u00e8res et mes v\u0153ux de r\u00e9tablissement t\u2019accompagnent\u00a0\u00bb, a \u00e9crit l\u2019Italien sur Instagram. Un post illustr\u00e9 par une photo o\u00f9 on le devine choqu\u00e9, la main sur la t\u00eate, par l\u2019\u00e9tat de la cheville de Musiala.<\/p>\n<p>Plus tard dans la soir\u00e9e, le gardien parisien a cette fois re\u00e7u le soutien de Thibaut Courtois, interrog\u00e9 sur les images\u00a0: \u00ab\u00a0Dire que Donnarumma est coupable me para\u00eet excessif, parce que nous les gardiens, on y va pour le ballon, comme les attaquants\u00a0\u00bb. Et parfois \u00e7a tourne mal, comme pour le tr\u00e8s malheureux Musiala.<\/p>\n","protected":false},"excerpt":{"rendered":"C\u2019est une action qui a sembl\u00e9 anodine, dans un premier temps, alors que l\u2019arbitre renvoyait tout le monde&hellip;\n","protected":false},"author":2,"featured_media":230217,"comment_status":"","ping_status":"","sticky":false,"template":"","format":"standard","meta":{"footnotes":""},"categories":[2],"tags":[11,4782,31402,63,1011,27,10528,17531,12,2332,25,517],"class_list":{"0":"post-230216","1":"post","2":"type-post","3":"status-publish","4":"format-standard","5":"has-post-thumbnail","7":"category-actualites","8":"tag-actualites","9":"tag-bayern-munich","10":"tag-coupe-du-monde-des-clubs-2025","11":"tag-football","12":"tag-fr","13":"tag-france","14":"tag-gianluigi-donnarumma","15":"tag-manuel-neuer","16":"tag-news","17":"tag-paris-saint-germain-psg","18":"tag-republique-francaise","19":"tag-sport"},"share_on_mastodon":{"url":"https:\/\/pubeurope.com\/@fr\/114805828752575736","error":""},"_links":{"self":[{"href":"https:\/\/www.europesays.com\/fr\/wp-json\/wp\/v2\/posts\/230216","targetHints":{"allow":["GET"]}}],"collection":[{"href":"https:\/\/www.europesays.com\/fr\/wp-json\/wp\/v2\/posts"}],"about":[{"href":"https:\/\/www.europesays.com\/fr\/wp-json\/wp\/v2\/types\/post"}],"author":[{"embeddable":true,"href":"https:\/\/www.europesays.com\/fr\/wp-json\/wp\/v2\/users\/2"}],"replies":[{"embeddable":true,"href":"https:\/\/www.europesays.com\/fr\/wp-json\/wp\/v2\/comments?post=230216"}],"version-history":[{"count":0,"href":"https:\/\/www.europesays.com\/fr\/wp-json\/wp\/v2\/posts\/230216\/revisions"}],"wp:featuredmedia":[{"embeddable":true,"href":"https:\/\/www.europesays.com\/fr\/wp-json\/wp\/v2\/media\/230217"}],"wp:attachment":[{"href":"https:\/\/www.europesays.com\/fr\/wp-json\/wp\/v2\/media?parent=230216"}],"wp:term":[{"taxonomy":"category","embeddable":true,"href":"https:\/\/www.europesays.com\/fr\/wp-json\/wp\/v2\/categories?post=230216"},{"taxonomy":"post_tag","embeddable":true,"href":"https:\/\/www.europesays.com\/fr\/wp-json\/wp\/v2\/tags?post=230216"}],"curies":[{"name":"wp","href":"https:\/\/api.w.org\/{rel}","templated":true}]}}