{"id":230222,"date":"2025-07-06T10:33:16","date_gmt":"2025-07-06T10:33:16","guid":{"rendered":"https:\/\/www.europesays.com\/fr\/230222\/"},"modified":"2025-07-06T10:33:16","modified_gmt":"2025-07-06T10:33:16","slug":"paul-margolis-signe-un-nouveau-top-5-a-la-gomera","status":"publish","type":"post","link":"https:\/\/www.europesays.com\/fr\/230222\/","title":{"rendered":"Paul Margolis signe un nouveau top 5 \u00e0 la Gomera"},"content":{"rendered":"<p>\t\t\t\t\t\t<img width=\"770\" height=\"556\" src=\"https:\/\/www.europesays.com\/fr\/wp-content\/uploads\/2025\/07\/paul-margolis-alps-tour-golf-raffaele-canepa-770x556.jpg\" class=\"img-responsive wp-post-image\" alt=\"\" decoding=\"async\" fetchpriority=\"high\"  \/>\t\t\t\t\t<\/p>\n<p>\t\t\t\t\t\t Partager cet article <\/p>\n<p class=\"screen-reader-text juiz_sps_maybe_hidden_text\">Partager la publication \u00ab\u00a0Paul Margolis signe un nouveau top 5 \u00e0 la Gomera\u00a0\u00bb<\/p>\n<p><strong>Tr\u00e8s r\u00e9gulier pendant trois jours, Paul Margolis a pris la quatri\u00e8me place du Fred Olsen Alps de La Gomera. Th\u00e9o Brizard l\u2019accompagne dans le top 5.<\/strong><\/p>\n<p>\u00a0<\/p>\n<p>En d\u00e9licatesse en d\u00e9but de saison, <strong>Paul Margolis<\/strong> retrouve de belles sensations depuis le d\u00e9but du mois de juin et sa troisi\u00e8me place \u00e0 l\u2019<strong>Alps Andalucia \u2013 Roquetas de Mar<\/strong>. Pour le retour du <strong>Fred Olsen Alps de La Gomera<\/strong>, le joueur licenci\u00e9 \u00e0 Lausanne a pris la quatri\u00e8me place de l\u2019\u00e9preuve. Le Tricolore a encha\u00een\u00e9 des cartes de 67 (-4), 65 (-6) et 66 (-5) sur le trac\u00e9 de <a href=\"https:\/\/www.golfplanete.com\/le-fil-golf-planete\/a-la-decouverte-des-golfs-de-tenerife\/\" rel=\"nofollow noopener\" target=\"_blank\">Tecina Golf<\/a> dans les Canaries.<\/p>\n<p><a href=\"https:\/\/alpstourgolf.com\/reports?url=https%3A%2F%2Falps.ocs-ffg.com%2Ftic%2Ftmresult.cgi%3Ftourn%3DESP3~season%3D2025result%3DPF~%26&amp;id=2025&amp;code=ESP3&amp;title=Final%20Result\" target=\"_blank\" rel=\"noopener nofollow\">Retrouvez le classement complet\u00a0<\/a><\/p>\n<p>Il a termin\u00e9 \u00e0 quatre longueurs d\u2019<strong>Andrea Romano<\/strong>, qui a remport\u00e9 ainsi son deuxi\u00e8me titre apr\u00e8s son succ\u00e8s \u00e0 <strong>Roquetas de Mar<\/strong>. L\u2019Italien a conclu en beaut\u00e9 avec une carte de 63 (-8). Les Espagnols <strong>Javier Barcos <\/strong>et<strong> Alvaro Quiros<\/strong>, sept victoires sur le <strong>DP World Tour<\/strong>, ont \u00e9chou\u00e9 \u00e0 deux unit\u00e9s.<\/p>\n<p>\t\t\t\t\t<a id=\"178042\" href=\"https:\/\/leclub-golf.com\/fr\/actualites\/team-sud-ouest-vs-team-sud-est-le-duel-de-lete?utm_source=golf+planete&amp;utm_medium=referral&amp;utm_campaign=team+sud&amp;utm_id=team+sud_golf+planete_referral_banner\" target=\"_blank\" rel=\"sponsorised nofollow noopener\"><img decoding=\"async\" src=\"data:image\/svg+xml,%3Csvg%20xmlns=\" http:=\"\" class=\"img-responsive\" alt=\"\" data-lazy-src=\"https:\/\/www.europesays.com\/fr\/wp-content\/uploads\/2025\/07\/leclubgolf-e08-duel-teams-1170x275-1.png\"\/><\/a><\/p>\n<p>\u00a0<\/p>\n<blockquote class=\"instagram-media\" style=\"background: #FFF; border: 0; border-radius: 3px; box-shadow: 0 0 1px 0 rgba(0,0,0,0.5),0 1px 10px 0 rgba(0,0,0,0.15); margin: 1px; max-width: 540px; min-width: 326px; padding: 0; width: calc(100% - 2px);\" data-instgrm-captioned=\"\" data-instgrm-permalink=\"https:\/\/www.instagram.com\/p\/DLulBZzt5lf\/?utm_source=ig_embed&amp;utm_campaign=loading\" data-instgrm-version=\"14\">\n<\/blockquote>\n<p>\u00a0<\/p>\n<p>Meilleure performance de la saison pour Th\u00e9o Brizard<\/p>\n<p>Un coup derri\u00e8re son compatriote, <strong>Th\u00e9o Brizard<\/strong> a pris la cinqui\u00e8me place, son meilleur r\u00e9sultat depuis sa deuxi\u00e8me place \u00e0 la <strong>Mirabelle d\u2019Or<\/strong> en 2023. Malgr\u00e9 sa 13e place, <strong>Quentin Debove<\/strong> est sorti du top 5 du g\u00e9n\u00e9ral au profit du vainqueur du jour.\u00a0<strong>Adrien Bernadet<\/strong> (18e), \u00e2g\u00e9 de 40 ans, a suivi dans le top 20.<\/p>\n<p>\u00a0<\/p>\n<p>Le leaderboard<\/p>\n<p><img loading=\"lazy\" decoding=\"async\" class=\"alignnone size-image-largeur-770 wp-image-178566\" src=\"data:image\/svg+xml,%3Csvg%20xmlns=\" http:=\"\" alt=\"\" width=\"770\" height=\"361\" data-lazy- data-lazy- data-lazy-src=\"https:\/\/www.europesays.com\/fr\/wp-content\/uploads\/2025\/07\/capture-decran-2025-07-05-a-16.07.40-770x361.png\"\/><\/p>\n<p>\u00a0<\/p>\n<p>\u00a9Alps Tour Golf \/ Raffaele Canepa<\/p>\n<p>\t\t\t<script async src=\"\/\/www.instagram.com\/embed.js\"><\/script><\/p>\n","protected":false},"excerpt":{"rendered":"Partager cet article Partager la publication \u00ab\u00a0Paul Margolis signe un nouveau top 5 \u00e0 la Gomera\u00a0\u00bb Tr\u00e8s r\u00e9gulier&hellip;\n","protected":false},"author":2,"featured_media":230223,"comment_status":"","ping_status":"","sticky":false,"template":"","format":"standard","meta":{"footnotes":""},"categories":[1418],"tags":[1011,27,1472,60],"class_list":{"0":"post-230222","1":"post","2":"type-post","3":"status-publish","4":"format-standard","5":"has-post-thumbnail","7":"category-golf","8":"tag-fr","9":"tag-france","10":"tag-golf","11":"tag-sports"},"share_on_mastodon":{"url":"https:\/\/pubeurope.com\/@fr\/114805840683231207","error":""},"_links":{"self":[{"href":"https:\/\/www.europesays.com\/fr\/wp-json\/wp\/v2\/posts\/230222","targetHints":{"allow":["GET"]}}],"collection":[{"href":"https:\/\/www.europesays.com\/fr\/wp-json\/wp\/v2\/posts"}],"about":[{"href":"https:\/\/www.europesays.com\/fr\/wp-json\/wp\/v2\/types\/post"}],"author":[{"embeddable":true,"href":"https:\/\/www.europesays.com\/fr\/wp-json\/wp\/v2\/users\/2"}],"replies":[{"embeddable":true,"href":"https:\/\/www.europesays.com\/fr\/wp-json\/wp\/v2\/comments?post=230222"}],"version-history":[{"count":0,"href":"https:\/\/www.europesays.com\/fr\/wp-json\/wp\/v2\/posts\/230222\/revisions"}],"wp:featuredmedia":[{"embeddable":true,"href":"https:\/\/www.europesays.com\/fr\/wp-json\/wp\/v2\/media\/230223"}],"wp:attachment":[{"href":"https:\/\/www.europesays.com\/fr\/wp-json\/wp\/v2\/media?parent=230222"}],"wp:term":[{"taxonomy":"category","embeddable":true,"href":"https:\/\/www.europesays.com\/fr\/wp-json\/wp\/v2\/categories?post=230222"},{"taxonomy":"post_tag","embeddable":true,"href":"https:\/\/www.europesays.com\/fr\/wp-json\/wp\/v2\/tags?post=230222"}],"curies":[{"name":"wp","href":"https:\/\/api.w.org\/{rel}","templated":true}]}}