{"id":230224,"date":"2025-07-06T10:34:11","date_gmt":"2025-07-06T10:34:11","guid":{"rendered":"https:\/\/www.europesays.com\/fr\/230224\/"},"modified":"2025-07-06T10:34:11","modified_gmt":"2025-07-06T10:34:11","slug":"les-2-paires-suisses-bloquees-en-demies-saffronteront-dans-la-petite-finale-rts-ch","status":"publish","type":"post","link":"https:\/\/www.europesays.com\/fr\/230224\/","title":{"rendered":"Les 2 paires suisses, bloqu\u00e9es en demies, s&rsquo;affronteront dans la petite finale &#8211; rts.ch"},"content":{"rendered":"<p>Pas de grande finale suisse au tournoi Elite16 \u00e0 Gstaad. Devant 4&rsquo;400 spectateurs, Tanja H\u00fcberli et Leona Kernen ainsi qu&rsquo;Anouk Verg\u00e9-D\u00e9pr\u00e9 et sa soeur Anouk ont connu la d\u00e9faite en demi-finales. Les 2 paires helv\u00e9tiques se disputeront la 3e place \u00e0 14h00. Duel \u00e0 suivre sur RTS2.<\/p>\n<p>Ca n&rsquo;est pas pass\u00e9 loin pour Tanja H\u00fcberli et Leona Kernen. La Schwytzoise, m\u00e9daill\u00e9e de bronze aux Jeux de Paris avec Nina Brunner, et sa nouvelle partenaire bernoise ont sauv\u00e9 3 balles de match avant de s&rsquo;incliner 21-18 24-22 face aux Lettonnes Tina Graudina et Anastasija Samoilova.<\/p>\n<p> <img decoding=\"async\" src=\"https:\/\/www.europesays.com\/fr\/wp-content\/uploads\/2025\/07\/ivw133-28935225.image\" alt=\"Anouk Verg\u00e9-D\u00e9pr\u00e9 (\u00e0 droite) et sa soeur Zo\u00e9 ont commis trop de fautes directes lors de la 1re manche.\" title=\"Anouk Verg\u00e9-D\u00e9pr\u00e9 (\u00e0 droite) et sa soeur Zo\u00e9 ont commis trop de fautes directes lors de la 1re manche.\" loading=\"lazy\"\/>  Anouk Verg\u00e9-D\u00e9pr\u00e9 (\u00e0 droite) et sa soeur Zo\u00e9 ont commis trop de fautes directes lors de la 1re manche. <\/p>\n<p>Dans l&rsquo;autre demie, Anouk Verg\u00e9-D\u00e9pr\u00e9 et sa soeur Zo\u00e9 ont perdu 21-14 21-17 contre les Am\u00e9ricaines Kristen Nuss et Taryn Brasher, tenantes du titre. Nettement domin\u00e9es dans la 1re manche, Anouk et Zo\u00e9 Verg\u00e9-D\u00e9pr\u00e9 ont r\u00e9sist\u00e9 jusqu&rsquo;\u00e0 13-13 dans la 2e avant de perdre 4 points d&rsquo;affil\u00e9e.<\/p>\n<p>Une premi\u00e8re depuis 2012<\/p>\n<p>Les 2 duos suisses ont d\u00e9j\u00e0 \u00e9t\u00e9 oppos\u00e9s samedi sur le sable bernois, en 8es. Les soeurs Verg\u00e9-D\u00e9pr\u00e9 l&rsquo;avaient emport\u00e9 21-18 21-15. Le vainqueur de ce duel offrira au beach f\u00e9minin suisse son 1er podium \u00e0 Gstaad depuis la 3e place de Simone Kuhn\/Nadine Zumkehr en 2012.<\/p>\n<p class=\"sources\">ats\/bao<\/p>\n","protected":false},"excerpt":{"rendered":"Pas de grande finale suisse au tournoi Elite16 \u00e0 Gstaad. Devant 4&rsquo;400 spectateurs, Tanja H\u00fcberli et Leona Kernen&hellip;\n","protected":false},"author":2,"featured_media":230225,"comment_status":"","ping_status":"","sticky":false,"template":"","format":"standard","meta":{"footnotes":""},"categories":[1417],"tags":[36872,3062,27306,11170,1011,27,36873,27307,517,60,27311,36874,1470,1632,1469],"class_list":{"0":"post-230224","1":"post","2":"type-post","3":"status-publish","4":"format-standard","5":"has-post-thumbnail","7":"category-volley","8":"tag-anouk-verge-depre","9":"tag-autres-sports","10":"tag-beach-volley","11":"tag-demi-finale","12":"tag-fr","13":"tag-france","14":"tag-kristen-nuss","15":"tag-leona-kernen","16":"tag-sport","17":"tag-sports","18":"tag-tanja-huberli","19":"tag-tina-graudina","20":"tag-volley","21":"tag-volley-ball","22":"tag-volleyball"},"share_on_mastodon":{"url":"https:\/\/pubeurope.com\/@fr\/114805844661613150","error":""},"_links":{"self":[{"href":"https:\/\/www.europesays.com\/fr\/wp-json\/wp\/v2\/posts\/230224","targetHints":{"allow":["GET"]}}],"collection":[{"href":"https:\/\/www.europesays.com\/fr\/wp-json\/wp\/v2\/posts"}],"about":[{"href":"https:\/\/www.europesays.com\/fr\/wp-json\/wp\/v2\/types\/post"}],"author":[{"embeddable":true,"href":"https:\/\/www.europesays.com\/fr\/wp-json\/wp\/v2\/users\/2"}],"replies":[{"embeddable":true,"href":"https:\/\/www.europesays.com\/fr\/wp-json\/wp\/v2\/comments?post=230224"}],"version-history":[{"count":0,"href":"https:\/\/www.europesays.com\/fr\/wp-json\/wp\/v2\/posts\/230224\/revisions"}],"wp:featuredmedia":[{"embeddable":true,"href":"https:\/\/www.europesays.com\/fr\/wp-json\/wp\/v2\/media\/230225"}],"wp:attachment":[{"href":"https:\/\/www.europesays.com\/fr\/wp-json\/wp\/v2\/media?parent=230224"}],"wp:term":[{"taxonomy":"category","embeddable":true,"href":"https:\/\/www.europesays.com\/fr\/wp-json\/wp\/v2\/categories?post=230224"},{"taxonomy":"post_tag","embeddable":true,"href":"https:\/\/www.europesays.com\/fr\/wp-json\/wp\/v2\/tags?post=230224"}],"curies":[{"name":"wp","href":"https:\/\/api.w.org\/{rel}","templated":true}]}}