{"id":230231,"date":"2025-07-06T10:39:12","date_gmt":"2025-07-06T10:39:12","guid":{"rendered":"https:\/\/www.europesays.com\/fr\/230231\/"},"modified":"2025-07-06T10:39:12","modified_gmt":"2025-07-06T10:39:12","slug":"on-a-fait-en-sorte-que-ces-nuages-arrivent","status":"publish","type":"post","link":"https:\/\/www.europesays.com\/fr\/230231\/","title":{"rendered":"On a fait en sorte que ces nuages arrivent !"},"content":{"rendered":"<p><a href=\"https:\/\/fr.motorsport.com\/team\/mercedes\/611\/\" target=\"_blank\" rel=\"noopener nofollow\">Mercedes<\/a> contribue \u00e0 \u00eatre tributaire de la temp\u00e9rature. En d\u00e9but de week-end, <a href=\"https:\/\/fr.motorsport.com\/driver\/george-russell\/96626\/\" target=\"_blank\" rel=\"noopener nofollow\">George Russell<\/a> <a href=\"https:\/\/fr.motorsport.com\/f1\/news\/russell-pas-etre-merci-meteo\/10739374\/\" rel=\"nofollow noopener\" target=\"_blank\">d\u00e9plorait cet \u00e9tat de fait<\/a> mais cela s&rsquo;est encore confirm\u00e9 en qualifications \u00e0 Silverstone. \u00c0 la peine avant la Q3, il a b\u00e9n\u00e9fici\u00e9 de conditions plus fra\u00eeches pour prendre la quatri\u00e8me place sur la <a href=\"https:\/\/fr.motorsport.com\/f1\/news\/grille-depart-gp-grande-bretagne-f1-2025\/10739368\/\" rel=\"nofollow noopener\" target=\"_blank\">grille de d\u00e9part<\/a> \u2013 sa meilleure position du week-end.<\/p>\n<p>\u00ab\u00a0Nous avons fait en sorte que ces nuages arrivent et cela nous a rendu cinq dixi\u00e8mes plus rapides, donc c&rsquo;est sympa\u00a0\u00bb, a ironis\u00e9 Russell, par ailleurs \u00ab\u00a0tr\u00e8s content de son tour\u00a0\u00bb. Entre les erreurs des pilotes <a href=\"https:\/\/fr.motorsport.com\/team\/ferrari\/615\/\" target=\"_blank\" rel=\"noopener nofollow\">Ferrari<\/a>, cette baisse de la temp\u00e9rature et de petits progr\u00e8s, il a pu s&rsquo;offrir une deuxi\u00e8me ligne inattendue.<\/p>\n<p>\u00ab\u00a0\u00c0 chaque tour jusque-l\u00e0, nous n\u2019\u00e9tions nulle part, \u00e0 cinq ou huit dixi\u00e8mes du rythme, et on se grattait un peu la t\u00eate [&#8230;] parce qu&rsquo;on pensait que les conditions plus fra\u00eeches joueraient plus en notre faveur. \u00c7a ne l&rsquo;a fait que pour ce dernier tour en Q3. C&rsquo;est bien quand le meilleur tour du week-end est le dernier.\u00a0\u00bb<\/p>\n<p>Malgr\u00e9 ces progr\u00e8s, Russell ne fait pas preuve d&rsquo;un immense optimisme pour la course. \u00ab\u00a0La forme r\u00e9cente montre que nous ne serons probablement pas les plus forts en rythme de course [&#8230;] mais s&rsquo;il fait un peu plus frais, ce sera une bonne nouvelle pour nous\u00a0\u00bb, a soulign\u00e9 le pilote Mercedes sur Sky Sports F1.<\/p>\n<p>   <img decoding=\"async\" draggable=\"false\" src=\"https:\/\/www.europesays.com\/fr\/wp-content\/uploads\/2025\/07\/1751798352_620_george-russell-mercedes.jpg\" alt=\"George Russell, Mercedes\" width=\"1200\" height=\"800\" loading=\"lazy\"\/> <\/p>\n<p class=\"title\">George Russell, Mercedes<\/p>\n<p class=\"photographer\">Photo de: Zak Mauger \/ LAT Images via Getty Images<\/p>\n<p>\u00ab\u00a0Dans l&rsquo;ensemble, nous avons peut-\u00eatre \u00e9t\u00e9 moins performants que ce que nous attendions\u00a0\u00bb, a-t-il reconnu. \u00ab\u00a0Je sais que <a href=\"https:\/\/fr.motorsport.com\/team\/mclaren\/609\/\" target=\"_blank\" rel=\"noopener nofollow\">McLaren<\/a> a apport\u00e9 quelques nouveaut\u00e9s, nous n&rsquo;avons vraiment rien apport\u00e9 depuis un moment [&#8230;]. Il fait frais mais le circuit est tr\u00e8s rapide, on met \u00e9norm\u00e9ment d&rsquo;\u00e9nergie dans les pneus, \u00e9norm\u00e9ment de temp\u00e9rature dans les pneus. Les pneus sont plus chauds ici qu&rsquo;au Canada, et au Canada il faisait 50\u00b0C sur la piste, ici c&rsquo;est entre 20\u00b0C et 25\u00b0C mais [les pneus sont aussi chauds] juste en raison du trac\u00e9, donc cela met un peu les choses en perspective.\u00a0\u00bb<\/p>\n<p>Interrog\u00e9 sur les conditions qu&rsquo;il esp\u00e8re pour la course, l&rsquo;Anglais a sans surprise opt\u00e9 pour \u00ab\u00a0tout sauf du soleil\u00a0\u00bb, et pr\u00e9cis\u00e9ment \u00ab\u00a0du froid et du sec\u00a0\u00bb, alors que le risque de forte pluie semble s&rsquo;\u00e9loigner pour la course.<\/p>\n<p>\u00ab\u00a0Il est clair que nous avons du mal quand il fait chaud, alors que c&rsquo;est mieux quand il fait frais. Comme je le disais [vendredi], nous travaillons pour progresser \u00e0 nouveau. Nous sommes chanceux de rouler ici ce week-end parce qu&rsquo;il y a deux semaines, il faisait 34\u00b0C en Angleterre et ce n&rsquo;est pas ce qu&rsquo;il nous faut en course.\u00a0\u00bb<\/p>\n<p style=\"text-align: right;\">Avec Jake-Boxall Legge, Oleg Karpov et Norman Fischer<\/p>\n<p>Lire aussi :<\/p>\n<p>Dans cet article<\/p>\n<p>    Vincent Lalanne-Sicaud\n<\/p>\n<p>    Formule 1\n<\/p>\n<p>    George Russell\n<\/p>\n<p>    Mercedes\n<\/p>\n<p>Soyez le premier inform\u00e9 et souscrivez aux alertes mails pour recevoir les infos en temps r\u00e9el<\/p>\n<p>    S&rsquo;abonner aux alertes de news<\/p>\n","protected":false},"excerpt":{"rendered":"Mercedes contribue \u00e0 \u00eatre tributaire de la temp\u00e9rature. En d\u00e9but de week-end, George Russell d\u00e9plorait cet \u00e9tat de&hellip;\n","protected":false},"author":2,"featured_media":230232,"comment_status":"","ping_status":"","sticky":false,"template":"","format":"standard","meta":{"footnotes":""},"categories":[1412],"tags":[1451,1452,1453,1454,1455,1011,27,9124,23124,4320,23125,60],"class_list":{"0":"post-230231","1":"post","2":"type-post","3":"status-publish","4":"format-standard","5":"has-post-thumbnail","7":"category-f1","8":"tag-f1","9":"tag-formula-1","10":"tag-formula1","11":"tag-formule-1","12":"tag-formule1","13":"tag-fr","14":"tag-france","15":"tag-george-russell","16":"tag-gp-de-grande-bretagne","17":"tag-mercedes","18":"tag-silverstone","19":"tag-sports"},"share_on_mastodon":{"url":"https:\/\/pubeurope.com\/@fr\/114805864163497709","error":""},"_links":{"self":[{"href":"https:\/\/www.europesays.com\/fr\/wp-json\/wp\/v2\/posts\/230231","targetHints":{"allow":["GET"]}}],"collection":[{"href":"https:\/\/www.europesays.com\/fr\/wp-json\/wp\/v2\/posts"}],"about":[{"href":"https:\/\/www.europesays.com\/fr\/wp-json\/wp\/v2\/types\/post"}],"author":[{"embeddable":true,"href":"https:\/\/www.europesays.com\/fr\/wp-json\/wp\/v2\/users\/2"}],"replies":[{"embeddable":true,"href":"https:\/\/www.europesays.com\/fr\/wp-json\/wp\/v2\/comments?post=230231"}],"version-history":[{"count":0,"href":"https:\/\/www.europesays.com\/fr\/wp-json\/wp\/v2\/posts\/230231\/revisions"}],"wp:featuredmedia":[{"embeddable":true,"href":"https:\/\/www.europesays.com\/fr\/wp-json\/wp\/v2\/media\/230232"}],"wp:attachment":[{"href":"https:\/\/www.europesays.com\/fr\/wp-json\/wp\/v2\/media?parent=230231"}],"wp:term":[{"taxonomy":"category","embeddable":true,"href":"https:\/\/www.europesays.com\/fr\/wp-json\/wp\/v2\/categories?post=230231"},{"taxonomy":"post_tag","embeddable":true,"href":"https:\/\/www.europesays.com\/fr\/wp-json\/wp\/v2\/tags?post=230231"}],"curies":[{"name":"wp","href":"https:\/\/api.w.org\/{rel}","templated":true}]}}