{"id":230245,"date":"2025-07-06T10:47:15","date_gmt":"2025-07-06T10:47:15","guid":{"rendered":"https:\/\/www.europesays.com\/fr\/230245\/"},"modified":"2025-07-06T10:47:15","modified_gmt":"2025-07-06T10:47:15","slug":"no-way-home-a-ete-changee-a-la-derniere-minute","status":"publish","type":"post","link":"https:\/\/www.europesays.com\/fr\/230245\/","title":{"rendered":"No Way Home\u00a0\u00bb a \u00e9t\u00e9 chang\u00e9e \u00e0 la derni\u00e8re minute"},"content":{"rendered":"<p>Jon Watts a v\u00e9cu l\u2019exp\u00e9rience la plus redout\u00e9e de tout r\u00e9alisateur de blockbuster\u00a0: voir ses id\u00e9es anticip\u00e9es par les fans sur Internet. Le r\u00e9alisateur de <a href=\"https:\/\/www.20minutes.fr\/arts-stars\/cinema\/3172163-20211115-spider-man-no-way-home-2021\" target=\"_blank\" class=\"color-ultramarine c-link\" rel=\"noopener\">Spider-Man\u00a0: No Way Home<\/a> \u00e9tait de passage au Mediterrane Film Festival lorsqu\u2019il a r\u00e9v\u00e9l\u00e9 avoir d\u00fb changer \u00e0 la derni\u00e8re minute la fa\u00e7on dont Tobey Maguire et <a href=\"https:\/\/www.20minutes.fr\/arts-stars\/people\/4150448-20250427-andrew-garfield-veut-bien-renfiler-costume-spider-man-condition\" target=\"_blank\" class=\"color-ultramarine c-link\" rel=\"noopener\">Andrew Garfield<\/a> apparaissaient dans le film.<\/p>\n<p>\u00ab\u00a0Il y avait des rumeurs selon lesquelles Tobey et Andrew allaient \u00eatre dans le film, et c\u2019\u00e9tait pendant qu\u2019on tournait\u00a0\u00bb, a confi\u00e9 Jon Watts \u00e0 <a href=\"https:\/\/collider.com\/spider-man-no-way-home-tom-holland-tobey-maguire-andrew-garfield-reddit-explained\/\" rel=\"nofollow noopener\" target=\"_blank\" class=\"color-ultramarine c-link\">Collider<\/a> qui couvrait l\u2019\u00e9v\u00e9nement. La sc\u00e8ne originale pr\u00e9voyait que les deux Spider-Man sortent de portails ouverts par le Docteur Strange sur un toit o\u00f9 le Peter Parker de <a href=\"https:\/\/www.20minutes.fr\/arts-stars\/people\/4094425-20240604-tom-holland-manque-creer-emeute-patrick-bruel-fete-anniversaire-exceptionnel-fan\" target=\"_blank\" class=\"color-ultramarine c-link\" rel=\"noopener\">Tom Holland<\/a> pleurait la mort de sa tante May. Mais c\u2019\u00e9tait sans compter sur l\u2019imagination d\u00e9bordante des fans.<\/p>\n<p>\u00ab\u00a0A un moment je passais sur Reddit, et j\u2019ai constat\u00e9 que des gens avaient d\u00e9j\u00e0 fait des fan arts du genre \u00ab\u00a0c\u2019est probablement comme \u00e7a que \u00e7a va se passer quand les deux Spider-Men vont \u00eatre r\u00e9v\u00e9l\u00e9s\u00a0\u00bb\u00a0\u00bb, a expliqu\u00e9 le cin\u00e9aste. \u00ab\u00a0C\u2019\u00e9tait sur un toit. C\u2019\u00e9tait triste, deux portails du Docteur Strange \u00e9taient ouverts et deux Spider-Men en sortaient.\u00a0\u00bb<\/p>\n<p>Un changement de derni\u00e8re minute qui a fait mouche<\/p>\n<p>Face \u00e0 cette anticipation parfaite, Jon Watts a pris une d\u00e9cision radicale. \u00ab\u00a0Je me suis dit\u00a0: \u00ab\u00a0Eh bien, on ne peut pas faire \u00e7a. Si c\u2019est exactement ce que tout le monde pense qu\u2019on va faire, on ne peut absolument pas faire \u00e7a\u00a0\u00bb\u00a0\u00bb, s\u2019est-il souvenu.<\/p>\n<p>L\u2019\u00e9quipe a alors d\u00e9cid\u00e9 de faire appara\u00eetre Tobey Maguire et Andrew Garfield chez la grand-m\u00e8re philippine de Ned dans le Queens. \u00ab\u00a0Sans doute que personne n\u2019avait fait des fan arts de \u00e7a sur Reddit\u00a0\u00bb, a plaisant\u00e9 Jon Watts.<\/p>\n<p>Un pari r\u00e9ussi puisque cette s\u00e9quence est devenue l\u2019un des moments les plus m\u00e9morables d\u2019un film qui avait pour but principal de <a href=\"https:\/\/www.20minutes.fr\/arts-stars\/cinema\/3197055-20211214-spider-man-no-way-home-art-prendre-fans-toile\" target=\"_blank\" class=\"color-ultramarine c-link\" rel=\"noopener\">surprendre les fans<\/a> de la franchise.<\/p>\n","protected":false},"excerpt":{"rendered":"Jon Watts a v\u00e9cu l\u2019exp\u00e9rience la plus redout\u00e9e de tout r\u00e9alisateur de blockbuster\u00a0: voir ses id\u00e9es anticip\u00e9es par&hellip;\n","protected":false},"author":2,"featured_media":230246,"comment_status":"","ping_status":"","sticky":false,"template":"","format":"standard","meta":{"footnotes":""},"categories":[1354],"tags":[36876,58,59,1346,1011,27,1360,973,34147,33923,35103,133],"class_list":{"0":"post-230245","1":"post","2":"type-post","3":"status-publish","4":"format-standard","5":"has-post-thumbnail","7":"category-films","8":"tag-andrew-garfield","9":"tag-divertissement","10":"tag-entertainment","11":"tag-films","12":"tag-fr","13":"tag-france","14":"tag-movies","15":"tag-people","16":"tag-reddit","17":"tag-spider-man","18":"tag-tom-holland","19":"tag-video"},"share_on_mastodon":{"url":"https:\/\/pubeurope.com\/@fr\/114805895540213491","error":""},"_links":{"self":[{"href":"https:\/\/www.europesays.com\/fr\/wp-json\/wp\/v2\/posts\/230245","targetHints":{"allow":["GET"]}}],"collection":[{"href":"https:\/\/www.europesays.com\/fr\/wp-json\/wp\/v2\/posts"}],"about":[{"href":"https:\/\/www.europesays.com\/fr\/wp-json\/wp\/v2\/types\/post"}],"author":[{"embeddable":true,"href":"https:\/\/www.europesays.com\/fr\/wp-json\/wp\/v2\/users\/2"}],"replies":[{"embeddable":true,"href":"https:\/\/www.europesays.com\/fr\/wp-json\/wp\/v2\/comments?post=230245"}],"version-history":[{"count":0,"href":"https:\/\/www.europesays.com\/fr\/wp-json\/wp\/v2\/posts\/230245\/revisions"}],"wp:featuredmedia":[{"embeddable":true,"href":"https:\/\/www.europesays.com\/fr\/wp-json\/wp\/v2\/media\/230246"}],"wp:attachment":[{"href":"https:\/\/www.europesays.com\/fr\/wp-json\/wp\/v2\/media?parent=230245"}],"wp:term":[{"taxonomy":"category","embeddable":true,"href":"https:\/\/www.europesays.com\/fr\/wp-json\/wp\/v2\/categories?post=230245"},{"taxonomy":"post_tag","embeddable":true,"href":"https:\/\/www.europesays.com\/fr\/wp-json\/wp\/v2\/tags?post=230245"}],"curies":[{"name":"wp","href":"https:\/\/api.w.org\/{rel}","templated":true}]}}