{"id":230247,"date":"2025-07-06T10:48:09","date_gmt":"2025-07-06T10:48:09","guid":{"rendered":"https:\/\/www.europesays.com\/fr\/230247\/"},"modified":"2025-07-06T10:48:09","modified_gmt":"2025-07-06T10:48:09","slug":"sous-le-soleil-sauve-ta-peau","status":"publish","type":"post","link":"https:\/\/www.europesays.com\/fr\/230247\/","title":{"rendered":"Sous le soleil, sauve ta peau"},"content":{"rendered":"<p class=\"PopSlotParagraph qg-tx2 qg-xtra-lh svelte-1r0pyek\">-\u201cJ\u2019ai quand m\u00eame bien br\u00fbl\u00e9\u00a0!<br \/>-Oui, oui, je vois que sur la poitrine, vous \u00eates bien rouge\u00a0!<br \/>-J\u2019ai vraiment pas fait attention\u00a0!<br \/>-Vous avez pris votre coup de soleil o\u00f9 \u00e7a\u00a0?<br \/>-Dans mon jardin, j\u2019\u00e9tais en train de lire un livre.<br \/>-Je pensais pas forc\u00e9ment que le soleil allait \u00eatre aussi fort. J\u2019ai m\u00eame pas pens\u00e9 \u00e0 me prot\u00e9ger avec de la cr\u00e8me. Je suis\u00a0sortie, je me suis assise, j\u2019ai lu. Je suis rentr\u00e9e deux heures apr\u00e8s, et j\u2019ai vu que j\u2019\u00e9tais toute rouge\u00a0!\u201d<\/p>\n<p class=\"PopSlotParagraph qg-tx2 qg-xtra-lh svelte-1r0pyek\">Combien serons-nous \u00e0 rougir, trop vite, sous les rayons du soleil de l\u2019\u00e9t\u00e9\u00a0? Jusqu\u2019\u00e0 br\u00fbler notre peau, parfois au deuxi\u00e8me degr\u00e9, pour s\u2019\u00eatre expos\u00e9 trop longtemps, sans protection, par pure n\u00e9gligence ou totale insouciance.\u00a0Les dangers du soleil sont encore largement sous-estim\u00e9s par une majorit\u00e9 d\u2019entre nous. Ses ravages sont pourtant de plus en plus inqui\u00e9tants.\u00a0Le nombre de cancers de la peau a tripl\u00e9 en trente ans.\u00a0D\u00e9sormais, on diagnostique pr\u00e8s de 100 000 malades par an.\u00a0Et chaque ann\u00e9e, 2 000 succombent \u00e0 ce cancer cutan\u00e9, provoqu\u00e9 dans 80% des cas par les rayons ultra-violets.<\/p>\n<p class=\"PopSlotParagraph qg-tx2 qg-xtra-lh svelte-1r0pyek\">Les cancers de la peau sont aussi devenus plus agressifs, avec un nombre croissant de m\u00e9lanomes, qui donnent fr\u00e9quemment des m\u00e9tastases.\u00a0Et de plus en plus de jeunes sont touch\u00e9s. La ligue contre le cancer diffuse en ce moment une campagne de pr\u00e9vention avec ce message\u00a0: \u201con est pas des saucisses\u201d. Un appel \u00e0 ne pas griller au soleil sur une serviette de plage. Mais le soleil r\u00e9serve aussi de mauvais coups \u00e0 ceux qui travaillent dehors, qu\u2019ils soient ouvriers de chantiers, jardiniers, professeurs de surf ou de ski.<\/p>\n<p class=\"PopSlotParagraph qg-tx2 qg-xtra-lh svelte-1r0pyek\">Pour notre sant\u00e9, il faut se prot\u00e9ger, se mettre \u00e0 l\u2019ombre, s\u2019abriter sous un parasol ou des v\u00eatements anti UV. Les cr\u00e8mes solaires sont aussi indispensables, mais attention, leurs fabricants mentent parfois sur leur efficacit\u00e9. Dans les cr\u00e8mes test\u00e9es, un tiers affichent un indice 50 + au lieu d&rsquo;un indice 30, sauf qu&rsquo;on ne le sait pas quand on l&rsquo;ach\u00e8te. Et parmi \u00ab\u00a0de grandes marques bien install\u00e9es sur le march\u00e9 de la protection solaire\u00a0\u00bb, assure une enqu\u00eatrice de l&rsquo;UFC-Que Choisir.<\/p>\n<p class=\"PopSlotParagraph qg-tx2 qg-xtra-lh svelte-1r0pyek\">Ce reportage commence dans un cabinet de dermatologie, \u00e0 Boulogne-Billancourt. Partout en France, les dermatologues sont assaillis de demandes de rendez-vous, mais la plupart ne prennent plus de nouveaux patients, ils sont devenus trop peu nombreux\u00a0: dans quatre d\u00e9partements en Loz\u00e8re, dans la Creuse, dans l\u2019Indre, et dans la Ni\u00e8vre, il n\u2019y a carr\u00e9ment plus de dermato. Et d\u2019ici 2030, dans tout l\u2019hexagone, 20 \u00e0 30% de ces m\u00e9decins partant \u00e0 la retraite ne seront pas remplac\u00e9s, terrible paradoxe dans ce contexte d\u2019explosion des cancers de la peau, o\u00f9 l\u2019auscultation de chaque grain de beaut\u00e9 peut relever de l\u2019urgence vitale.<\/p>\n<p class=\"PopSlotParagraph qg-tx2 qg-xtra-lh svelte-1r0pyek\"><strong>\u201cSous le soleil, sauve ta peau\u201d, c\u2019est un reportage sign\u00e9 Ana\u00eblle Verzaux.<\/strong><\/p>\n<p class=\"PopSlotParagraph qg-tx2 qg-xtra-lh svelte-1r0pyek\">R\u00e9alisation\u00a0: <strong>Ga\u00ebtan Kolly<\/strong><\/p>\n<p class=\"PopSlotParagraph qg-tx2 qg-xtra-lh svelte-1r0pyek\">Production\u00a0: <strong>Sophie Parmentier<\/strong><\/p>\n<p class=\"PopSlotParagraph qg-tx2 qg-xtra-lh svelte-1r0pyek\">Attach\u00e9e de production\u00a0: <strong>Martine Meyssonnier<\/strong><\/p>\n","protected":false},"excerpt":{"rendered":"-\u201cJ\u2019ai quand m\u00eame bien br\u00fbl\u00e9\u00a0!-Oui, oui, je vois que sur la poitrine, vous \u00eates bien rouge\u00a0!-J\u2019ai vraiment pas&hellip;\n","protected":false},"author":2,"featured_media":230248,"comment_status":"","ping_status":"","sticky":false,"template":"","format":"standard","meta":{"footnotes":""},"categories":[10],"tags":[1011,27,72,71],"class_list":{"0":"post-230247","1":"post","2":"type-post","3":"status-publish","4":"format-standard","5":"has-post-thumbnail","7":"category-sante","8":"tag-fr","9":"tag-france","10":"tag-health","11":"tag-sante"},"share_on_mastodon":{"url":"https:\/\/pubeurope.com\/@fr\/114805899525272271","error":""},"_links":{"self":[{"href":"https:\/\/www.europesays.com\/fr\/wp-json\/wp\/v2\/posts\/230247","targetHints":{"allow":["GET"]}}],"collection":[{"href":"https:\/\/www.europesays.com\/fr\/wp-json\/wp\/v2\/posts"}],"about":[{"href":"https:\/\/www.europesays.com\/fr\/wp-json\/wp\/v2\/types\/post"}],"author":[{"embeddable":true,"href":"https:\/\/www.europesays.com\/fr\/wp-json\/wp\/v2\/users\/2"}],"replies":[{"embeddable":true,"href":"https:\/\/www.europesays.com\/fr\/wp-json\/wp\/v2\/comments?post=230247"}],"version-history":[{"count":0,"href":"https:\/\/www.europesays.com\/fr\/wp-json\/wp\/v2\/posts\/230247\/revisions"}],"wp:featuredmedia":[{"embeddable":true,"href":"https:\/\/www.europesays.com\/fr\/wp-json\/wp\/v2\/media\/230248"}],"wp:attachment":[{"href":"https:\/\/www.europesays.com\/fr\/wp-json\/wp\/v2\/media?parent=230247"}],"wp:term":[{"taxonomy":"category","embeddable":true,"href":"https:\/\/www.europesays.com\/fr\/wp-json\/wp\/v2\/categories?post=230247"},{"taxonomy":"post_tag","embeddable":true,"href":"https:\/\/www.europesays.com\/fr\/wp-json\/wp\/v2\/tags?post=230247"}],"curies":[{"name":"wp","href":"https:\/\/api.w.org\/{rel}","templated":true}]}}