{"id":230251,"date":"2025-07-06T10:50:09","date_gmt":"2025-07-06T10:50:09","guid":{"rendered":"https:\/\/www.europesays.com\/fr\/230251\/"},"modified":"2025-07-06T10:50:09","modified_gmt":"2025-07-06T10:50:09","slug":"marine-au-coeur-dune-vive-polemique-un-elu-lfi-depose-plainte-contre-elle","status":"publish","type":"post","link":"https:\/\/www.europesays.com\/fr\/230251\/","title":{"rendered":"Marine au c\u0153ur d\u2019une vive pol\u00e9mique : un \u00e9lu LFI d\u00e9pose plainte contre elle"},"content":{"rendered":"<p>      R\u00e9sum\u00e9<\/p>\n<p>Marine suscite une controverse apr\u00e8s une remarque sur une ville normande, entra\u00eenant plusieurs plaintes pour diffamation contre elle, une animatrice et la production t\u00e9l\u00e9visuelle.<\/p>\n<p>        Sommaire<\/p>\n<p>Elle pensait faire une petite sortie marrante, mais <strong>elle ne s&rsquo;attendait pas \u00e0 pareille vol\u00e9e de bois vert<\/strong>. Invit\u00e9e de C \u00e0 vous en d\u00e9but de semaine pour assurer la promotion de <a href=\"https:\/\/www.public.fr\/marine-sur-les-pas-de-pierre-garnier-les-ventes-ont-parle-et-pierre-reste-le-champion\" target=\"_blank\" rel=\"noopener\">son premier album C\u0153ur maladroit<\/a>, Marine est revenue sur la chanson Des gens bien, dans laquelle <strong>elle rend hommage aux gens du Nord<\/strong>. La jeune femme a \u00e9clips\u00e9 dans cette derni\u00e8re tous les clich\u00e9s qu&rsquo;on peut entendre sur sa r\u00e9gion. Parmi eux, celui de la&#8230; consanguinit\u00e9.<\/p>\n<p>Cash, face \u00e0 Anne-Elisabeth Lemoine et <a href=\"https:\/\/www.public.fr\/mohamed-bouhafsi-a-peine-promu-a-c-a-vous-le-journaliste-claque-la-porte\" target=\"_blank\" rel=\"noopener\">Mohamed Bouhafsi<\/a>, la chanteuse a assur\u00e9 que<strong> \u00ab\u00a0la ville la plus consanguine\u00a0\u00bb de France ne se trouvait pas en Hauts-de-France&#8230; mais en Normandie<\/strong>. Elle a ainsi affirm\u00e9 que selon une \u00e9tude qu&rsquo;elle avait lue il y a quelques mois, Bolbec, une ville de 12 000 habitants situ\u00e9e en Seine-Maritime, remportait la palme de la ville la plus consanguine de France.<\/p>\n<p>Sans surprise, <a href=\"https:\/\/www.public.fr\/marine-star-academy-le-maire-de-la-ville-la-plus-consanguine-de-france-lui-repond\" target=\"_blank\" rel=\"noopener\">cette sortie a fait r\u00e9agir le maire de la commune<\/a>. <strong>Christophe Dor\u00e9 (SE) a fait savoir qu&rsquo;il avait \u00e9t\u00e9 heurt\u00e9 <\/strong>par les accusations de la chanteuse. Il avait toutefois pond\u00e9r\u00e9 son propos en l&rsquo;invitant \u00e0 venir chanter \u00e0 Bolbec. Mais au regard de la r\u00e9action d&rsquo;un autre \u00e9lu, Marine pourrait bien refuser l&rsquo;invitation. En effet, un \u00e9lu insoumis a d\u00e9clar\u00e9 \u00e0 BFM Normandie <strong>qu&rsquo;il ne comptait pas laisser passer l&rsquo;orage<\/strong>&#8230;<\/p>\n<p>Marine sur les bancs des accus\u00e9es avec Anne-Elisabeth Lemoine<\/p>\n<p>Ainsi, l&rsquo;\u00e9lu a fait savoir <strong>qu&rsquo;il avait d\u00e9pos\u00e9 plainte contre Marine<\/strong>. <a href=\"https:\/\/vsd.fr\/83535-marine-star-academy-grosse-galere-sentimentale\/\" target=\"_blank\" rel=\"noopener\">La gagnante de la Star Academy<\/a> va \u00eatre mise en examen d&rsquo;office pour \u00ab\u00a0diffamation\u00a0\u00bb. En effet, en France, les mises en examen pour les cas de diffamation sont automatiques. Elle passera donc d&rsquo;office devant un tribunal qui jugera si cette plainte est justifi\u00e9e ou non. <\/p>\n<p>Sur Facebook, quelques heures plus t\u00f4t, l&rsquo;\u00e9lu insoumis avait soutenu que les habitants de Bolbec avaient \u00e9t\u00e9 \u00ab\u00a0ridiculis\u00e9s et calomni\u00e9s\u00a0\u00bb&#8230; \u00ab\u00a0Ces paroles, d\u2019une extr\u00eame violence symbolique, ne sont pas seulement fausses : <strong>elles sont insultantes, d\u00e9gradantes, et indignes d\u2019un m\u00e9dia public<\/strong>\u00a0\u00bb avait ainsi  affirm\u00e9 l&rsquo;\u00e9lu municipal.<\/p>\n<p>Se disant \u00ab\u00a0choqu\u00e9 et bless\u00e9\u00a0\u00bb, l&rsquo;homme a \u00e9galement d\u00e9cid\u00e9 de <strong>poursuivre en justice la journaliste Anne-Elisabeth Lemoine<\/strong>, estimant que celle-ci n&rsquo;a pas ma\u00eetris\u00e9 l&rsquo;antenne. Une troisi\u00e8me plainte a \u00e9t\u00e9 d\u00e9pos\u00e9e contre Mediawan, via sa filiale 3e \u0152il Productions, qui produit l&rsquo;\u00e9mission.<\/p>\n<p>      Mentionn\u00e9s dans cet article<\/p>\n<p>\u00c0 lire aussi<\/p>\n","protected":false},"excerpt":{"rendered":"R\u00e9sum\u00e9 Marine suscite une controverse apr\u00e8s une remarque sur une ville normande, entra\u00eenant plusieurs plaintes pour diffamation contre&hellip;\n","protected":false},"author":2,"featured_media":230252,"comment_status":"","ping_status":"","sticky":false,"template":"","format":"standard","meta":{"footnotes":""},"categories":[8],"tags":[5631,5632,22016,58,59,1011,27,8520,2634,5095],"class_list":{"0":"post-230251","1":"post","2":"type-post","3":"status-publish","4":"format-standard","5":"has-post-thumbnail","7":"category-divertissement","8":"tag-anne-elisabeth-lemoine","9":"tag-c-a-vous","10":"tag-diffamation","11":"tag-divertissement","12":"tag-entertainment","13":"tag-fr","14":"tag-france","15":"tag-marine-delplace","16":"tag-plainte","17":"tag-star-academy"},"share_on_mastodon":{"url":"https:\/\/pubeurope.com\/@fr\/114805908087529492","error":""},"_links":{"self":[{"href":"https:\/\/www.europesays.com\/fr\/wp-json\/wp\/v2\/posts\/230251","targetHints":{"allow":["GET"]}}],"collection":[{"href":"https:\/\/www.europesays.com\/fr\/wp-json\/wp\/v2\/posts"}],"about":[{"href":"https:\/\/www.europesays.com\/fr\/wp-json\/wp\/v2\/types\/post"}],"author":[{"embeddable":true,"href":"https:\/\/www.europesays.com\/fr\/wp-json\/wp\/v2\/users\/2"}],"replies":[{"embeddable":true,"href":"https:\/\/www.europesays.com\/fr\/wp-json\/wp\/v2\/comments?post=230251"}],"version-history":[{"count":0,"href":"https:\/\/www.europesays.com\/fr\/wp-json\/wp\/v2\/posts\/230251\/revisions"}],"wp:featuredmedia":[{"embeddable":true,"href":"https:\/\/www.europesays.com\/fr\/wp-json\/wp\/v2\/media\/230252"}],"wp:attachment":[{"href":"https:\/\/www.europesays.com\/fr\/wp-json\/wp\/v2\/media?parent=230251"}],"wp:term":[{"taxonomy":"category","embeddable":true,"href":"https:\/\/www.europesays.com\/fr\/wp-json\/wp\/v2\/categories?post=230251"},{"taxonomy":"post_tag","embeddable":true,"href":"https:\/\/www.europesays.com\/fr\/wp-json\/wp\/v2\/tags?post=230251"}],"curies":[{"name":"wp","href":"https:\/\/api.w.org\/{rel}","templated":true}]}}