{"id":230255,"date":"2025-07-06T10:52:10","date_gmt":"2025-07-06T10:52:10","guid":{"rendered":"https:\/\/www.europesays.com\/fr\/230255\/"},"modified":"2025-07-06T10:52:10","modified_gmt":"2025-07-06T10:52:10","slug":"a-aix-le-profond-agacement-des-patrons-envers-les-politiques","status":"publish","type":"post","link":"https:\/\/www.europesays.com\/fr\/230255\/","title":{"rendered":"\u00e0 Aix, le profond agacement des patrons envers les politiques"},"content":{"rendered":"<p><strong>R\u00c9CIT &#8211;<\/strong> Entre le contexte g\u00e9opolitique inqui\u00e9tant et la politique nationale absorb\u00e9e par des d\u00e9bats budg\u00e9taires perp\u00e9tuels, l\u2019ambiance de ces rencontres \u00e9conomiques ne brillait pas par son optimisme.<\/p>\n<p class=\"fig-paragraph\">\u00abViva la liberta\u00a0!\u00bb L\u2019exclamation, pleine de d\u00e9fi, du Don Juan de Mozart, a r\u00e9sonn\u00e9 fort, vendredi soir dans le grand th\u00e9\u00e2tre d\u2019Aix-en-Provence. Et particuli\u00e8rement pour les participants des rencontres \u00e9conomiques. Toute la journ\u00e9e, sur un ton certes plus pos\u00e9 que celui du troublant s\u00e9ducteur, patrons, banquiers et avocats n\u2019avaient, chacun \u00e0 sa mani\u00e8re, pas exprim\u00e9 d\u2019autre d\u00e9sir. Un vent de franche exasp\u00e9ration envers les politiques, accus\u00e9s d\u2019accro\u00eetre les incertitudes, soufflait ainsi sur cette \u00e9dition 2025 des rencontres d\u2019Aix, qui ont pris place de jeudi apr\u00e8s-midi \u00e0 samedi soir.\u00a0<a href=\"http:\/\/www.lefigaro.fr\/flash-eco\/les-prochaines-rencontres-economiques-d-aix-font-le-pari-de-la-reconciliation-20240116\" data-fig-type=\"NewsFlash\" data-gtm-custom-categorie=\"navigation\" data-gtm-custom-action=\"crossclick\" data-gtm-custom-label=\"Contextuel\" data-gtm-event=\"customEventSPE\" data-fig-domain=\"LEFIGARO\" rel=\"nofollow noopener\" target=\"_blank\">L\u2019ann\u00e9e derni\u00e8re, le forum s\u2019\u00e9tait tenu entre les deux tours des l\u00e9gislatives, \u00e0 l\u2019issue impr\u00e9visible<\/a>. Les patrons fran\u00e7ais affichaient alors de vives inqui\u00e9tudes quant \u00e0 l\u2019avenir de leur pays.<\/p>\n<p class=\"fig-paragraph\">L\u2019angoisse a vir\u00e9 en une sourde col\u00e8re<\/p>\n<p class=\"fig-premium-paywall__infos\">\n        Cet article est r\u00e9serv\u00e9 aux abonn\u00e9s.        Il vous reste 93% \u00e0 d\u00e9couvrir.\n    <\/p>\n<p>                <img  data- alt=\"Le Figaro\" class=\"fig-img--complete fig-img\"\/><\/p>\n<p class=\"fig-premium-paywall__title\">Vous avez envie de lire la suite ?<\/p>\n<p class=\"fig-premium-paywall__subtitle\">D\u00e9bloquez tous les articles imm\u00e9diatement.<\/p>\n<p class=\"fig-premium-paywall__connect\">\n                D\u00e9j\u00e0 abonn\u00e9\u00a0?                <a class=\"fig-premium-paywall__connect-link\" href=\"https:\/\/connect.lefigaro.fr\/login?client=horizon_web&amp;type=main&amp;redirect_uri=https%3A%2F%2Fwww.lefigaro.fr%2Fconjoncture%2Fnous-sommes-dans-une-situation-d-urgence-absolue-a-aix-le-profond-agacement-des-patrons-envers-les-politiques-20250706\" data-js-gtm=\"{&quot;customCategorie&quot;: &quot;conversion&quot;, &quot;customAction&quot;: &quot;before_Landing_Connexion_paywall_manuel&quot;, &quot;customLabel&quot;: &quot;bGVmaWdhcm8uZnJfXzFmMDU5YjM4LTNmODQtNmQ2ZS04NmMzLTNiYjc0MjkxNDE1Yl9fQXJ0aWNsZQ==_\u00abNous sommes dans une situation d\u2019urgence absolue\u00bb\u00a0: \u00e0 Aix, le profond agacement des patrons envers les politiques_39&quot;, &quot;customIDSPE&quot;: &quot;bGVmaWdhcm8uZnJfXzFmMDU5YjM4LTNmODQtNmQ2ZS04NmMzLTNiYjc0MjkxNDE1Yl9fQXJ0aWNsZQ==&quot;, &quot;event&quot;: &quot;customEventSPE&quot;}\" rel=\"nofollow noopener\" target=\"_blank\"><br \/>\n                    Connectez-vous<br \/>\n                <\/a>\n            <\/p>\n","protected":false},"excerpt":{"rendered":"R\u00c9CIT &#8211; Entre le contexte g\u00e9opolitique inqui\u00e9tant et la politique nationale absorb\u00e9e par des d\u00e9bats budg\u00e9taires perp\u00e9tuels, l\u2019ambiance&hellip;\n","protected":false},"author":2,"featured_media":230256,"comment_status":"","ping_status":"","sticky":false,"template":"","format":"standard","meta":{"footnotes":""},"categories":[6],"tags":[7404,35,33,34,1011,27,1074],"class_list":{"0":"post-230255","1":"post","2":"type-post","3":"status-publish","4":"format-standard","5":"has-post-thumbnail","7":"category-economie","8":"tag-aix-en-provence","9":"tag-business","10":"tag-economie","11":"tag-economy","12":"tag-fr","13":"tag-france","14":"tag-guerre-commerciale"},"share_on_mastodon":{"url":"","error":""},"_links":{"self":[{"href":"https:\/\/www.europesays.com\/fr\/wp-json\/wp\/v2\/posts\/230255","targetHints":{"allow":["GET"]}}],"collection":[{"href":"https:\/\/www.europesays.com\/fr\/wp-json\/wp\/v2\/posts"}],"about":[{"href":"https:\/\/www.europesays.com\/fr\/wp-json\/wp\/v2\/types\/post"}],"author":[{"embeddable":true,"href":"https:\/\/www.europesays.com\/fr\/wp-json\/wp\/v2\/users\/2"}],"replies":[{"embeddable":true,"href":"https:\/\/www.europesays.com\/fr\/wp-json\/wp\/v2\/comments?post=230255"}],"version-history":[{"count":0,"href":"https:\/\/www.europesays.com\/fr\/wp-json\/wp\/v2\/posts\/230255\/revisions"}],"wp:featuredmedia":[{"embeddable":true,"href":"https:\/\/www.europesays.com\/fr\/wp-json\/wp\/v2\/media\/230256"}],"wp:attachment":[{"href":"https:\/\/www.europesays.com\/fr\/wp-json\/wp\/v2\/media?parent=230255"}],"wp:term":[{"taxonomy":"category","embeddable":true,"href":"https:\/\/www.europesays.com\/fr\/wp-json\/wp\/v2\/categories?post=230255"},{"taxonomy":"post_tag","embeddable":true,"href":"https:\/\/www.europesays.com\/fr\/wp-json\/wp\/v2\/tags?post=230255"}],"curies":[{"name":"wp","href":"https:\/\/api.w.org\/{rel}","templated":true}]}}