{"id":230259,"date":"2025-07-06T10:54:14","date_gmt":"2025-07-06T10:54:14","guid":{"rendered":"https:\/\/www.europesays.com\/fr\/230259\/"},"modified":"2025-07-06T10:54:14","modified_gmt":"2025-07-06T10:54:14","slug":"les-precisions-de-bfmtv-apres-ce-duplex-qui-sest-mal-fini-pres-de-lincendie-de-fabregues","status":"publish","type":"post","link":"https:\/\/www.europesays.com\/fr\/230259\/","title":{"rendered":"Les pr\u00e9cisions de BFMTV apr\u00e8s ce duplex qui s\u2019est mal fini pr\u00e8s de l\u2019incendie de Fabr\u00e8gues"},"content":{"rendered":"<p>        <img decoding=\"async\" loading=\"lazy\" src=\"https:\/\/www.europesays.com\/fr\/wp-content\/uploads\/2025\/07\/55b876d_upload-1-ya66q1pgjqsh-duplex-bfm.png\"  width=\"728\" height=\"410\" alt=\"BFMTV a \u00e9t\u00e9 contraint de couper un duplex apr\u00e8s l\u2019intervention des pompiers qui luttaient contre l\u2019incendie dans l\u2019H\u00e9rault.\"\/>   <\/p>\n<p>BFMTV a \u00e9t\u00e9 contraint de couper un duplex apr\u00e8s l\u2019intervention des pompiers qui luttaient contre l\u2019incendie dans l\u2019H\u00e9rault.<\/p>\n<p class=\"asset asset-text\">M\u00c9DIAS &#8211; Avec ses dizaines de reporters sur le terrain, <a href=\"https:\/\/www.huffingtonpost.fr\/medias\/article\/alain-duhamel-reste-sur-bfmtv-et-arrive-sur-rtl-pour-des-interventions-hebdomadaires_252226.html\" rel=\"nofollow noopener\" target=\"_blank\">BFMTV<\/a> s\u2019est donn\u00e9 pour mission d\u2019\u00eatre toujours au plus pr\u00e8s de l\u2019action. Mais \u00eatre tr\u00e8s pr\u00e8s de l\u2019actualit\u00e9 n\u2019est pas toujours sans risque. Et la s\u00e9quence qui s\u2019est d\u00e9roul\u00e9e ce samedi 5\u00a0juillet en fin d\u2019apr\u00e8s-midi aux abords de <a href=\"https:\/\/www.huffingtonpost.fr\/france\/article\/important-incendie-a-fabregues-dans-l-herault-l-autoroute-a9-fermee-entre-sete-et-lunel_252262.html\" rel=\"nofollow noopener\" target=\"_blank\">l\u2019incendie dans l\u2019H\u00e9rault<\/a> en a \u00e9t\u00e9 la d\u00e9monstration.<\/p>\n<p class=\"asset asset-text\">Alors que la cam\u00e9ra est mouill\u00e9e apr\u00e8s le passage d\u2019un Canadair, on peut entendre la col\u00e8re d\u2019un pompier qui s\u2019\u00e9tonne de voir les journalistes pr\u00e9sents \u00e0 cet endroit. \u00ab\u00a0Qu\u2019est-ce que vous faites l\u00e0\u00a0? Qui vous a laiss\u00e9 entrer\u00a0\u00bb, demande un homme qui ordonne aux reporters de se d\u00e9placer pr\u00e8s d\u2019un rond-point.<\/p>\n<p class=\"asset asset-text\">Le duplex est aussit\u00f4t interrompu mais post\u00e9e sur les r\u00e9seaux sociaux, la s\u00e9quence a valu de vives critiques aux journalistes.<\/p>\n<p> La lecture de ce contenu est susceptible d\u2019entra\u00eener un d\u00e9p\u00f4t de cookies de la part de l\u2019op\u00e9rateur tiers qui l\u2019h\u00e9berge. Compte-tenu des choix que vous avez exprim\u00e9s en mati\u00e8re de d\u00e9p\u00f4t de cookies, nous avons bloqu\u00e9 l\u2019affichage de ce contenu. Si vous souhaitez y acc\u00e9der, vous devez accepter la cat\u00e9gorie de cookies \u201cContenus tiers\u201d en cliquant sur le bouton ci-dessous. <\/p>\n<p> Lire la Vid\u00e9o        <\/p>\n<p class=\"asset asset-text\">Un d\u00e9ferlement qui a conduit la direction de la cha\u00eene d\u2019info en continu \u00e0 faire une mise au point ce dimanche matin. \u00ab\u00a0La cha\u00eene tient \u00e0 affirmer fermement qu\u2019\u00e0 aucun moment son \u00e9quipe de journalistes n\u2019a enfreint les r\u00e8gles de s\u00e9curit\u00e9\u00a0\u00bb, \u00e9crit BFMTV dans un communiqu\u00e9, pr\u00e9cisant que les reporters n\u2019avaient \u00ab\u00a0jamais non plus re\u00e7u la moindre consigne de quitter les lieux\u00a0\u00bb.<\/p>\n<p class=\"asset asset-text\">Surtout, la cha\u00eene \u00ab\u00a0d\u00e9nonce le harc\u00e8lement dont fait l\u2019objet son \u00e9quipe sur les r\u00e9seaux sociaux et leur apporte tout son soutien\u00a0\u00bb.<\/p>\n<p class=\"asset asset-text\">Dans l\u2019H\u00e9rault, apr\u00e8s une journ\u00e9e de lutte contre les flammes, les pompiers sont parvenus \u00e0 ma\u00eetriser l\u2019incendie qui a parcouru environ 400\u00a0hectares de for\u00eat et de v\u00e9g\u00e9tation. Environ 200\u00a0pompiers restaient mobilis\u00e9s ce dimanche matin.<\/p>\n","protected":false},"excerpt":{"rendered":"BFMTV a \u00e9t\u00e9 contraint de couper un duplex apr\u00e8s l\u2019intervention des pompiers qui luttaient contre l\u2019incendie dans l\u2019H\u00e9rault.&hellip;\n","protected":false},"author":2,"featured_media":230260,"comment_status":"","ping_status":"","sticky":false,"template":"","format":"standard","meta":{"footnotes":""},"categories":[4],"tags":[11,10943,251,1011,27,1310,9877,500,12,25],"class_list":{"0":"post-230259","1":"post","2":"type-post","3":"status-publish","4":"format-standard","5":"has-post-thumbnail","7":"category-france","8":"tag-actualites","9":"tag-bfm-tv","10":"tag-culture","11":"tag-fr","12":"tag-france","13":"tag-incendie","14":"tag-journalisme","15":"tag-medias","16":"tag-news","17":"tag-republique-francaise"},"share_on_mastodon":{"url":"","error":""},"_links":{"self":[{"href":"https:\/\/www.europesays.com\/fr\/wp-json\/wp\/v2\/posts\/230259","targetHints":{"allow":["GET"]}}],"collection":[{"href":"https:\/\/www.europesays.com\/fr\/wp-json\/wp\/v2\/posts"}],"about":[{"href":"https:\/\/www.europesays.com\/fr\/wp-json\/wp\/v2\/types\/post"}],"author":[{"embeddable":true,"href":"https:\/\/www.europesays.com\/fr\/wp-json\/wp\/v2\/users\/2"}],"replies":[{"embeddable":true,"href":"https:\/\/www.europesays.com\/fr\/wp-json\/wp\/v2\/comments?post=230259"}],"version-history":[{"count":0,"href":"https:\/\/www.europesays.com\/fr\/wp-json\/wp\/v2\/posts\/230259\/revisions"}],"wp:featuredmedia":[{"embeddable":true,"href":"https:\/\/www.europesays.com\/fr\/wp-json\/wp\/v2\/media\/230260"}],"wp:attachment":[{"href":"https:\/\/www.europesays.com\/fr\/wp-json\/wp\/v2\/media?parent=230259"}],"wp:term":[{"taxonomy":"category","embeddable":true,"href":"https:\/\/www.europesays.com\/fr\/wp-json\/wp\/v2\/categories?post=230259"},{"taxonomy":"post_tag","embeddable":true,"href":"https:\/\/www.europesays.com\/fr\/wp-json\/wp\/v2\/tags?post=230259"}],"curies":[{"name":"wp","href":"https:\/\/api.w.org\/{rel}","templated":true}]}}