{"id":230263,"date":"2025-07-06T10:56:11","date_gmt":"2025-07-06T10:56:11","guid":{"rendered":"https:\/\/www.europesays.com\/fr\/230263\/"},"modified":"2025-07-06T10:56:11","modified_gmt":"2025-07-06T10:56:11","slug":"en-images-une-fete-memorable-pour-linauguration-de-la-place-de-leglise-de-la-fouillouse","status":"publish","type":"post","link":"https:\/\/www.europesays.com\/fr\/230263\/","title":{"rendered":"En images. Une f\u00eate m\u00e9morable pour l&rsquo;inauguration de la place de l&rsquo;Eglise de La Fouillouse"},"content":{"rendered":"<p>Ce 5\u00a0juillet 2025 restera dans les annales et les souvenirs\u00a0! A 18 heures, \u00e0 l\u2019invitation de Patrick Boucher, les Feuillantins sont venus nombreux place de l\u2019\u00c9glise pour son inauguration. Les \u00e9lus \u00e9taient pr\u00e9sents aux c\u00f4t\u00e9s du maire et du secr\u00e9taire g\u00e9n\u00e9ral de la pr\u00e9fecture. Il y a eu les discours officiels, il y a eu l\u2019animation assur\u00e9e par les deux artistes de compagnie \u00ab\u00a0Juste \u00e0 temps\u00a0\u00bb.<\/p>\n","protected":false},"excerpt":{"rendered":"Ce 5\u00a0juillet 2025 restera dans les annales et les souvenirs\u00a0! A 18 heures, \u00e0 l\u2019invitation de Patrick Boucher,&hellip;\n","protected":false},"author":2,"featured_media":230264,"comment_status":"","ping_status":"","sticky":false,"template":"","format":"standard","meta":{"footnotes":""},"categories":[9653],"tags":[1111,11,2430,7539,1777,674,1011,27,12296,12,316,25,4001,9664],"class_list":{"0":"post-230263","1":"post","2":"type-post","3":"status-publish","4":"format-standard","5":"has-post-thumbnail","7":"category-saint-etienne","8":"tag-actu","9":"tag-actualites","10":"tag-auvergne-rhone-alpes","11":"tag-edition-loire-sud","12":"tag-eu","13":"tag-europe","14":"tag-fr","15":"tag-france","16":"tag-la-fouillouse","17":"tag-news","18":"tag-politique","19":"tag-republique-francaise","20":"tag-saint-etienne","21":"tag-saint-etienne-bassin"},"share_on_mastodon":{"url":"https:\/\/pubeurope.com\/@fr\/114805930950394687","error":""},"_links":{"self":[{"href":"https:\/\/www.europesays.com\/fr\/wp-json\/wp\/v2\/posts\/230263","targetHints":{"allow":["GET"]}}],"collection":[{"href":"https:\/\/www.europesays.com\/fr\/wp-json\/wp\/v2\/posts"}],"about":[{"href":"https:\/\/www.europesays.com\/fr\/wp-json\/wp\/v2\/types\/post"}],"author":[{"embeddable":true,"href":"https:\/\/www.europesays.com\/fr\/wp-json\/wp\/v2\/users\/2"}],"replies":[{"embeddable":true,"href":"https:\/\/www.europesays.com\/fr\/wp-json\/wp\/v2\/comments?post=230263"}],"version-history":[{"count":0,"href":"https:\/\/www.europesays.com\/fr\/wp-json\/wp\/v2\/posts\/230263\/revisions"}],"wp:featuredmedia":[{"embeddable":true,"href":"https:\/\/www.europesays.com\/fr\/wp-json\/wp\/v2\/media\/230264"}],"wp:attachment":[{"href":"https:\/\/www.europesays.com\/fr\/wp-json\/wp\/v2\/media?parent=230263"}],"wp:term":[{"taxonomy":"category","embeddable":true,"href":"https:\/\/www.europesays.com\/fr\/wp-json\/wp\/v2\/categories?post=230263"},{"taxonomy":"post_tag","embeddable":true,"href":"https:\/\/www.europesays.com\/fr\/wp-json\/wp\/v2\/tags?post=230263"}],"curies":[{"name":"wp","href":"https:\/\/api.w.org\/{rel}","templated":true}]}}