{"id":230268,"date":"2025-07-06T10:59:38","date_gmt":"2025-07-06T10:59:38","guid":{"rendered":"https:\/\/www.europesays.com\/fr\/230268\/"},"modified":"2025-07-06T10:59:38","modified_gmt":"2025-07-06T10:59:38","slug":"nancy-lycee-henri-poincare-bac-2025-mention-tres-bien-aliocha-reinert-17-ans-bac-technologique","status":"publish","type":"post","link":"https:\/\/www.europesays.com\/fr\/230268\/","title":{"rendered":"Nancy, lyc\u00e9e Henri-Poincar\u00e9 | Bac 2025 Mention Tr\u00e8s Bien. Aliocha Reinert, 17 ans, bac technologique"},"content":{"rendered":"<p>Aliocha Reinert, 17 ans, demeurant \u00e0 Malz\u00e9ville, a d\u00e9croch\u00e9 son bac technologique sciences et technologies du th\u00e9\u00e2tre, de la musique et de la danse avec mention tr\u00e8s bien. Passionn\u00e9 par le v\u00e9lo, la guitare \u00e9lectrique, les arts et le cin\u00e9ma, il a obtenu la note de 20 en Grand oral et pratique chor\u00e9graphique. Sa mati\u00e8re pr\u00e9f\u00e9r\u00e9e est l&rsquo;anatomie. Il a r\u00e9agi avec satisfaction en apprenant sa mention, d\u00e9clarant : \u00ab Je m&rsquo;y attendais un peu, je suis content mais j&rsquo;ai boss\u00e9 pour \u00e7a. \u00bb Aliocha vise une carri\u00e8re de danseur interpr\u00e8te et pr\u00e9voit d&rsquo;int\u00e9grer une \u00e9cole priv\u00e9e de danse \u00e0 Gen\u00e8ve. Cet \u00e9t\u00e9, il pr\u00e9voit une rando \u00e0 v\u00e9lo dans le Jura, une colo rando et des vacances dans la baie de Somme.<\/p>\n<p>\u270e R\u00e9dig\u00e9 avec l&rsquo;aide d&rsquo;outils IA et v\u00e9rifi\u00e9 par un journaliste \ud83d\udec8 En savoir plus avec la charte IA d&rsquo;Ebra.<\/p>\n","protected":false},"excerpt":{"rendered":"Aliocha Reinert, 17 ans, demeurant \u00e0 Malz\u00e9ville, a d\u00e9croch\u00e9 son bac technologique sciences et technologies du th\u00e9\u00e2tre, de&hellip;\n","protected":false},"author":2,"featured_media":230269,"comment_status":"","ping_status":"","sticky":false,"template":"","format":"standard","meta":{"footnotes":""},"categories":[9635],"tags":[1111,11,36609,1704,1057,1777,674,10961,1011,27,775,1702,1703,12,25],"class_list":{"0":"post-230268","1":"post","2":"type-post","3":"status-publish","4":"format-standard","5":"has-post-thumbnail","7":"category-nancy","8":"tag-actu","9":"tag-actualites","10":"tag-baccalaureat-mention-tres-bien","11":"tag-edition-nancy-et-agglomeration","12":"tag-education","13":"tag-eu","14":"tag-europe","15":"tag-examen-diplome","16":"tag-fr","17":"tag-france","18":"tag-grand-est","19":"tag-nancy","20":"tag-nancy-ville-54b","21":"tag-news","22":"tag-republique-francaise"},"share_on_mastodon":{"url":"https:\/\/pubeurope.com\/@fr\/114805942691288685","error":""},"_links":{"self":[{"href":"https:\/\/www.europesays.com\/fr\/wp-json\/wp\/v2\/posts\/230268","targetHints":{"allow":["GET"]}}],"collection":[{"href":"https:\/\/www.europesays.com\/fr\/wp-json\/wp\/v2\/posts"}],"about":[{"href":"https:\/\/www.europesays.com\/fr\/wp-json\/wp\/v2\/types\/post"}],"author":[{"embeddable":true,"href":"https:\/\/www.europesays.com\/fr\/wp-json\/wp\/v2\/users\/2"}],"replies":[{"embeddable":true,"href":"https:\/\/www.europesays.com\/fr\/wp-json\/wp\/v2\/comments?post=230268"}],"version-history":[{"count":0,"href":"https:\/\/www.europesays.com\/fr\/wp-json\/wp\/v2\/posts\/230268\/revisions"}],"wp:featuredmedia":[{"embeddable":true,"href":"https:\/\/www.europesays.com\/fr\/wp-json\/wp\/v2\/media\/230269"}],"wp:attachment":[{"href":"https:\/\/www.europesays.com\/fr\/wp-json\/wp\/v2\/media?parent=230268"}],"wp:term":[{"taxonomy":"category","embeddable":true,"href":"https:\/\/www.europesays.com\/fr\/wp-json\/wp\/v2\/categories?post=230268"},{"taxonomy":"post_tag","embeddable":true,"href":"https:\/\/www.europesays.com\/fr\/wp-json\/wp\/v2\/tags?post=230268"}],"curies":[{"name":"wp","href":"https:\/\/api.w.org\/{rel}","templated":true}]}}