{"id":230278,"date":"2025-07-06T11:05:34","date_gmt":"2025-07-06T11:05:34","guid":{"rendered":"https:\/\/www.europesays.com\/fr\/230278\/"},"modified":"2025-07-06T11:05:34","modified_gmt":"2025-07-06T11:05:34","slug":"le-football-club-de-rouen-a-forges-les-eaux-du-14-au-19-juillet","status":"publish","type":"post","link":"https:\/\/www.europesays.com\/fr\/230278\/","title":{"rendered":"Le Football Club de Rouen \u00e0 Forges-les-Eaux du 14 au 19 juillet"},"content":{"rendered":"<p>            Par<br \/>\n        <strong><br \/>\n            <a href=\"https:\/\/actu.fr\/auteur\/laurent-hellier\" title=\"Consulter tous les articles de Laurent Hellier\" target=\"_blank\" rel=\"noopener\">Laurent Hellier<\/a><br \/>\n        <\/strong><\/p>\n<p>        Publi\u00e9 le<\/p>\n<p>            6 juil. 2025 \u00e0 9h38        <\/p>\n<p>Apr\u00e8s Quevilly puis Bastia en 2023, <a href=\"https:\/\/actu.fr\/normandie\/rouen_76540\/football-on-connait-le-nom-du-nouvel-entraineur-du-fcr-et-il-est-deja-bien-connu-dans-l-agglo-de-rouen_61818359.html\" target=\"_blank\" rel=\"noopener\">R\u00e9gis Brouard<\/a> vient donc en stage \u00e0 Forges-les-Eaux avec le <b>FC Rouen<\/b> du lundi <b>14 au samedi 19 juillet 2025<\/b>. Superstitieux les joueurs de football ? Sans doute un peu.<\/p>\n<p>Stage de pr\u00e9paration du 14 au 19 juillet \u00e0 Forges-les-Eaux<\/p>\n<p class=\" wall-content\">R\u00e9gis Brouard se souvient sans doute \u00eatre venu \u00e0 <b>Forges-les-Eaux<\/b> \u00e0 l\u2019occasion d\u2019une m\u00e9morable d<b>emie finale de Coupe de France<\/b> avec l\u2019US Quevilly et apr\u00e8s une victoire contre Rennes en 2012. C\u2019est sans doute apr\u00e8s ce stage de pr\u00e9paration \u00e0 Forges-les-Eaux que R\u00e9gis Brouard a succomb\u00e9 au<b> casino de Forges <\/b>et aux terrains de football de Neufch\u00e2tel-en-Bray. Des installations \u00ab\u00a0porte bonheur\u00a0\u00bb.<\/p>\n<p class=\" wall-content\">Depuis, il y revient d\u00e8s qu\u2019il le peut. Ce fut le cas en 2023. Et il avait m\u00eame travers\u00e9 la France avec son club du <a href=\"https:\/\/actu.fr\/normandie\/forges-les-eaux_76276\/le-club-de-football-du-sc-bastia-va-sentrainer-a-forges-les-eaux-les-20-et-21-juillet_59873537.html\" target=\"_blank\" rel=\"noopener\">SC Bastia<\/a> pour se mettre au vert en Normandie.<\/p>\n<p>Entra\u00eenement au stade du Mont d\u2019Aulage \u00e0 Neufch\u00e2tel-en-Bray<\/p>\n<p class=\" wall-content\">Du lundi<b> 14 juillet au samedi 19 juillet 2025<\/b>, le <a href=\"https:\/\/supporters-12rouennais.com\/planning-de-la-preparation\/\" target=\"_blank\" rel=\"noopener\">FC Rouen<\/a>\u00a0sera donc log\u00e9 \u00e0 <a href=\"https:\/\/actu.fr\/normandie\/forges-les-eaux_76276\" target=\"_blank\" rel=\"noopener\">Forges-les-Eaux<\/a> pour une pr\u00e9paration de d\u00e9but de saison plut\u00f4t s\u00e9rieuse. Cinq jours d\u2019entra\u00eenement entre Forges-les-Eaux et les installations de <a href=\"https:\/\/www.facebook.com\/profile.php?id=100027584871712\" target=\"_blank\" rel=\"noopener\">Neufch\u00e2tel-en-Bray<\/a>.\u00a0<\/p>\n<p class=\" wall-content\">Objectif : renforcer la coh\u00e9sion de groupe et peaufiner les r\u00e9glages tactiques. Les Diables rouges affronteront ensuite une \u00e9quipe de <b>l\u2019UNFP <\/b>(le <b>mercredi 16 juillet \u00e0 18h \u00e0 Neufch\u00e2tel-en-Bra<\/b>y) avant de se mesurer \u00e0 Laval (Ligue 2) le 23 juillet \u00e0 Evron.<\/p>\n<p class=\" wall-content\">Suivez toute l\u2019actualit\u00e9 de vos villes et m\u00e9dias favoris en vous inscrivant \u00e0 <a href=\"https:\/\/moncompte.actu.fr\" title=\"D\u00e9couvez Mon Actu\" rel=\"nofollow noopener\" data-trk=\"{&quot;cta&quot;:{&quot;action&quot;:&quot;https:\\\/\\\/moncompte.actu.fr&quot;,&quot;category&quot;:&quot;mon compte&quot;,&quot;from&quot;:&quot;article footer&quot;,&quot;name&quot;:&quot;Mon actu&quot;,&quot;type&quot;:&quot;cta&quot;}}\" target=\"_blank\">Mon Actu<\/a>.<\/p>\n<ul class=\"ac-article-tag wall-content\">\n<li><a href=\"https:\/\/actu.fr\/tag\/foot-normandie\" data-trk=\"{&quot;cta&quot;:{&quot;action&quot;:&quot;Foot Normandie&quot;,&quot;category&quot;:&quot;tag&quot;,&quot;from&quot;:&quot;article footer&quot;,&quot;name&quot;:&quot;Foot Normandie&quot;,&quot;type&quot;:&quot;cta&quot;}}\" target=\"_blank\" rel=\"noopener\">#Foot Normandie<\/a><\/li>\n<li><a href=\"https:\/\/actu.fr\/tag\/pays-de-bray\" data-trk=\"{&quot;cta&quot;:{&quot;action&quot;:&quot;Pays de Bray&quot;,&quot;category&quot;:&quot;tag&quot;,&quot;from&quot;:&quot;article footer&quot;,&quot;name&quot;:&quot;Pays de Bray&quot;,&quot;type&quot;:&quot;cta&quot;}}\" target=\"_blank\" rel=\"noopener\">#Pays de Bray<\/a><\/li>\n<\/ul>\n","protected":false},"excerpt":{"rendered":"Par Laurent Hellier Publi\u00e9 le 6 juil. 2025 \u00e0 9h38 Apr\u00e8s Quevilly puis Bastia en 2023, R\u00e9gis Brouard&hellip;\n","protected":false},"author":2,"featured_media":230279,"comment_status":"","ping_status":"","sticky":false,"template":"","format":"standard","meta":{"footnotes":""},"categories":[9587],"tags":[1111,11,1777,674,25068,1011,27,12,5161,10175,25,9590,60],"class_list":{"0":"post-230278","1":"post","2":"type-post","3":"status-publish","4":"format-standard","5":"has-post-thumbnail","7":"category-rouen","8":"tag-actu","9":"tag-actualites","10":"tag-eu","11":"tag-europe","12":"tag-foot-normandie","13":"tag-fr","14":"tag-france","15":"tag-news","16":"tag-normandie","17":"tag-pays-de-bray","18":"tag-republique-francaise","19":"tag-rouen","20":"tag-sports"},"share_on_mastodon":{"url":"https:\/\/pubeurope.com\/@fr\/114805966323928282","error":""},"_links":{"self":[{"href":"https:\/\/www.europesays.com\/fr\/wp-json\/wp\/v2\/posts\/230278","targetHints":{"allow":["GET"]}}],"collection":[{"href":"https:\/\/www.europesays.com\/fr\/wp-json\/wp\/v2\/posts"}],"about":[{"href":"https:\/\/www.europesays.com\/fr\/wp-json\/wp\/v2\/types\/post"}],"author":[{"embeddable":true,"href":"https:\/\/www.europesays.com\/fr\/wp-json\/wp\/v2\/users\/2"}],"replies":[{"embeddable":true,"href":"https:\/\/www.europesays.com\/fr\/wp-json\/wp\/v2\/comments?post=230278"}],"version-history":[{"count":0,"href":"https:\/\/www.europesays.com\/fr\/wp-json\/wp\/v2\/posts\/230278\/revisions"}],"wp:featuredmedia":[{"embeddable":true,"href":"https:\/\/www.europesays.com\/fr\/wp-json\/wp\/v2\/media\/230279"}],"wp:attachment":[{"href":"https:\/\/www.europesays.com\/fr\/wp-json\/wp\/v2\/media?parent=230278"}],"wp:term":[{"taxonomy":"category","embeddable":true,"href":"https:\/\/www.europesays.com\/fr\/wp-json\/wp\/v2\/categories?post=230278"},{"taxonomy":"post_tag","embeddable":true,"href":"https:\/\/www.europesays.com\/fr\/wp-json\/wp\/v2\/tags?post=230278"}],"curies":[{"name":"wp","href":"https:\/\/api.w.org\/{rel}","templated":true}]}}