{"id":230280,"date":"2025-07-06T11:07:19","date_gmt":"2025-07-06T11:07:19","guid":{"rendered":"https:\/\/www.europesays.com\/fr\/230280\/"},"modified":"2025-07-06T11:07:19","modified_gmt":"2025-07-06T11:07:19","slug":"i-love-peru-quand-raphael-quenard-est-venu-presenter-son-film-a-grenoble","status":"publish","type":"post","link":"https:\/\/www.europesays.com\/fr\/230280\/","title":{"rendered":"I Love Peru : quand Rapha\u00ebl Quenard est venu pr\u00e9senter son film \u00e0 Grenoble"},"content":{"rendered":"<p>Il avait fait sensation au festival de Cannes en venant le pr\u00e9senter, accompagn\u00e9 d&rsquo;une myst\u00e9rieuse mascotte en forme de condor : <strong>Rapha\u00ebl Quenard<\/strong> a cor\u00e9alis\u00e9 un <strong>premier long-m\u00e9trage<\/strong>, I Love Peru, visible en salles \u00e0 partir de ce mercredi 9 juillet 2025. <\/p>\n<p>Le mois dernier, le 6 juin pr\u00e9cis\u00e9ment, le c\u00e9l\u00e8bre com\u00e9dien is\u00e9rois, originaire de <strong>Gi\u00e8res<\/strong>, \u00e9tait accueilli \u00e0 <strong>Grenoble<\/strong>, en v\u00e9ritable star par une foule impressionnante de fans. Environ 300 personnes s&rsquo;\u00e9taient d&rsquo;abord rassembl\u00e9es \u00e0 la librairie Le Square o\u00f9 il faisait la promotion de son <strong>premier roman<\/strong>, Clamser \u00e0 Tataouine (\u00e9d. Flammarion). <\/p>\n<p>Rapha\u00ebl Quenard a pr\u00e9sent\u00e9 en avant-premi\u00e8re son premier long-m\u00e9trage I Love Peru \u00e0 Grenoble <img decoding=\"async\" alt=\"\" class=\"img-align-center img-size-limited\" data-zoomable=\"\" height=\"1333\" loading=\"lazy\" src=\"https:\/\/www.europesays.com\/fr\/wp-content\/uploads\/2025\/07\/4o7a9978.jpg\" title=\"\u00a9 Thomas Richardson - Mathieu Quenard (\u00e0 gauche) le fr\u00e8re a\u00een\u00e9 de Rapha\u00ebl Quenard \u00e9tait \u00e9galement pr\u00e9sent \u00e0 la s\u00e9ance en avant-premi\u00e8re au Club \u00e0 Grenoble.\" width=\"2000\"\/> \u00a9 Thomas Richardson &#8211; Mathieu Quenard (\u00e0 gauche), le fr\u00e8re a\u00een\u00e9 de Rapha\u00ebl Quenard, \u00e9tait \u00e9galement pr\u00e9sent \u00e0 la s\u00e9ance en avant-premi\u00e8re au Club \u00e0 Grenoble. <\/p>\n<p>Dans la foul\u00e9e, <strong>deux projections en avant-premi\u00e8re<\/strong> de I Love Peru, au <a href=\"https:\/\/mesinfos.fr\/38000-grenoble\/cinema-le-club-a-grenoble-des-avant-premieres-surprises-un-mardi-par-mois-205879.html\" rel=\"noopener nofollow\" target=\"_blank\">cin\u00e9ma Le Club<\/a> affichaient complet. Pour le plus grand plaisir des spectateurs, la star s&rsquo;est pr\u00eat\u00e9e au jeu des questions-r\u00e9ponses, accompagn\u00e9 du cor\u00e9alisateur, Hugo David. Dans la salle, se trouvaient notamment sa maman, sa petite s\u0153ur mais aussi son grand-fr\u00e8re, Mathieu, qui a confi\u00e9, le sourire en coin : \u00ab\u00a0J&rsquo;ai tra\u00een\u00e9 avec ces deux \u00e9nergum\u00e8nes, mais je ne comprends toujours pas ce qu&rsquo;ils ont fait !\u00a0\u00bb<\/p>\n<p>Arborant fi\u00e8rement un t-shirt \u00ab\u00a0I Love Grenoble\u00a0\u00bb, Rapha\u00ebl Quenard a exprim\u00e9 sa joie de pr\u00e9senter son film chez lui. \u00ab\u00a0Cela ait trop chaud au c\u0153ur. C&rsquo;est une ville dont je suis amoureux ; c&rsquo;est un retour au bercail revigorant !\u00a0\u00bb  <\/p>\n<p>Interrog\u00e9 sur son sentiment \u00e0 propos de la mauvaise image de la ville dans les m\u00e9dias, il a r\u00e9pondu :  <\/p>\n<blockquote>\n<p>\u00ab\u00a0Il y a des tas de mensonges qui sont r\u00e9pandus la concernant \u00e7\u00e0 et l\u00e0. Les gens qui s&rsquo;y trouvent ne partagent bien souvent que de la joie, de la bienveillance et c&rsquo;est une ville o\u00f9 il fait un niveau de bon vivre que bon nombre de communes nous envient.\u00a0\u00bb <\/p>\n<\/blockquote>\n<p>A d\u00e9faut de servir de d\u00e9cor, Grenoble est cit\u00e9e dans le film, notamment via cette r\u00e9plique de Rapha\u00ebl : \u00ab\u00a0A Grenoble, nard, \u00e7a veut dire \u00ab\u00a0bien dur\u00a0\u00bb.\u00a0\u00bb Le ton est donn\u00e9 ! <\/p>\n<p>I Love Peru, un vrai faux documentaire qui cherche \u00e0 faire marrer le public <img decoding=\"async\" alt=\"\" class=\"img-align-center img-size-limited\" data-zoomable=\"\" height=\"1333\" loading=\"lazy\" src=\"https:\/\/www.europesays.com\/fr\/wp-content\/uploads\/2025\/07\/4o7a0026.jpg\" title=\"\u00a9 Thomas Richardson - L'\u00e9quipe du cin\u00e9ma Le Club avec Rapha\u00ebl Quenard et Hugo David.\" width=\"2000\"\/> \u00a9 Thomas Richardson &#8211; L&rsquo;\u00e9quipe du cin\u00e9ma Le Club avec Rapha\u00ebl Quenard et Hugo David. <\/p>\n<p>I Love Peru est un <strong>vrai faux documentaire <\/strong>sur un com\u00e9dien qui s&rsquo;appelle Rapha\u00ebl Quenard et ses interactions avec son pote Hugo qui le filme en permanence. On suit ainsi la relation des deux comp\u00e8res avant et apr\u00e8s le sacre aux <a href=\"https:\/\/mesinfos.fr\/75000-paris\/cesar-2024-comment-le-cinema-francais-va-faire-face-a-son-metoo-193926.html\" rel=\"noopener nofollow\" target=\"_blank\">C\u00e9sar 2024 <\/a>&#8211; Rapha\u00ebl Quenard a obtenu le C\u00e9sar de la r\u00e9v\u00e9lation masculine pour son r\u00f4le dans Chien de la casse.<\/p>\n<p>Film\u00e9 brut de d\u00e9coffrage, \u00e0 l&rsquo;appareil photo, avec des moyens ultrar\u00e9duits, I Love Peru se veut un<strong> film de potes<\/strong>, r\u00e9alis\u00e9 \u00ab\u00a0\u00e0 la sauvage\u00a0\u00bb, qui cherche \u00e0<strong> faire marrer le public<\/strong> \u2013 pari r\u00e9ussi \u2013 mais aussi, et c&rsquo;est plus surprenant, se r\u00e9v\u00e8le parfois assez <strong>\u00e9mouvant<\/strong>. <\/p>\n<blockquote>\n<p>\u00ab\u00a0L&rsquo;histoire de notre amiti\u00e9 n&rsquo;est pas celle d\u00e9crite dans le film, a expliqu\u00e9 Rapha\u00ebl Quenard. On s&rsquo;est rencontr\u00e9 sur Chien de la casse en 2023. Hugo \u00e9tait un \u00e9l\u00e8ve en cin\u00e9ma du r\u00e9alisateur de Chien de la casse. Il lui avait demand\u00e9 de r\u00e9aliser des vid\u00e9os pour un making of du film. On passait tellement de temps ensemble, qu&rsquo;on s&rsquo;est vite d\u00e9tourn\u00e9 du making of !\u00a0\u00bb <\/p>\n<\/blockquote>\n<p>  De l&rsquo;origine du projet I Love Peru <img decoding=\"async\" alt=\"\" class=\"img-align-center img-size-limited\" data-zoomable=\"\" height=\"1333\" loading=\"lazy\" src=\"https:\/\/www.europesays.com\/fr\/wp-content\/uploads\/2025\/07\/4o7a9962.jpg\" title=\"\u00a9 Thomas Richardson - Rapha\u00ebl Quenard et Hugo David arboraient tous deux un t-shirt avec l'inscription \" width=\"2000\"\/> \u00a9 Thomas Richardson &#8211; Rapha\u00ebl Quenard et Hugo David arboraient tous deux un t-shirt avec l&rsquo;inscription \u00ab\u00a0I Love Grenoble\u00a0\u00bb. <\/p>\n<p>Sur le plateau de tournage de Chien de la casse, les deux hommes s&rsquo;entendent comme larrons en foire et tr\u00e8s vite na\u00eet l&rsquo;envie de r\u00e9aliser un <strong>court-m\u00e9trage<\/strong> : <a href=\"https:\/\/www.france.tv\/films\/5555550-l-acteur.html\" rel=\"noopener nofollow\" target=\"_blank\">L&rsquo;Acteur ou la surprenante vertu de l&rsquo;incompr\u00e9hension<\/a>. Puis, tous deux planchent sur un projet de <strong>webs\u00e9rie<\/strong>. \u00ab\u00a0On a \u00e9crit un sc\u00e9nario qui \u00e9tait visiblement trop outrancier au go\u00fbt des financiers\u2026\u00a0\u00bb explique Rapha\u00ebl Quenard. <\/p>\n<p>L&rsquo;histoire semble s&rsquo;arr\u00eater-l\u00e0 jusqu&rsquo;\u00e0 ce que Rapha\u00ebl propose r\u00e9ellement \u00e0 Hugo de partir avec lui au <strong>P\u00e9rou<\/strong>. \u00ab\u00a0Les al\u00e9as sentimentaux on fait que j&rsquo;avais un billet d&rsquo;avion qui \u00e9tait en suspens\u00a0\u00bb, confie-t-il. Ensemble, ils \u00e9crivent un \u00ab\u00a0semblant de sc\u00e9nario\u00a0\u00bb sur fond de <strong>rupture amoureuse<\/strong>, de <strong>chasse au condor<\/strong>, de<strong> rites chamaniques<\/strong> et surtout de <strong>liens d&rsquo;amiti\u00e9<\/strong>. Sur place, Hugo continue de filmer Rapha\u00ebl, leurs interactions et leurs rencontres souvent tr\u00e8s dr\u00f4les avec les \u00ab\u00a0locaux\u00a0\u00bb.<\/p>\n<p>\u00ab\u00a0A la fin, on s&rsquo;est retrouv\u00e9 avec un film d&rsquo;une heure, ce qui est trop pour un court-m\u00e9trage\u00a0\u00bb, confie Hugo David. C&rsquo;est un producteur qui leur sugg\u00e9rera l&rsquo;id\u00e9e de faire un long-m\u00e9trage incluant \u00e0 la fois la partie sur les coulisses du cin\u00e9ma et la partie sur le voyage au P\u00e9rou, le tout reli\u00e9 par une <strong>voix off<\/strong>. <\/p>\n<p><strong>Pratique<\/strong> <\/p>\n<p>I Love Peru, de Rapha\u00ebl Quenard et Hugo David est \u00e0 voir en salles \u00e7 compter de ce mercredi 9 juillet 2025.<\/p>\n","protected":false},"excerpt":{"rendered":"Il avait fait sensation au festival de Cannes en venant le pr\u00e9senter, accompagn\u00e9 d&rsquo;une myst\u00e9rieuse mascotte en forme&hellip;\n","protected":false},"author":2,"featured_media":230281,"comment_status":"","ping_status":"","sticky":false,"template":"","format":"standard","meta":{"footnotes":""},"categories":[9566],"tags":[1111,11,2430,36878,650,1777,674,1011,27,2731,12,28268,25],"class_list":{"0":"post-230280","1":"post","2":"type-post","3":"status-publish","4":"format-standard","5":"has-post-thumbnail","7":"category-grenoble","8":"tag-actu","9":"tag-actualites","10":"tag-auvergne-rhone-alpes","11":"tag-avant-premiu00e8re","12":"tag-cinema","13":"tag-eu","14":"tag-europe","15":"tag-fr","16":"tag-france","17":"tag-grenoble","18":"tag-news","19":"tag-raphau00ebl-quenard","20":"tag-republique-francaise"},"share_on_mastodon":{"url":"https:\/\/pubeurope.com\/@fr\/114805974661000362","error":""},"_links":{"self":[{"href":"https:\/\/www.europesays.com\/fr\/wp-json\/wp\/v2\/posts\/230280","targetHints":{"allow":["GET"]}}],"collection":[{"href":"https:\/\/www.europesays.com\/fr\/wp-json\/wp\/v2\/posts"}],"about":[{"href":"https:\/\/www.europesays.com\/fr\/wp-json\/wp\/v2\/types\/post"}],"author":[{"embeddable":true,"href":"https:\/\/www.europesays.com\/fr\/wp-json\/wp\/v2\/users\/2"}],"replies":[{"embeddable":true,"href":"https:\/\/www.europesays.com\/fr\/wp-json\/wp\/v2\/comments?post=230280"}],"version-history":[{"count":0,"href":"https:\/\/www.europesays.com\/fr\/wp-json\/wp\/v2\/posts\/230280\/revisions"}],"wp:featuredmedia":[{"embeddable":true,"href":"https:\/\/www.europesays.com\/fr\/wp-json\/wp\/v2\/media\/230281"}],"wp:attachment":[{"href":"https:\/\/www.europesays.com\/fr\/wp-json\/wp\/v2\/media?parent=230280"}],"wp:term":[{"taxonomy":"category","embeddable":true,"href":"https:\/\/www.europesays.com\/fr\/wp-json\/wp\/v2\/categories?post=230280"},{"taxonomy":"post_tag","embeddable":true,"href":"https:\/\/www.europesays.com\/fr\/wp-json\/wp\/v2\/tags?post=230280"}],"curies":[{"name":"wp","href":"https:\/\/api.w.org\/{rel}","templated":true}]}}