{"id":230311,"date":"2025-07-06T11:25:19","date_gmt":"2025-07-06T11:25:19","guid":{"rendered":"https:\/\/www.europesays.com\/fr\/230311\/"},"modified":"2025-07-06T11:25:19","modified_gmt":"2025-07-06T11:25:19","slug":"pres-de-lyon-le-cortege-de-mariage-derape-la-police-obligee-dintervenir","status":"publish","type":"post","link":"https:\/\/www.europesays.com\/fr\/230311\/","title":{"rendered":"Pr\u00e8s de Lyon : le cort\u00e8ge de mariage d\u00e9rape, la police oblig\u00e9e d&rsquo;intervenir"},"content":{"rendered":"<p>Vendredi 4 juillet, les forces de l&rsquo;ordre sont intervenues dans un cort\u00e8ge de mariage \u00e0 Saint-Genis-Laval, au sud de Lyon. Une dizaine de voitures ont \u00e9t\u00e9 verbalis\u00e9es.<\/p>\n<p>Ce n&rsquo;est pas la premi\u00e8re fois <a class=\"url\" href=\"https:\/\/www.radioscoop.com\/infos\/pres-de-lyon-un-cortege-de-mariage-degenere-les-gendarmes-interviennent_328246\" target=\"_blank\" rel=\"nofollow noopener\">qu&rsquo;un mariage d\u00e9rape dans le Rh\u00f4ne<\/a>. Vendredi 4 juillet, <a class=\"url\" href=\"https:\/\/www.radioscoop.com\/infos\/pres-de-lyon-le-cortege-de-mariage-tourne-mal-un-enfant-grievement-blesse_325815\" target=\"_blank\" rel=\"nofollow noopener\">un cort\u00e8ge de mariage<\/a> a provoqu\u00e9 un certain bazar dans les rues de\u00a0<b>Saint-Genis-Laval<\/b>.<\/p>\n<p>Amendes, voitures \u00e0 la fourri\u00e8re : pagaille apr\u00e8s le mariage<\/p>\n<p>Exc\u00e8s de vitesse, stationnement g\u00eanant et une voiture sur une place r\u00e9serv\u00e9e aux personnes handicap\u00e9es : les invit\u00e9s ont multipli\u00e9 les infractions.<\/p>\n<p>La police a \u00e9t\u00e9 contrainte d&rsquo;intervenir sur place pour maintenir l&rsquo;ordre au sein du cort\u00e8ge. Selon <a class=\"url\" href=\"https:\/\/c.leprogres.fr\/faits-divers-justice\/2025\/07\/06\/un-cortege-de-mariage-derape-au-sud-de-lyon-quatre-voitures-en-fourriere-une-pluie-de-pv\" target=\"_blank\" rel=\"nofollow noopener\">Le Progr\u00e8s<\/a>, <b>26 v\u00e9hicules ont \u00e9t\u00e9 verbalis\u00e9s<\/b> tandis que quatre voitures ont \u00e9t\u00e9 plac\u00e9es \u00e0 la fourri\u00e8re.<\/p>\n<p>Une fus\u00e9e de d\u00e9tresse a \u00e9galement \u00e9t\u00e9 saisie \u00e0 un invit\u00e9 par les forces de l&rsquo;ordre.<\/p>\n<p>Pour rappel, les mari\u00e9s ont sign\u00e9 une charte qui garantit le respect du code de la route et de la tranquillit\u00e9 publique.<\/p>\n<p><img loading=\"lazy\" decoding=\"async\" src=\"https:\/\/www.europesays.com\/fr\/wp-content\/uploads\/2025\/07\/1751801119_156_img\" width=\"350\" height=\"200\" border=\"0\" title=\"Trois bless\u00c3\u00a9s dans un accident \u00c3\u00a0 Saint-Pierre-de-Chandieu\"\/><\/p>\n<p>\u25baFaits divers<\/p>\n<p style=\"font-size: 22px;\"><b>Pr\u00e8s de Lyon : trois bless\u00e9s graves dans un violent accident<\/b><\/p>\n<p>Vendredi 4 juillet, deux voitures se sont percut\u00e9es&#8230;<\/p>\n<p><\/p>\n","protected":false},"excerpt":{"rendered":"Vendredi 4 juillet, les forces de l&rsquo;ordre sont intervenues dans un cort\u00e8ge de mariage \u00e0 Saint-Genis-Laval, au sud&hellip;\n","protected":false},"author":2,"featured_media":230312,"comment_status":"","ping_status":"","sticky":false,"template":"","format":"standard","meta":{"footnotes":""},"categories":[1889],"tags":[1111,11,2430,36880,1777,674,1011,27,2428,12,1072,25,36879],"class_list":{"0":"post-230311","1":"post","2":"type-post","3":"status-publish","4":"format-standard","5":"has-post-thumbnail","7":"category-lyon","8":"tag-actu","9":"tag-actualites","10":"tag-auvergne-rhone-alpes","11":"tag-cortge-de-mariage","12":"tag-eu","13":"tag-europe","14":"tag-fr","15":"tag-france","16":"tag-lyon","17":"tag-news","18":"tag-police","19":"tag-republique-francaise","20":"tag-saint-genis-lavak"},"share_on_mastodon":{"url":"https:\/\/pubeurope.com\/@fr\/114806045003334291","error":""},"_links":{"self":[{"href":"https:\/\/www.europesays.com\/fr\/wp-json\/wp\/v2\/posts\/230311","targetHints":{"allow":["GET"]}}],"collection":[{"href":"https:\/\/www.europesays.com\/fr\/wp-json\/wp\/v2\/posts"}],"about":[{"href":"https:\/\/www.europesays.com\/fr\/wp-json\/wp\/v2\/types\/post"}],"author":[{"embeddable":true,"href":"https:\/\/www.europesays.com\/fr\/wp-json\/wp\/v2\/users\/2"}],"replies":[{"embeddable":true,"href":"https:\/\/www.europesays.com\/fr\/wp-json\/wp\/v2\/comments?post=230311"}],"version-history":[{"count":0,"href":"https:\/\/www.europesays.com\/fr\/wp-json\/wp\/v2\/posts\/230311\/revisions"}],"wp:featuredmedia":[{"embeddable":true,"href":"https:\/\/www.europesays.com\/fr\/wp-json\/wp\/v2\/media\/230312"}],"wp:attachment":[{"href":"https:\/\/www.europesays.com\/fr\/wp-json\/wp\/v2\/media?parent=230311"}],"wp:term":[{"taxonomy":"category","embeddable":true,"href":"https:\/\/www.europesays.com\/fr\/wp-json\/wp\/v2\/categories?post=230311"},{"taxonomy":"post_tag","embeddable":true,"href":"https:\/\/www.europesays.com\/fr\/wp-json\/wp\/v2\/tags?post=230311"}],"curies":[{"name":"wp","href":"https:\/\/api.w.org\/{rel}","templated":true}]}}