{"id":230315,"date":"2025-07-06T11:28:09","date_gmt":"2025-07-06T11:28:09","guid":{"rendered":"https:\/\/www.europesays.com\/fr\/230315\/"},"modified":"2025-07-06T11:28:09","modified_gmt":"2025-07-06T11:28:09","slug":"jean-covillault-fait-le-plein-dans-son-restaurant-ephemere-avant-douvrir-son-lieu-a-lui","status":"publish","type":"post","link":"https:\/\/www.europesays.com\/fr\/230315\/","title":{"rendered":"Jean Covillault fait le plein dans son restaurant \u00e9ph\u00e9m\u00e8re avant d&rsquo;ouvrir son lieu \u00e0 lui"},"content":{"rendered":"<p>            Par<br \/>\n        <strong><br \/>\n            <a href=\"https:\/\/actu.fr\/auteur\/thomas-martin\" title=\"Consulter tous les articles de Thomas Martin\" target=\"_blank\" rel=\"noopener\">Thomas Martin<\/a><br \/>\n        <\/strong><\/p>\n<p>        Publi\u00e9 le<\/p>\n<p>            6 juil. 2025 \u00e0 12h28        <\/p>\n<p>Comme \u00e0 la maison. C\u2019est le dernier concept de <strong>Jean Covillault<\/strong>, ancien candidat de <a href=\"https:\/\/actu.fr\/tag\/top-chef\" target=\"_blank\" rel=\"noopener\">Top Chef<\/a>, qui a pos\u00e9 sa batterie de cuisine au coeur de la <a href=\"https:\/\/actu.fr\/ile-de-france\/paris_75056\/restaurant-a-paris-le-diplomate-ce-bistrot-moderne-aux-allures-de-train-de-luxe-regale-la-plaine-monceau_62806049.html\" target=\"_blank\" rel=\"noopener\">plaine Monceau<\/a> o\u00f9 il officie chaque soir avec son acolyte Paul Saulnier. Une r\u00e9sidence estivale d\u00e9marr\u00e9e le 12 juin dans le 17e arrondissement de Paris et qui fait un carton puisque toutes les places sont prises d\u2019ici le baisser de rideau pr\u00e9vu le 18 juillet.\u00a0<\/p>\n<p>Un restaurant en projet dans le centre de Paris<\/p>\n<p class=\" wall-content\">L\u2019Ap\u00e9ro des JeanJean apr\u00e8s un <a href=\"https:\/\/actu.fr\/ile-de-france\/paris_75056\/une-cuisine-avec-des-restes-alimentaires-a-paris-ce-top-chef-ouvre-un-restaurant-original_61918787.html\" target=\"_blank\" rel=\"noopener\">restaurant\u00a0\u00e9ph\u00e9m\u00e8re \u00ab\u00a0antigaspi\u00a0\u00bb<\/a>, se veut un lieu o\u00f9 l\u2019on vient prendre l\u2019ap\u00e9ro \u00ab\u00a0comme \u00e0 la maison\u00a0\u00bb. La vague de chaleur \u00e0 peine pass\u00e9e, on s\u2019installe pour boire un verre en terrasse accompagn\u00e9 d\u2019une planche de charcuterie tr\u00e8s app\u00e9tissante o\u00f9 se c\u00f4toient brocolis r\u00f4tis, patatas bravas, radis beurre et caviar d\u2019aubergine\u2026Une belle entr\u00e9e en mati\u00e8re. Le chef passe entre les tables, discute\u2026<\/p>\n<p class=\" wall-content\">L\u2019ambiance est d\u00e9tendue en attendant le gong de 20h30, l\u2019heure de s\u2019installer dans le restaurant dans une ambiance tr\u00e8s conviviale. Les tomates farcies, \u00e0 la viande parfaitement cuite,\u00a0 nous rappellent celles de notre grand-m\u00e8re. Le riz bien mouill\u00e9 qui l\u2019accompagne est un d\u00e9lice. Suit une salade de fruits (melon, p\u00eache et fraises) accompagn\u00e9 d\u2019une panna cotta tr\u00e8s l\u00e9g\u00e8re et peu sucr\u00e9e ainsi qu\u2019un d\u00e9licieux feuillet\u00e9. Le tout pour 25 euros.\u00a0<\/p>\n<p class=\" wall-content\">Si tout est aujourd\u2019hui complet, dans quelques mois, Jean Covillault devrait accueillir ses convives dans son lieu \u00e0 lui. Les rep\u00e9rages sont en cours mais son restaurant devrait se situer dans le centre \u00e0 Paris avec toujours la volont\u00e9 d\u2019accueillir dans une ambiance conviviale et \u00e0 des prix corrects. Un souhait qui lui tient \u00e0 coeur et qu\u2019il avait d\u00e9j\u00e0 exp\u00e9riment\u00e9 avec un <a href=\"https:\/\/actu.fr\/ile-de-france\/paris_75056\/restaurant-a-paris-cet-ancien-de-top-chef-ouvre-un-bouillon-ephemere-un-menu-des-25-euros_60617543.html\" target=\"_blank\" rel=\"noopener\">bouillon \u00e9ph\u00e9m\u00e8re<\/a> et son menu \u00e0 25 euros \u00e9galement.\u00a0<\/p>\n<p class=\" wall-content\">Suivez toute l\u2019actualit\u00e9 de vos villes et m\u00e9dias favoris en vous inscrivant \u00e0 <a href=\"https:\/\/moncompte.actu.fr\" title=\"D\u00e9couvez Mon Actu\" rel=\"nofollow noopener\" data-trk=\"{&quot;cta&quot;:{&quot;action&quot;:&quot;https:\\\/\\\/moncompte.actu.fr&quot;,&quot;category&quot;:&quot;mon compte&quot;,&quot;from&quot;:&quot;article footer&quot;,&quot;name&quot;:&quot;Mon actu&quot;,&quot;type&quot;:&quot;cta&quot;}}\" target=\"_blank\">Mon Actu<\/a>.<\/p>\n","protected":false},"excerpt":{"rendered":"Par Thomas Martin Publi\u00e9 le 6 juil. 2025 \u00e0 12h28 Comme \u00e0 la maison. C\u2019est le dernier concept&hellip;\n","protected":false},"author":2,"featured_media":230316,"comment_status":"","ping_status":"","sticky":false,"template":"","format":"standard","meta":{"footnotes":""},"categories":[1888],"tags":[1111,1928,11,1927,1777,674,1011,27,1652,12,1926,626,1925,25,1340,492],"class_list":{"0":"post-230315","1":"post","2":"type-post","3":"status-publish","4":"format-standard","5":"has-post-thumbnail","7":"category-paris","8":"tag-actu","9":"tag-actu-paris","10":"tag-actualites","11":"tag-actualites-paris","12":"tag-eu","13":"tag-europe","14":"tag-fr","15":"tag-france","16":"tag-loisirs-culture","17":"tag-news","18":"tag-news-paris","19":"tag-paris","20":"tag-paris-news","21":"tag-republique-francaise","22":"tag-restaurant","23":"tag-top-chef"},"share_on_mastodon":{"url":"https:\/\/pubeurope.com\/@fr\/114806056807191197","error":""},"_links":{"self":[{"href":"https:\/\/www.europesays.com\/fr\/wp-json\/wp\/v2\/posts\/230315","targetHints":{"allow":["GET"]}}],"collection":[{"href":"https:\/\/www.europesays.com\/fr\/wp-json\/wp\/v2\/posts"}],"about":[{"href":"https:\/\/www.europesays.com\/fr\/wp-json\/wp\/v2\/types\/post"}],"author":[{"embeddable":true,"href":"https:\/\/www.europesays.com\/fr\/wp-json\/wp\/v2\/users\/2"}],"replies":[{"embeddable":true,"href":"https:\/\/www.europesays.com\/fr\/wp-json\/wp\/v2\/comments?post=230315"}],"version-history":[{"count":0,"href":"https:\/\/www.europesays.com\/fr\/wp-json\/wp\/v2\/posts\/230315\/revisions"}],"wp:featuredmedia":[{"embeddable":true,"href":"https:\/\/www.europesays.com\/fr\/wp-json\/wp\/v2\/media\/230316"}],"wp:attachment":[{"href":"https:\/\/www.europesays.com\/fr\/wp-json\/wp\/v2\/media?parent=230315"}],"wp:term":[{"taxonomy":"category","embeddable":true,"href":"https:\/\/www.europesays.com\/fr\/wp-json\/wp\/v2\/categories?post=230315"},{"taxonomy":"post_tag","embeddable":true,"href":"https:\/\/www.europesays.com\/fr\/wp-json\/wp\/v2\/tags?post=230315"}],"curies":[{"name":"wp","href":"https:\/\/api.w.org\/{rel}","templated":true}]}}