{"id":230317,"date":"2025-07-06T11:29:27","date_gmt":"2025-07-06T11:29:27","guid":{"rendered":"https:\/\/www.europesays.com\/fr\/230317\/"},"modified":"2025-07-06T11:29:27","modified_gmt":"2025-07-06T11:29:27","slug":"ce-que-revele-le-ciel-de-paris","status":"publish","type":"post","link":"https:\/\/www.europesays.com\/fr\/230317\/","title":{"rendered":"ce que r\u00e9v\u00e8le le ciel de Paris"},"content":{"rendered":"<p>Jean-Baptiste Renard, Directeur de Recherche au CNRS d\u2019Orl\u00e9ans, analyse les mesures du Ballon de Paris depuis plus de dix ans.\u00a0Il s\u2019occupe principalement de la mesure des particules fines sur la capitale, c\u2019est-\u00e0-dire tout ce qui est en suspension dans l\u2019air, y compris les pollens.<\/p>\n<p>Quelles sont les tendances observables sur ces derni\u00e8res ann\u00e9es\u00a0?<\/p>\n<p>Nous avons une baisse des concentrations des plus grosses particules, ce qu\u2019on va appeler souvent les PM10 ou les PM25. Il y a une vraie diminution qui vient d\u2019une am\u00e9lioration\u00a0des rejets, principalement li\u00e9s au trafic routier.<\/p>\n<p>Cependant, la communaut\u00e9 scientifique alerte sur les concentrations de particules ultra-fines, les plus dangereuses, puisque ce sont celles qui vont p\u00e9n\u00e9trer le plus profond\u00e9ment dans l\u2019organisme.\u00a0Or, les conclusions des mesures pr\u00e9lev\u00e9es devront attendre encore un certain nombre d\u2019ann\u00e9es, le temps de d\u00e9velopper une instrumentation pr\u00e9cise et de commencer \u00e0 observer les tendances.<\/p>\n<p>On observe \u00e9galement que plus il y a de vent, plus la pollution est basse, car le vent va disperser les particules. En conditions anticycloniques (ndlr, un temps ensoleill\u00e9 et sec), les concentrations sont nettement plus \u00e9lev\u00e9es, comme en ce moment.<\/p>\n<blockquote class=\"mx-m@xs mx-xxl@md color-ultramarine c-citation\">\n<p class=\"font-weight-regular@xs text-italic font-source-serif-pro text-l@xs c-citation__content\">\u00ab\u00a0En pic de pollution, ce qu&rsquo;il faut, c&rsquo;est limiter les activit\u00e9s physiques. \u00a0\u00bb<\/p>\n<\/blockquote>\n<p>Quels conseils appliquer lors de pics de pollution, notamment en p\u00e9riode de canicule\u00a0?<\/p>\n<p>Quand on a un gros pic de pollution, il faut limiter sa respiration.\u00a0C\u2019est \u00e9videmment une boutade de le dire comme \u00e7a, mais ce qu\u2019il faut, c\u2019est limiter les activit\u00e9s physiques. Ne faites pas de sport de mani\u00e8re intense\u00a0lorsqu\u2019il y a une situation anticyclonique.\u00a0Il ne faut pas aller courir le long des quais de <a href=\"https:\/\/www.20minutes.fr\/dossier\/seine\" class=\"color-ultramarine c-link\" target=\"_blank\" rel=\"noopener\">Seine<\/a> ou ailleurs, o\u00f9 l\u00e0, on a de forts taux de pollution, ou aller vers les stades le long du p\u00e9riph\u00e9rique parisien. Ce n\u2019est vraiment pas du tout recommand\u00e9. Il faut plut\u00f4t rester chez soi, tranquille.<\/p>\n<p>Pareil pour le pollen, parce que si vous faites une activit\u00e9 intense, vous allez respirer beaucoup plus, jusqu\u2019\u00e0 5 ou 10 fois plus fort\u00a0que si vous \u00eates au repos.\u00a0Et l\u00e0, vous allez donc ing\u00e9rer, avaler, aspirer beaucoup plus de pollens.<\/p>\n<p>Enfin, si vous \u00eates vraiment tr\u00e8s sensible, il faut mettre un masque pour la pollution.\u00a0Les masques FFP2, c\u2019est pas mal, notamment si vous prenez des transports en commun.\u00a0\u00c7a arr\u00eate bien tout ce qui va \u00eatre particules tr\u00e8s fines, donc aussi le pollen.<\/p>\n<p>Qui sont les \u00e9metteurs des particules fines\u00a0?<\/p>\n<p>En fonction de l\u2019endroit o\u00f9 vous vous situez, les plus gros \u00e9metteurs vont \u00eatre le trafic routier, dont le p\u00e9riph\u00e9rique, le chauffage au bois, qui \u00e9met \u00e9norm\u00e9ment de particules m\u00eame avec les techniques les plus r\u00e9centes, ou la pr\u00e9sence \u00e0 proximit\u00e9 d\u2019un incin\u00e9rateur.<\/p>\n<p>La pr\u00e9sence du plus grand incin\u00e9rateur d\u2019Europe, l\u2019incin\u00e9rateur d\u2019Ivry, aux abords de Paris, joue-t-elle un r\u00f4le dans la pollution de l\u2019air de la capitale\u00a0?<\/p>\n<p>C\u2019est un sujet sensible, parce qu\u2019il n\u2019y a pas vraiment de mesures en proximit\u00e9.\u00a0Il faudrait faire des campagnes, c\u2019est toujours envisag\u00e9, mais c\u2019est un sujet tr\u00e8s d\u00e9licat. Dans d\u2019autres endroits o\u00f9 des mesures ont \u00e9t\u00e9 faites, on sait que les incin\u00e9rateurs, m\u00eame s\u2019il y a un filtrage efficace, sont quand m\u00eame sources de gaz toxiques\u00a0ou de particules ultra-fines, \u00e7a se recombine, \u00e7a fait des a\u00e9rosols secondaires. Et l\u00e0, il n\u2019y a pas de normes l\u00e0-dessus, ni vraiment de suivi r\u00e9gulier.<\/p>\n<blockquote class=\"mx-m@xs mx-xxl@md color-ultramarine c-citation\">\n<p class=\"font-weight-regular@xs text-italic font-source-serif-pro text-l@xs c-citation__content\">\u00ab\u00a0Il y a des lobbyings qui vont dans l&rsquo;autre sens, qui essaient de continuer \u00e0 \u00e9mettre des particules fines.\u00a0\u00bb<\/p>\n<\/blockquote>\n<p>Quel impact avez-vous aupr\u00e8s des politiques publiques\u00a0?<\/p>\n<p>Aupr\u00e8s des pouvoirs politiques, c\u2019est un travail de longue haleine, parce que oui, on les rencontre, on pr\u00e9sente nos r\u00e9sultats, mais pour faire changer une loi, un texte, c\u2019est compliqu\u00e9.\u00a0Il y a aussi des lobbyings qui vont dans l\u2019autre sens, qui essaient de continuer \u00e0 \u00e9mettre des particules fines.<\/p>\n<p>Mais de toute fa\u00e7on, les choses avancent, puisque l\u2019Organisation Mondiale de la Sant\u00e9 a fix\u00e9 de nouvelles recommandations\u00a0et que les nouvelles normes europ\u00e9ennes qui sont appliqu\u00e9es dans les 10 ans qui viennent\u00a0sont beaucoup plus restrictives et suivent le travail de tous les scientifiques, de toutes les \u00e9quipes impliqu\u00e9es dans la mesure de la qualit\u00e9 de l\u2019air.<\/p>\n<p>En ce qui me concerne, j\u2019ai publi\u00e9, il y a quelques ann\u00e9es, une \u00e9tude qui montrait le lien direct\u00a0entre pic de pollution aux particules fines et mortalit\u00e9 due au <a href=\"https:\/\/www.20minutes.fr\/societe\/covid-19\/\" class=\"color-ultramarine c-link\" target=\"_blank\" rel=\"noopener\">Covid-19<\/a>.\u00a0Quand vous \u00eates en situation de forte pollution, vous avez une inflammation des voies respiratoires, et donc vous avez une plus grande sensibilit\u00e9 \u00e0 un certain nombre de virus et de bact\u00e9ries. Donc la pollution est vraiment un facteur aggravant et peut enclencher un certain nombre de pathologies, dont certaines sont vraiment dramatiques.<\/p>\n","protected":false},"excerpt":{"rendered":"Jean-Baptiste Renard, Directeur de Recherche au CNRS d\u2019Orl\u00e9ans, analyse les mesures du Ballon de Paris depuis plus de&hellip;\n","protected":false},"author":2,"featured_media":230318,"comment_status":"","ping_status":"","sticky":false,"template":"","format":"standard","meta":{"footnotes":""},"categories":[1888],"tags":[1111,1928,11,1927,1777,674,1011,27,662,21665,12,1926,626,1925,52,1800,25],"class_list":{"0":"post-230317","1":"post","2":"type-post","3":"status-publish","4":"format-standard","5":"has-post-thumbnail","7":"category-paris","8":"tag-actu","9":"tag-actu-paris","10":"tag-actualites","11":"tag-actualites-paris","12":"tag-eu","13":"tag-europe","14":"tag-fr","15":"tag-france","16":"tag-ile-de-france","17":"tag-ivry","18":"tag-news","19":"tag-news-paris","20":"tag-paris","21":"tag-paris-news","22":"tag-planete","23":"tag-pollution","24":"tag-republique-francaise"},"share_on_mastodon":{"url":"https:\/\/pubeurope.com\/@fr\/114806060723406261","error":""},"_links":{"self":[{"href":"https:\/\/www.europesays.com\/fr\/wp-json\/wp\/v2\/posts\/230317","targetHints":{"allow":["GET"]}}],"collection":[{"href":"https:\/\/www.europesays.com\/fr\/wp-json\/wp\/v2\/posts"}],"about":[{"href":"https:\/\/www.europesays.com\/fr\/wp-json\/wp\/v2\/types\/post"}],"author":[{"embeddable":true,"href":"https:\/\/www.europesays.com\/fr\/wp-json\/wp\/v2\/users\/2"}],"replies":[{"embeddable":true,"href":"https:\/\/www.europesays.com\/fr\/wp-json\/wp\/v2\/comments?post=230317"}],"version-history":[{"count":0,"href":"https:\/\/www.europesays.com\/fr\/wp-json\/wp\/v2\/posts\/230317\/revisions"}],"wp:featuredmedia":[{"embeddable":true,"href":"https:\/\/www.europesays.com\/fr\/wp-json\/wp\/v2\/media\/230318"}],"wp:attachment":[{"href":"https:\/\/www.europesays.com\/fr\/wp-json\/wp\/v2\/media?parent=230317"}],"wp:term":[{"taxonomy":"category","embeddable":true,"href":"https:\/\/www.europesays.com\/fr\/wp-json\/wp\/v2\/categories?post=230317"},{"taxonomy":"post_tag","embeddable":true,"href":"https:\/\/www.europesays.com\/fr\/wp-json\/wp\/v2\/tags?post=230317"}],"curies":[{"name":"wp","href":"https:\/\/api.w.org\/{rel}","templated":true}]}}