{"id":230327,"date":"2025-07-06T11:34:11","date_gmt":"2025-07-06T11:34:11","guid":{"rendered":"https:\/\/www.europesays.com\/fr\/230327\/"},"modified":"2025-07-06T11:34:11","modified_gmt":"2025-07-06T11:34:11","slug":"les-brics-denoncent-la-ligne-trump","status":"publish","type":"post","link":"https:\/\/www.europesays.com\/fr\/230327\/","title":{"rendered":"les Brics d\u00e9noncent la ligne Trump"},"content":{"rendered":"<p>Le sommet des Brics s&rsquo;ouvre ce dimanche \u00e0 Rio de Janeiro dans un climat commercial tendu. Le groupe \u00e9largi \u00e0 11 pays, sous l&rsquo;impulsion du pr\u00e9sident br\u00e9silien Lula, entend d\u00e9noncer dans sa d\u00e9claration finale les droits de douane \u00ab unilat\u00e9raux \u00bb mis en place r\u00e9cemment par les \u00c9tats-Unis. Selon le projet de texte consult\u00e9 par l&rsquo;AFP, les Brics exprimeront leurs \u00ab graves pr\u00e9occupations face \u00e0 l&rsquo;augmentation des mesures douani\u00e8res et non-douani\u00e8res unilat\u00e9rales qui faussent le commerce \u00bb et enfreignent les r\u00e8gles de l&rsquo;OMC.<\/p>\n<p>Sans jamais citer Donald Trump, le message vise clairement la politique commerciale de Washington, relanc\u00e9e depuis son retour \u00e0 la Maison Blanche. \u00ab De telles mesures menacent de r\u00e9duire davantage le commerce mondial \u00bb et risquent d&rsquo;\u00ab affecter les perspectives de d\u00e9veloppement \u00e9conomique dans le monde \u00bb, avertit le texte.<\/p>\n<p>R\u00e9actions en cha\u00eene \u00e0 Tokyo et \u00e0 Paris<\/p>\n<p>Le Japon est lui aussi dans le viseur de la Maison Blanche. Le Premier ministre Shigeru Ishiba a d\u00e9clar\u00e9 dimanche qu&rsquo;il ne \u00ab transigerait pas facilement \u00bb dans les n\u00e9gociations avec les \u00c9tats-Unis. Il conteste les hausses de droits de douane d\u00e9cid\u00e9es unilat\u00e9ralement, que Trump menace d&rsquo;appliquer d\u00e8s mercredi. \u00ab Pourquoi ce serait injuste ? En quoi est-ce injuste ? Nous sommes diff\u00e9rents \u00bb, a-t-il insist\u00e9, rappelant que le Japon est le premier investisseur \u00e9tranger aux \u00c9tats-Unis.<\/p>\n<p>En France, le ministre de l&rsquo;\u00c9conomie \u00c9ric Lombard a estim\u00e9 que l&rsquo;Union europ\u00e9enne devait se pr\u00e9parer \u00e0 r\u00e9pondre avec \u00ab plus de vigueur \u00bb en cas d&rsquo;\u00e9chec des discussions ce week-end \u00e0 Washington. \u00ab Les \u00c9tats-Unis jouent au ca\u00efd, ce n&rsquo;est pas acceptable \u00bb, a-t-il lanc\u00e9 samedi lors des Rencontres d&rsquo;Aix.<\/p>\n<p>Le pr\u00e9sident du Medef Patrick Martin a lui aussi r\u00e9agi \u00e0 cette nouvelle escalade. \u00ab La partie n&rsquo;est pas finie et ne se finira pas le 9 juillet \u00bb, a-t-il jug\u00e9, appelant \u00e0 ne pas se laisser \u00ab mener \u00e0 l&rsquo;abattoir \u00bb. Tout en minimisant la port\u00e9e d&rsquo;une \u00e9ventuelle ann\u00e9e blanche sur les d\u00e9penses publiques fran\u00e7aises, il s&rsquo;est dit \u00ab beaucoup plus inquiet des relations commerciales avec la Chine \u00bb, pointant l&rsquo;afflux de produits chimiques et sid\u00e9rurgiques sur le march\u00e9 europ\u00e9en.<\/p>\n","protected":false},"excerpt":{"rendered":"Le sommet des Brics s&rsquo;ouvre ce dimanche \u00e0 Rio de Janeiro dans un climat commercial tendu. Le groupe&hellip;\n","protected":false},"author":2,"featured_media":230328,"comment_status":"","ping_status":"","sticky":false,"template":"","format":"standard","meta":{"footnotes":""},"categories":[1589],"tags":[17,11,9322,15785,981,2483,33,73,1866,151,3052,12,467,1864,1865,1863,308],"class_list":{"0":"post-230327","1":"post","2":"type-post","3":"status-publish","4":"format-standard","5":"has-post-thumbnail","7":"category-etats-unis","8":"tag-17","9":"tag-actualites","10":"tag-brics","11":"tag-denoncent","12":"tag-douane","13":"tag-droits","14":"tag-economie","15":"tag-etats-unis","16":"tag-etats-unis-damerique","17":"tag-les","18":"tag-ligne","19":"tag-news","20":"tag-trump","21":"tag-united-states","22":"tag-united-states-of-america","23":"tag-us","24":"tag-usa"},"share_on_mastodon":{"url":"https:\/\/pubeurope.com\/@fr\/114806080448911891","error":""},"_links":{"self":[{"href":"https:\/\/www.europesays.com\/fr\/wp-json\/wp\/v2\/posts\/230327","targetHints":{"allow":["GET"]}}],"collection":[{"href":"https:\/\/www.europesays.com\/fr\/wp-json\/wp\/v2\/posts"}],"about":[{"href":"https:\/\/www.europesays.com\/fr\/wp-json\/wp\/v2\/types\/post"}],"author":[{"embeddable":true,"href":"https:\/\/www.europesays.com\/fr\/wp-json\/wp\/v2\/users\/2"}],"replies":[{"embeddable":true,"href":"https:\/\/www.europesays.com\/fr\/wp-json\/wp\/v2\/comments?post=230327"}],"version-history":[{"count":0,"href":"https:\/\/www.europesays.com\/fr\/wp-json\/wp\/v2\/posts\/230327\/revisions"}],"wp:featuredmedia":[{"embeddable":true,"href":"https:\/\/www.europesays.com\/fr\/wp-json\/wp\/v2\/media\/230328"}],"wp:attachment":[{"href":"https:\/\/www.europesays.com\/fr\/wp-json\/wp\/v2\/media?parent=230327"}],"wp:term":[{"taxonomy":"category","embeddable":true,"href":"https:\/\/www.europesays.com\/fr\/wp-json\/wp\/v2\/categories?post=230327"},{"taxonomy":"post_tag","embeddable":true,"href":"https:\/\/www.europesays.com\/fr\/wp-json\/wp\/v2\/tags?post=230327"}],"curies":[{"name":"wp","href":"https:\/\/api.w.org\/{rel}","templated":true}]}}