{"id":230338,"date":"2025-07-06T11:40:10","date_gmt":"2025-07-06T11:40:10","guid":{"rendered":"https:\/\/www.europesays.com\/fr\/230338\/"},"modified":"2025-07-06T11:40:10","modified_gmt":"2025-07-06T11:40:10","slug":"notre-societe-est-malade-la-soeur-de-cristiano-ronaldo-defend-son-absence-aux-funerailles","status":"publish","type":"post","link":"https:\/\/www.europesays.com\/fr\/230338\/","title":{"rendered":"\u00ab\u00a0Notre soci\u00e9t\u00e9 est malade\u00a0\u00bb, la s\u0153ur de Cristiano Ronaldo d\u00e9fend son absence aux fun\u00e9railles"},"content":{"rendered":"<p>C\u2019est une absence qui n\u2019est <a href=\"https:\/\/rmcsport.bfmtv.com\/football\/premier-league\/funerailles-de-diogo-jota-l-absence-tres-remarquee-de-cristiano-ronaldo-capitaine-de-la-selection-portugaise_AV-202507050273.html\" target=\"_blank\" class=\"color-ultramarine c-link\" rel=\"nofollow noopener\">pas pass\u00e9e inaper\u00e7ue<\/a> au Portugal. Alors que tout le football portugais \u00e9tait pr\u00e9sent samedi \u00e0 Gondomar pour <a href=\"https:\/\/www.20minutes.fr\/diaporama\/diaporama-4162146-mort-diogo-jota-bernardo-silva-roberto-martinez-monde-football-obseques-joueur\" class=\"color-ultramarine c-link\" rel=\"nofollow noopener\" target=\"_blank\">assister aux fun\u00e9railles<\/a> de Diogo Jota et de son fr\u00e8re Andr\u00e9, d\u00e9c\u00e9d\u00e9s plus t\u00f4t dans la semaine apr\u00e8s un accident de la route, manquait \u00e0 l\u2019appel Cristiano Ronaldo, pourtant capitaine de la Sele\u00e7ao et pr\u00e9sentement en vacances apr\u00e8s la fin du championnat saoudien.<\/p>\n<p>Devant les critiques de plus en plus nombreuses, son entourage a fait passer le message que la plus grande star portugaise de l\u2019histoire n\u2019entendait pas <a href=\"https:\/\/trivela.fr\/2025\/07\/06\/cristiano-ronaldo-critique-soeur\/\" target=\"_blank\" class=\"color-ultramarine c-link\" rel=\"nofollow noopener\">tirer la couverture \u00e0 lui<\/a>, en signe de respect pour la m\u00e9moire de son co\u00e9quipier. Une explication bancale qui a conduit Katia Aveiro \u00e0 d\u00e9fendre son fr\u00e8re dans une vid\u00e9o publi\u00e9e sur les r\u00e9seaux sociaux.<\/p>\n<\/p>\n<p>\u00ab\u00a0\u00c0 ceux qui critiquent l\u2019absence de mon fr\u00e8re ou doutent de son soutien, je ne discuterai pas, poursuit-elle. Ras-le-bol des jugements gratuits et de l\u2019extr\u00e9misme aveugle. Notre soci\u00e9t\u00e9 est malade\u2026 sans empathie, sans conscience.\u00a0\u00bb Katia Aveiro a ensuite fait r\u00e9f\u00e9rence <a href=\"https:\/\/www.eurosport.fr\/football\/en-larmes-cristiano-ronaldo-evoque-le-deces-de-son-pere-il-ne-me-voit-pas-etre-numero-1_sto7463250\/story.shtml\" target=\"_blank\" class=\"color-ultramarine c-link\" rel=\"nofollow noopener\">\u00e0 l\u2019enterrement de son p\u00e8re<\/a>, 20 ans plus t\u00f4t, qui avait tourn\u00e9 \u00e0 la foire d\u2019empoigne et traumatis\u00e9 durablement CR7, lequel refuserait d\u00e9sormais de \u00ab\u00a0voler\u00a0\u00bb l\u2019attention des m\u00e9dias dans des circonstances aussi douloureuses.<\/p>\n<p>\u00ab\u00a0Quand notre p\u00e8re est mort, la douleur n\u2019\u00e9tait pas seulement dans la perte, mais dans le d\u00e9ferlement des cam\u00e9ras et des curieux, jusque dans le cimeti\u00e8re. C\u2019\u00e9tait une destruction indescriptible\u2026 des tombes saccag\u00e9es, des murs escalad\u00e9s sans aucun respect. Nous n\u2019avons m\u00eame pas pu partir dignement \u00e0 cause du chaos.\u00a0\u00bb<\/p>\n<p>\u00ab\u00a0Ce qui me blesse, c\u2019est de voir les m\u00e9dias et les r\u00e9seaux parler d\u2019absence au lieu de respecter une famille bris\u00e9e qui a perdu deux de ses fils, a-t-elle enfin poursuivi. J\u2019ai honte de cette r\u00e9alit\u00e9. Voil\u00e0 le monde aujourd\u2019hui\u00a0: des opinions sans valeur, des gens sans c\u0153ur.\u00a0\u00bb<\/p>\n","protected":false},"excerpt":{"rendered":"C\u2019est une absence qui n\u2019est pas pass\u00e9e inaper\u00e7ue au Portugal. Alors que tout le football portugais \u00e9tait pr\u00e9sent&hellip;\n","protected":false},"author":2,"featured_media":230339,"comment_status":"","ping_status":"","sticky":false,"template":"","format":"standard","meta":{"footnotes":""},"categories":[2],"tags":[11,13282,3348,15085,63,1011,27,12,6996,25,517],"class_list":{"0":"post-230338","1":"post","2":"type-post","3":"status-publish","4":"format-standard","5":"has-post-thumbnail","7":"category-actualites","8":"tag-actualites","9":"tag-cristiano-ronaldo","10":"tag-drame","11":"tag-enterrement","12":"tag-football","13":"tag-fr","14":"tag-france","15":"tag-news","16":"tag-portugal","17":"tag-republique-francaise","18":"tag-sport"},"share_on_mastodon":{"url":"https:\/\/pubeurope.com\/@fr\/114806103933308418","error":""},"_links":{"self":[{"href":"https:\/\/www.europesays.com\/fr\/wp-json\/wp\/v2\/posts\/230338","targetHints":{"allow":["GET"]}}],"collection":[{"href":"https:\/\/www.europesays.com\/fr\/wp-json\/wp\/v2\/posts"}],"about":[{"href":"https:\/\/www.europesays.com\/fr\/wp-json\/wp\/v2\/types\/post"}],"author":[{"embeddable":true,"href":"https:\/\/www.europesays.com\/fr\/wp-json\/wp\/v2\/users\/2"}],"replies":[{"embeddable":true,"href":"https:\/\/www.europesays.com\/fr\/wp-json\/wp\/v2\/comments?post=230338"}],"version-history":[{"count":0,"href":"https:\/\/www.europesays.com\/fr\/wp-json\/wp\/v2\/posts\/230338\/revisions"}],"wp:featuredmedia":[{"embeddable":true,"href":"https:\/\/www.europesays.com\/fr\/wp-json\/wp\/v2\/media\/230339"}],"wp:attachment":[{"href":"https:\/\/www.europesays.com\/fr\/wp-json\/wp\/v2\/media?parent=230338"}],"wp:term":[{"taxonomy":"category","embeddable":true,"href":"https:\/\/www.europesays.com\/fr\/wp-json\/wp\/v2\/categories?post=230338"},{"taxonomy":"post_tag","embeddable":true,"href":"https:\/\/www.europesays.com\/fr\/wp-json\/wp\/v2\/tags?post=230338"}],"curies":[{"name":"wp","href":"https:\/\/api.w.org\/{rel}","templated":true}]}}